{"id":39550,"date":"2022-05-07T03:30:03","date_gmt":"2022-05-07T03:30:03","guid":{"rendered":"http:\/\/cordobainforma.info\/index.php\/2022\/05\/07\/activan-el-codigo-rojo-en-cancun-luego-de-varios-tiroteos-que-dejaron-al-menos-2-muertos-y-varios-heridos\/"},"modified":"2022-05-07T03:30:03","modified_gmt":"2022-05-07T03:30:03","slug":"activan-el-codigo-rojo-en-cancun-luego-de-varios-tiroteos-que-dejaron-al-menos-2-muertos-y-varios-heridos","status":"publish","type":"post","link":"http:\/\/cordobainforma.info\/index.php\/2022\/05\/07\/activan-el-codigo-rojo-en-cancun-luego-de-varios-tiroteos-que-dejaron-al-menos-2-muertos-y-varios-heridos\/","title":{"rendered":"Activan el c\u00f3digo rojo en Canc\u00fan, luego de varios tiroteos que dejaron al menos 2 muertos y varios heridos"},"content":{"rendered":"<p><img src=\"http:\/\/cordobainforma.info\/wp-content\/uploads\/2022\/05\/activan-el-codigo-rojo-en-cancun-luego-de-varios-tiroteos-que-dejaron-al-menos-2-muertos-y-varios-heridos.jpg\"><\/p>\n<div><img src=\"http:\/\/cordobainforma.info\/wp-content\/uploads\/2022\/05\/activan-el-codigo-rojo-en-cancun-luego-de-varios-tiroteos-que-dejaron-al-menos-2-muertos-y-varios-heridos-2.jpg\" class=\"ff-og-image-inserted\"><\/div>\n<div readability=\"32\">\n<p><span>Publicado:<\/span><time class=\"Timestamp-root Timestamp-isBlackColor \" datetime=\"2022-05-07T03:30:03+00:00\"> 7 may 2022 03:30 GMT <\/time><\/p>\n<\/div>\n<div readability=\"32\">\n<p> Los hechos ocurrieron simult\u00e1neamente en dos bares sobre la misma avenida. <\/p>\n<\/div>\n<div readability=\"45.95363540569\">\n<p>Varios tiroteos se registraron este viernes de manera simult\u00e1nea en la zona de bares de la ciudad mexicana de Canc\u00fan, por lo que autoridades activaron el c\u00f3digo rojo.<\/p>\n<p>Seg\u00fan los \u00faltimos reportes, los hechos ocurrieron en dos bares sobre la avenida Kabah, y hasta el momento se informa de al menos 2 personas fallecidas y varios heridos.<\/p>\n<p>En uno de los locales afectados, los testigos indicaron a las autoridades que sicarios a bordo de un auto abrieron fuego contra dos sujetos, uno de ellos guardia de seguridad, quien perdi\u00f3 la vida en el lugar.<\/p>\n<p>Las autoridades <a href=\"https:\/\/twitter.com\/FGEQuintanaRoo\/status\/1522777410453790720?ref_src=twsrc%5Etfw%7Ctwcamp%5Etweetembed%7Ctwterm%5E1522777410453790720%7Ctwgr%5E%7Ctwcon%5Es1_&amp;ref_url=https%3A%2F%2Fwww.milenio.com%2Festados%2Freportan-ataques-bares-cancun-quintana-roo\" target=\"_blank\" rel=\"nofollow noopener noreferrer\">se\u00f1alaron<\/a>&nbsp;que una persona fue detenida por su probable participaci\u00f3n y han puesto en marcha un fuerte operativo en la zona para localizar a los otros responsables.<\/p>\n<p><strong><em>&nbsp;<\/em><\/strong><\/p>\n<\/div>\n","protected":false},"excerpt":{"rendered":"<p>Publicado: 7 may 2022 03:30 GMT Los hechos ocurrieron simult\u00e1neamente en dos bares sobre la misma avenida. Varios tiroteos se registraron este viernes de manera simult\u00e1nea en la zona de bares de la ciudad mexicana de Canc\u00fan, por lo que autoridades activaron el c\u00f3digo rojo. Seg\u00fan los \u00faltimos reportes, los hechos ocurrieron en dos bares [&hellip;]<\/p>\n","protected":false},"author":1,"featured_media":39551,"comment_status":"closed","ping_status":"closed","sticky":false,"template":"","format":"standard","meta":[],"categories":[22],"tags":[],"_links":{"self":[{"href":"http:\/\/cordobainforma.info\/index.php\/wp-json\/wp\/v2\/posts\/39550"}],"collection":[{"href":"http:\/\/cordobainforma.info\/index.php\/wp-json\/wp\/v2\/posts"}],"about":[{"href":"http:\/\/cordobainforma.info\/index.php\/wp-json\/wp\/v2\/types\/post"}],"author":[{"embeddable":true,"href":"http:\/\/cordobainforma.info\/index.php\/wp-json\/wp\/v2\/users\/1"}],"replies":[{"embeddable":true,"href":"http:\/\/cordobainforma.info\/index.php\/wp-json\/wp\/v2\/comments?post=39550"}],"version-history":[{"count":0,"href":"http:\/\/cordobainforma.info\/index.php\/wp-json\/wp\/v2\/posts\/39550\/revisions"}],"wp:featuredmedia":[{"embeddable":true,"href":"http:\/\/cordobainforma.info\/index.php\/wp-json\/wp\/v2\/media\/39551"}],"wp:attachment":[{"href":"http:\/\/cordobainforma.info\/index.php\/wp-json\/wp\/v2\/media?parent=39550"}],"wp:term":[{"taxonomy":"category","embeddable":true,"href":"http:\/\/cordobainforma.info\/index.php\/wp-json\/wp\/v2\/categories?post=39550"},{"taxonomy":"post_tag","embeddable":true,"href":"http:\/\/cordobainforma.info\/index.php\/wp-json\/wp\/v2\/tags?post=39550"}],"curies":[{"name":"wp","href":"https:\/\/api.w.org\/{rel}","templated":true}]}}