{"id":39481,"date":"2022-05-06T21:02:00","date_gmt":"2022-05-06T21:02:00","guid":{"rendered":"https:\/\/somoscordobeses.com\/2022\/05\/06\/la-vela-puerca-lanzo-su-nuevo-album-y-un-video-junto-a-andrea-echeverri\/"},"modified":"2022-05-06T21:02:00","modified_gmt":"2022-05-06T21:02:00","slug":"la-vela-puerca-lanzo-su-nuevo-album-y-un-video-junto-a-andrea-echeverri","status":"publish","type":"post","link":"http:\/\/cordobainforma.info\/index.php\/2022\/05\/06\/la-vela-puerca-lanzo-su-nuevo-album-y-un-video-junto-a-andrea-echeverri\/","title":{"rendered":"La Vela Puerca lanz\u00f3 su nuevo \u00e1lbum y un video junto a Andrea Echeverri"},"content":{"rendered":"<div>\n<p>La Vela Puerca es una de las bandas de rock m\u00e1s populares del R\u00edo de la Plata, con un poder de convocatoria masivo en Argentina y Uruguay. <strong>Hace cuatro a\u00f1os que no sacaban un \u00e1lbum nuevo<\/strong> propiamente dicho, m\u00e1s all\u00e1 de algunas canciones aisladas, colaboraciones o incluso anticipos de este trabajo, llamado <em>Discop\u00e1tico<\/em>.<\/p>\n<p>Seg\u00fan contaron los m\u00fasicos, la palabra del t\u00edtulo se refiere a \u201cAquel que ostenta la enfermedad de los discos. \u00c9sta afecta al disco intermusical que se encuentra formado por una sustancia vin\u00edlica llamada LP. Est\u00e1 alojada entre cada surco y su funci\u00f3n es proporcionar felicidad a los o\u00eddos\u201d.<\/p>\n<div>\n<div> <picture><source media=\"(min-width: 720px)\"><\/picture><figcaption>\n<p>La Vela Puerca y la tapa de \u201cDiscop\u00e1tico\u201d <\/p>\n<\/figcaption><\/div>\n<\/div>\n<p><em>Discop\u00e1tico <\/em>es un disco de rock que refleja el estilo y personalidad de esta banda que ya lleva m\u00e1s de 25 a\u00f1os de carrera. El primer corte fue <em>La pastilla<\/em>, con la participaci\u00f3n invitada de Arquero, un importante rapero de la escena de la m\u00fasica urbana uruguaya. La canci\u00f3n mostraba toda la energ\u00eda y fuerza tan distintiva de La Vela.<\/p>\n<p> De acuerdo al grupo, esa canci\u00f3n era&nbsp;\u201cun rock bailable que cuestiona la postura, el ego y la superficialidad del tiempo que vivimos, todo esto dicho en el marco de la iron\u00eda\u201d.<\/p>\n<div>\n<div> <picture><source media=\"(min-width: 720px)\"><\/picture><figcaption>\n<p>La Vela Puerca <\/p>\n<\/figcaption><\/div>\n<\/div>\n<p>Despu\u00e9s lleg\u00f3<em> Jugando con fuego<\/em>, en abril, otro temazo poderoso y rockero que hac\u00eda crecer la expectativa por escuchar el \u00e1lbum completo.<\/p>\n<h2>El nuevo corte<\/h2>\n<p><em>Tormenta<\/em> sali\u00f3 ayer y fue el tercer y \u00faltimo adelanto de <em>Discop\u00e1tico<\/em>, previo a su lanzamiento. <strong>Aparece como invitada la talentosa colombiana Andrea Echeverri<\/strong>, del grupo Aterciopelados, que le da al tema una fuerza femenina ideal para que la canci\u00f3n se convierta en un golpe contundente.<\/p>\n<p> <em>Tormenta <\/em>exhibe todo el car\u00e1cter rockero de la banda, y la combinaci\u00f3n de voces se resignifica en cada palabra, tal como se aprecia tambi\u00e9n en el flamante video dirigido por Octavio Lovisolo.<\/p>\n<div>\n<div> <picture><source media=\"(min-width: 720px)\"><\/picture><figcaption>\n<p>\u201cTormenta\u201d fue el tercer corte de anticipo de \u201cDiscop\u00e1tico\u201d, de La Vela Puerca. <\/p>\n<\/figcaption><\/div>\n<\/div>\n<h2>Un disco variado<\/h2>\n<p>A lo largo de sus doce canciones, <em>Discop\u00e1tico <\/em>refleja la amplitud musical que caracteriza a La Vela Puerca, con un trabajo preciso sobre la din\u00e1mica de los temas, sean tranquilos o fuertes.<\/p>\n<p>As\u00ed, sobresale un futuro cl\u00e1sico llamado <em>En tu suela<\/em>, que se distingue por su ritmo lento, atrapante y envolvente. Otros hits en potencia son<em> Si fuera por m\u00ed <\/em>y <em>El para\u00edso<\/em>, que en vivo seguramente se van a convertir en favoritos del p\u00fablico.<\/p>\n<p>A cuatro a\u00f1os de <em>Destilar<\/em>, La Vela Puerca ratifica en <em>Discop\u00e1tico <\/em>todas las cualidades que los llevaron a cima, posibilitando grandes giras por Uruguay, Argentina y Espa\u00f1a. De hecho, actualmente est\u00e1n por iniciar una serie de shows en Europa.<\/p>\n<div>\n<div> <picture><source media=\"(min-width: 720px)\"><\/picture><figcaption>\n<p>La Vela Puerca 2022. <\/p>\n<\/figcaption><\/div>\n<\/div>\n<h2>Ficha t\u00e9cnica del disco<\/h2>\n<p>El proceso creativo se desarroll\u00f3 entre agosto 2021 y febrero 2022. La grabaci\u00f3n fue realizada por Alejandro V\u00e1zquez en Estudio Mi Semilla, Montevideo, y las voces en chacra San Benito, Colonia del Sacramento.<\/p>\n<p>El \u00e1lbum fue mezclado por Alejandro V\u00e1zquez en el Estudio Van Vliet, Buenos Aires. El mastering fue realizado por Greg Calbi y Steve Fallone en Sterling Sound, New Jersey, Estados Unidos. La producci\u00f3n art\u00edstica corri\u00f3 por cuenta de Alejandro V\u00e1zquez y La Vela Puerca.<\/p>\n<p>Adem\u00e1s de Andrea Echeverri en el actual single <em>Tormenta <\/em>y Diego Arquero en el previamente lanzado <em>La Pastilla<\/em>, el \u00e1lbum cuenta con invitados especiales como Tito Fuentes (Molotov) quien suma su guitarra en<em> El Para\u00edso<\/em>, Mauricio Ortiz (No Te Va Gustar) con la magia de su saxo bar\u00edtono en varias canciones, Luc\u00eda Vecino en coros, Patricio Villarejo en Cello y Mart\u00edn Mor\u00f3n en tromb\u00f3n.<\/p>\n<h2>Una gira con Luna Park en octubre<\/h2>\n<p><em>Discop\u00e1tico <\/em>ser\u00e1 presentado en el marco de una extensa gira internacional que recorrer\u00e1 varios pa\u00edses, comenzando por 10 shows ya anunciados en Espa\u00f1a. Confirmados tambi\u00e9n el 6 de octubre en el Estadio Luna Park de Buenos Aires y el 19 de noviembre en el Vel\u00f3dromo Municipal de Montevideo.<\/p>\n<ul>\n<li>12 Mayo, Es Gremi, Mallorca<\/li>\n<li>13 Mayo, Razzmatazz 1, Barcelona<\/li>\n<li>15 Mayo, La Repvblicca, Valencia<\/li>\n<li>17 Mayo, Oasis Club Teatro, Zaragoza<\/li>\n<li>19 Mayo, La Trinchera, M\u00e1laga<\/li>\n<li>20 Mayo, Sala El Tren, Granada<\/li>\n<li>22 Mayo, Garage Beat Club, Murcia<\/li>\n<li>25 Mayo, Sala But, Madrid<\/li>\n<li>27 Mayo, Santana <\/li>\n<li>27, Bilbao<\/li>\n<li>28 Mayo, Sala Totem, Pamplona<\/li>\n<li>17 Junio, Club Estudiantes, Bah\u00eda Blanca<\/li>\n<li>18 Junio, GAP, Mar del Plata<\/li>\n<li>20 Junio, Teatro Par\u00eds, Necochea<\/li>\n<li>22 Junio, Teatro Municipal, Olavarr\u00eda<\/li>\n<li>24 Junio, Atenas, La Plata<\/li>\n<li>25 Junio, Uni\u00f3n y Progreso, Tandil<\/li>\n<li>6 Octubre, Luna Park, Buenos Aires<\/li>\n<li>19 Noviembre, Vel\u00f3dromo Municipal, Montevideo<\/li>\n<\/ul>\n<div>\n<h2>TEMAS QUE APARECEN EN ESTA NOTA<\/h2>\n<\/div>\n<\/div>\n<nav class=\"navigation post-navigation\" role=\"navigation\" aria-label=\"Continue Reading\">\n<h2 class=\"screen-reader-text\">Continue Reading<\/h2>\n<\/nav>\n","protected":false},"excerpt":{"rendered":"<p>La Vela Puerca es una de las bandas de rock m\u00e1s populares del R\u00edo de la Plata, con un poder de convocatoria masivo en Argentina y Uruguay. Hace cuatro a\u00f1os que no sacaban un \u00e1lbum nuevo propiamente dicho, m\u00e1s all\u00e1 de algunas canciones aisladas, colaboraciones o incluso anticipos de este trabajo, llamado Discop\u00e1tico. Seg\u00fan contaron [&hellip;]<\/p>\n","protected":false},"author":1,"featured_media":39482,"comment_status":"closed","ping_status":"closed","sticky":false,"template":"","format":"standard","meta":[],"categories":[2],"tags":[],"_links":{"self":[{"href":"http:\/\/cordobainforma.info\/index.php\/wp-json\/wp\/v2\/posts\/39481"}],"collection":[{"href":"http:\/\/cordobainforma.info\/index.php\/wp-json\/wp\/v2\/posts"}],"about":[{"href":"http:\/\/cordobainforma.info\/index.php\/wp-json\/wp\/v2\/types\/post"}],"author":[{"embeddable":true,"href":"http:\/\/cordobainforma.info\/index.php\/wp-json\/wp\/v2\/users\/1"}],"replies":[{"embeddable":true,"href":"http:\/\/cordobainforma.info\/index.php\/wp-json\/wp\/v2\/comments?post=39481"}],"version-history":[{"count":0,"href":"http:\/\/cordobainforma.info\/index.php\/wp-json\/wp\/v2\/posts\/39481\/revisions"}],"wp:featuredmedia":[{"embeddable":true,"href":"http:\/\/cordobainforma.info\/index.php\/wp-json\/wp\/v2\/media\/39482"}],"wp:attachment":[{"href":"http:\/\/cordobainforma.info\/index.php\/wp-json\/wp\/v2\/media?parent=39481"}],"wp:term":[{"taxonomy":"category","embeddable":true,"href":"http:\/\/cordobainforma.info\/index.php\/wp-json\/wp\/v2\/categories?post=39481"},{"taxonomy":"post_tag","embeddable":true,"href":"http:\/\/cordobainforma.info\/index.php\/wp-json\/wp\/v2\/tags?post=39481"}],"curies":[{"name":"wp","href":"https:\/\/api.w.org\/{rel}","templated":true}]}}