{"id":392,"date":"2020-08-27T17:29:58","date_gmt":"2020-08-27T17:29:58","guid":{"rendered":"https:\/\/www.modapunta.com\/noticia\/6178\/moda\/coronavirus:-las-tiendas-de-ropa-podrian-no-volver-a-ser-las-de-antes-tras-la-epidemia.html"},"modified":"2020-08-27T17:29:58","modified_gmt":"2020-08-27T17:29:58","slug":"coronavirus-las-tiendas-de-ropa-podrian-no-volver-a-ser-las-de-antes-tras-la-epidemia","status":"publish","type":"post","link":"http:\/\/cordobainforma.info\/index.php\/2020\/08\/27\/coronavirus-las-tiendas-de-ropa-podrian-no-volver-a-ser-las-de-antes-tras-la-epidemia\/","title":{"rendered":"Coronavirus: Las tiendas de ropa podr\u00edan no volver a ser las de antes tras la epidemia"},"content":{"rendered":"<div class=\"media_block\"><\/div>\n<div><img src=\"http:\/\/cordobainforma.info\/wp-content\/uploads\/2020\/08\/coronavirus-las-tiendas-de-ropa-podrian-no-volver-a-ser-las-de-antes-tras-la-epidemia.jpg\" class=\"ff-og-image-inserted\"><\/div>\n<p>Los Centros para el Control y la Prevenci\u00f3n de Enfermedades (CDC) apuntan a que el coronavirus <strong>se transmite normalmente a trav\u00e9s de las peque\u00f1as part\u00edculas respiratorias de personas infectadas que tosen o estornudan<\/strong>. Sin embargo, tambi\u00e9n advierten que puede sobrevivir horas o incluso d\u00edas en materiales como la ropa.<\/p>\n<p><strong>Amesh A. Adalja<\/strong>, experto en enfermedades infecciosas del <strong>John Hopkins Center for Health Security<\/strong> (Maryland) declar\u00f3 a la revista <em>Health<\/em> que <em>\u00abel virus puede sobrevivir en las prendas de vestir alrededor de un d\u00eda\u00bb,<\/em> sin embargo, considera que <em>\u00abla propagaci\u00f3n y crecimiento del virus depende mucho de las condiciones del ambiente: temperatura y humedad\u00bb<\/em>.<\/p>\n<p>A este respecto, si pensamos que no hemos estado con nadie que pueda tener el virus, <strong>deberemos de lavar la ropa con la misma frecuencia que siempre<\/strong>, sin embargo, a las tiendas se les presenta un nuevo dilema de cara a su reapertura: <strong>\u00bfDejar\u00e1n que la gente se pruebe la ropa?<\/strong><\/p>\n<p>Si ya los CDC <strong>recomiendan usar guantes para hacer la colada<\/strong> a m\u00e1s de 60 grados y <strong>lavarse bien las manos<\/strong>, en el caso de tener que adquirirla en una tienda <strong>la cosa se complica<\/strong>. Por ello, algunas marcas est\u00e1n pensando en <strong>no dejar que los clientes pasen por el probador<\/strong>, lo que tambi\u00e9n <strong>podr\u00eda afectar a las devoluciones<\/strong>. <\/p>\n<p>Lo que se plantean las principales cadenas de ropa es <strong>ampliar los plazos de devoluci\u00f3n<\/strong>, con el fin de que la persona que compre un producto deje en &#8216;cuarentena&#8217; el mismo y haga <strong>la misma operaci\u00f3n en el caso de tenerlo que devolver<\/strong>. Otras firmas <strong>consideran esto innecesario<\/strong> y se\u00f1alan que si el propio Gobierno ordena su reapertura es porque <strong>se har\u00e1 en las condiciones \u00f3ptimas<\/strong> y cuando la poblaci\u00f3n <strong>no corra el riesgo de infectarse<\/strong>. <\/p>\n<p>En todo caso se ha abierto el debate, y es que cada vez hay m\u00e1s y m\u00e1s ganas de salir de casa. <\/p>\n","protected":false},"excerpt":{"rendered":"<p>Los Centros para el Control y la Prevenci\u00f3n de Enfermedades (CDC) apuntan a que el coronavirus se transmite normalmente a trav\u00e9s de las peque\u00f1as part\u00edculas respiratorias de personas infectadas que tosen o estornudan. Sin embargo, tambi\u00e9n advierten que puede sobrevivir horas o incluso d\u00edas en materiales como la ropa. Amesh A. Adalja, experto en enfermedades [&hellip;]<\/p>\n","protected":false},"author":1,"featured_media":393,"comment_status":"open","ping_status":"closed","sticky":false,"template":"","format":"standard","meta":[],"categories":[24],"tags":[],"_links":{"self":[{"href":"http:\/\/cordobainforma.info\/index.php\/wp-json\/wp\/v2\/posts\/392"}],"collection":[{"href":"http:\/\/cordobainforma.info\/index.php\/wp-json\/wp\/v2\/posts"}],"about":[{"href":"http:\/\/cordobainforma.info\/index.php\/wp-json\/wp\/v2\/types\/post"}],"author":[{"embeddable":true,"href":"http:\/\/cordobainforma.info\/index.php\/wp-json\/wp\/v2\/users\/1"}],"replies":[{"embeddable":true,"href":"http:\/\/cordobainforma.info\/index.php\/wp-json\/wp\/v2\/comments?post=392"}],"version-history":[{"count":0,"href":"http:\/\/cordobainforma.info\/index.php\/wp-json\/wp\/v2\/posts\/392\/revisions"}],"wp:featuredmedia":[{"embeddable":true,"href":"http:\/\/cordobainforma.info\/index.php\/wp-json\/wp\/v2\/media\/393"}],"wp:attachment":[{"href":"http:\/\/cordobainforma.info\/index.php\/wp-json\/wp\/v2\/media?parent=392"}],"wp:term":[{"taxonomy":"category","embeddable":true,"href":"http:\/\/cordobainforma.info\/index.php\/wp-json\/wp\/v2\/categories?post=392"},{"taxonomy":"post_tag","embeddable":true,"href":"http:\/\/cordobainforma.info\/index.php\/wp-json\/wp\/v2\/tags?post=392"}],"curies":[{"name":"wp","href":"https:\/\/api.w.org\/{rel}","templated":true}]}}