{"id":33178,"date":"2022-02-19T11:56:00","date_gmt":"2022-02-19T11:56:00","guid":{"rendered":"https:\/\/somoscordobeses.com\/2022\/02\/19\/el-impacto-en-las-redes-por-manu-ginobili-finalista-en-la-votacion-para-entrar-en-el-salon-de-la-fama\/"},"modified":"2022-02-19T11:56:00","modified_gmt":"2022-02-19T11:56:00","slug":"el-impacto-en-las-redes-por-manu-ginobili-finalista-en-la-votacion-para-entrar-en-el-salon-de-la-fama","status":"publish","type":"post","link":"http:\/\/cordobainforma.info\/index.php\/2022\/02\/19\/el-impacto-en-las-redes-por-manu-ginobili-finalista-en-la-votacion-para-entrar-en-el-salon-de-la-fama\/","title":{"rendered":"El impacto en las redes por Manu Gin\u00f3bili, finalista en la votaci\u00f3n para entrar en el Sal\u00f3n de la Fama"},"content":{"rendered":"<div>\n<p>No es una noticia menor. Que <strong>Manu Gin\u00f3bili<\/strong>, en su primer a\u00f1o de elegibilidad, haya llegado al \u00faltimo filtro del Sal\u00f3n de la Fama habla de la importancia que tiene para el mundo de la <strong>NBA<\/strong>. El cuatro veces campe\u00f3n es candidato para uno de los reconocimientos a la trayectoria m\u00e1s importantes del b\u00e1squet, y podr\u00eda quedar inmortalizado como uno de los mejores de la historia.<\/p>\n<div>\n<div> <picture><source media=\"(min-width: 720px)\"><\/picture><figcaption>\n<p>Manu es finalista del Hall of Fame. <\/p>\n<\/figcaption><\/div>\n<\/div>\n<p> El resultado se conocer\u00e1 <strong>el pr\u00f3ximo 2 de abril<\/strong>, despu\u00e9s de que el Comit\u00e9 de Honores (conformado por 24 especialistas an\u00f3nimos), emitan sus votos y terminen por seleccionar a los nuevos integrantes del privilegiado club de ex jugadores.<strong> Manu lleg\u00f3 a la instancia final, y las redes no tardaron en felicitarlo.<\/strong><\/p>\n<h2><strong>Los mensajes a Manu<\/strong><\/h2>\n<h2><strong>Los logros de Gin\u00f3bili<\/strong><br \/><\/h2>\n<p>Jug\u00f3 16 temporadas en San Antonio Spurs y se convirti\u00f3 en pieza clave de una franquicia que marc\u00f3 una \u00e9poca. En 15 campa\u00f1as se clasific\u00f3 a playoffs y totaliz\u00f3 la gigantesca marca de 1.057 partidos en temporada regular, con un promedio de 13,3 puntos, 3,8 asistencias y 3,5 rebotes. <strong>En postemporada jug\u00f3 218 encuentros con medias de 14 tantos, 3,8 pases gol y 4 tableros<\/strong>. \u00bfM\u00e1s? Fue oro ol\u00edmpico en Atenas 2004, bronce en Beijing 2008 y tambi\u00e9n se consagr\u00f3 campe\u00f3n de la Euroliga con el Kinder Bolonia italiano en 2001.<\/p>\n<div>\n<div> <picture><source media=\"(min-width: 720px)\"><\/picture><figcaption>\n<p>Gin\u00f3bili podr\u00eda recibir el honor en abril. <\/p>\n<\/figcaption><\/div>\n<\/div>\n<p><strong>\u200b<\/strong>De ser seleccionado en el Sal\u00f3n de la Fama, <strong>Manu se convertir\u00eda en el primer jugador de un pa\u00eds hispano en lograrlo. <\/strong>Adem\u00e1s, se sumar\u00e1 a <strong>Tim Duncan<\/strong>, su fiel ladero en San Antonio Spurs y elegido en 2020. El otro integrante del Big Three, Tony Parker, ser\u00e1 elegible a partir de la pr\u00f3xima campa\u00f1a ya que tienen que pasar cuatro a\u00f1os desde el \u00faltimo partido como profesional para poder ser parte de este selecto club.<\/p>\n<h2><strong>C\u00f3mo viene la votaci\u00f3n<\/strong><\/h2>\n<p>Despu\u00e9s de no haber sido elegido como uno de los 75 mejores jugadores de todos los tiempos de la NBA, Manu Gin\u00f3bili recibi\u00f3 un mimo en el comienzo del fin de semana del All Star Game de Cleveland. El bahiense ex San Antonio Spurs fue seleccionado como uno de los jugadores que buscar\u00e1n ingresar al Sal\u00f3n de la Fama el pr\u00f3ximo 2 de abril. El escolta se meti\u00f3 como finalista en su primer a\u00f1o de elegibilidad y en poco menos de dos meses podr\u00eda quedar inmortalizado en Springfield, Massachusetts.<\/p>\n<p>La decisi\u00f3n de que el N\u00b0 20 quedase a las puertas del Sal\u00f3n de la Fama fue del Comit\u00e9 Norteamericano, el que est\u00e1 compuesto por nueve miembros. Ellos resultaron los que estudiaron los m\u00e9ritos de Gin\u00f3bili para codearse con los m\u00e1s grandes de todos los tiempos y no hab\u00eda muchas dudas: sus cuatro anillos de campe\u00f3n lideran un CV espectacular.<\/p>\n<p>Una vez cumplida esta primera etapa (a Gin\u00f3bili no le interesan estos reconocimientos pero s\u00ed se siente agradecido por esta nominaci\u00f3n), lo que restar\u00e1 es la elecci\u00f3n del Comit\u00e9 de Honores. Este tiene un panel de 24 especialistas an\u00f3nimos (integrado por dirigentes, otros hall of famers, administrativos de la liga y periodistas) y se necesitan al 18 votos para inscribir su nombre entre los privilegiados. El 2 de abril ser\u00e1n anunciados y la ceremonia, el fin de semana del 9 y 10 de septiembre.<\/p>\n<div>\n<h2>TEMAS QUE APARECEN EN ESTA NOTA<\/h2>\n<\/div>\n<\/div>\n<nav class=\"navigation post-navigation\" role=\"navigation\" aria-label=\"Continue Reading\">\n<h2 class=\"screen-reader-text\">Continue Reading<\/h2>\n<\/nav>\n","protected":false},"excerpt":{"rendered":"<p>No es una noticia menor. Que Manu Gin\u00f3bili, en su primer a\u00f1o de elegibilidad, haya llegado al \u00faltimo filtro del Sal\u00f3n de la Fama habla de la importancia que tiene para el mundo de la NBA. El cuatro veces campe\u00f3n es candidato para uno de los reconocimientos a la trayectoria m\u00e1s importantes del b\u00e1squet, y [&hellip;]<\/p>\n","protected":false},"author":1,"featured_media":33179,"comment_status":"closed","ping_status":"closed","sticky":false,"template":"","format":"standard","meta":[],"categories":[20,2],"tags":[],"_links":{"self":[{"href":"http:\/\/cordobainforma.info\/index.php\/wp-json\/wp\/v2\/posts\/33178"}],"collection":[{"href":"http:\/\/cordobainforma.info\/index.php\/wp-json\/wp\/v2\/posts"}],"about":[{"href":"http:\/\/cordobainforma.info\/index.php\/wp-json\/wp\/v2\/types\/post"}],"author":[{"embeddable":true,"href":"http:\/\/cordobainforma.info\/index.php\/wp-json\/wp\/v2\/users\/1"}],"replies":[{"embeddable":true,"href":"http:\/\/cordobainforma.info\/index.php\/wp-json\/wp\/v2\/comments?post=33178"}],"version-history":[{"count":0,"href":"http:\/\/cordobainforma.info\/index.php\/wp-json\/wp\/v2\/posts\/33178\/revisions"}],"wp:featuredmedia":[{"embeddable":true,"href":"http:\/\/cordobainforma.info\/index.php\/wp-json\/wp\/v2\/media\/33179"}],"wp:attachment":[{"href":"http:\/\/cordobainforma.info\/index.php\/wp-json\/wp\/v2\/media?parent=33178"}],"wp:term":[{"taxonomy":"category","embeddable":true,"href":"http:\/\/cordobainforma.info\/index.php\/wp-json\/wp\/v2\/categories?post=33178"},{"taxonomy":"post_tag","embeddable":true,"href":"http:\/\/cordobainforma.info\/index.php\/wp-json\/wp\/v2\/tags?post=33178"}],"curies":[{"name":"wp","href":"https:\/\/api.w.org\/{rel}","templated":true}]}}