{"id":33176,"date":"2022-02-19T11:58:00","date_gmt":"2022-02-19T11:58:00","guid":{"rendered":"https:\/\/somoscordobeses.com\/2022\/02\/19\/aborto-legal-a-4-anos-del-primer-panuelazo-masivo-y-aun-con-la-ley-hay-obstaculos\/"},"modified":"2022-02-19T11:58:00","modified_gmt":"2022-02-19T11:58:00","slug":"aborto-legal-a-4-anos-del-primer-panuelazo-masivo-y-aun-con-la-ley-hay-obstaculos","status":"publish","type":"post","link":"http:\/\/cordobainforma.info\/index.php\/2022\/02\/19\/aborto-legal-a-4-anos-del-primer-panuelazo-masivo-y-aun-con-la-ley-hay-obstaculos\/","title":{"rendered":"Aborto legal: a 4 a\u00f1os del primer pa\u00f1uelazo masivo, y a\u00fan con la ley, hay obst\u00e1culos"},"content":{"rendered":"<div>\n<p>Cuatro a\u00f1os atr\u00e1s, la <strong>Campa\u00f1a Nacional por el Derecho al Aborto Legal Seguro y Gratuito<\/strong> anunciaba que volver\u00eda a presentar su <strong>Proyecto de Interrupci\u00f3n Voluntaria del Embarazo (IVE)<\/strong> en la C\u00e1mara de Diputados. Ya lo hab\u00edan hecho sin \u00e9xito seis veces.&nbsp;As\u00ed, el 19 de febrero de 2018 una multitud llen\u00f3 los alrededores del Congreso para exigir que el tema fuera tratado en el recinto: \u201cLas ricas abortan, las pobres mueren\u201d, dec\u00edan los carteles.&nbsp;<\/p>\n<p>Pocos d\u00edas despu\u00e9s, y por la fuerte presi\u00f3n social, el Poder Ejecutivo daba luz verde para que el proyecto fuera tratado.&nbsp;El 19 de febrero qued\u00f3 como el<strong> D\u00eda de Acci\u00f3n Verde por el Aborto Legal<\/strong>. La historia que sigue ya es bien conocida: la C\u00e1mara Baja lo aprob\u00f3, el Senado no. <strong>Los pa\u00f1uelazos se impusieron, el pedido por conquistar este derecho&nbsp;fue cada vez m\u00e1s fuerte.<\/strong>&nbsp;En 2020 el Congreso volvi\u00f3 a tratar el tema y entonces s\u00ed, con el cambio de gobierno y el apoyo del Ejecutivo, que present\u00f3 un proyecto propio, el aborto se convirti\u00f3 en ley, la 26.610.&nbsp;<\/p>\n<p>En el primer a\u00f1o de aborto legal no hubo muertes de mujeres reportadas por malas pr\u00e1cticas ni abortos clandestinos. Especialistas consultadas por <strong>Clar\u00edn<\/strong> aseguran que las intervenciones se hacen, que aumentaron pero no como muchos aseguraban que suceder\u00eda, y que las principales trabas hoy est\u00e1n relacionadas a&nbsp;<strong>la falta de informaci\u00f3n<\/strong> y la&nbsp;moral, como la objeci\u00f3n de conciencia.&nbsp;La ley permite alegar este argumento, pero obliga a garantizar el derecho.&nbsp;<\/p>\n<div>\n<div> <picture><source media=\"(min-width: 720px)\"><\/picture><figcaption>\n<p>Lunes 19 de febrero de 2018, frente al Congreso, pa\u00f1uelazo y manifestaci\u00f3n por el aborto <\/p>\n<\/figcaption><\/div>\n<\/div>\n<h2>Los objetores&nbsp;<\/h2>\n<p>Un equipo de <strong>Centro de Estudios de Estado y Sociedad <\/strong>(CEDES) y la <strong>Red de Acceso al Aborto Seguro de Argentina <\/strong>(REDAAS) viene llevando adelante un seguimiento sistematizado de lo que sucedi\u00f3 en torno a la Objeci\u00f3n de Conciencia (O.C.) a nivel federal y en cada una de las jurisdicciones del pa\u00eds desde la sanci\u00f3n de la Ley 27.610.<\/p>\n<p>Desde el 30 de diciembre de 2020 hasta el 1 de diciembre de 2021 identificaron&nbsp;m\u00e1s de 320 situaciones de objeci\u00f3n de conciencia. Seg\u00fan Agustina Ram\u00f3n Michel, investigadora del CEDES y de la Universidad de Palermo y coordinadora de esta iniciativa, \u201cel monitoreo busca poner a conocimiento <strong>c\u00f3mo funciona y se usa la objeci\u00f3n de conciencia<\/strong> en la realidad cotidiana de los servicios de salud, y a partir de esos hallazgos exigir y proponer formas renovadas para que <strong>estas objeciones no se conviertan en el port\u00f3n infranqueable <\/strong>con el que se topan las mujeres que necesitan un aborto\u201d.<\/p>\n<div>\n<div> <picture><source media=\"(min-width: 720px)\"><\/picture><figcaption>\n<p>19\/02\/2018.\u201dLas ricas abortan, las pobres mueren\u201d <\/p>\n<\/figcaption><\/div>\n<\/div>\n<p>Desde el proyecto detectaron <strong>m\u00e1s de 70 casos de equipos y servicios de salud que invocan O.C. en altas proporciones,<\/strong> y m\u00e1s de 50 casos de hospitales, cl\u00ednicas y centros de salud que <strong>directamente niegan la atenci\u00f3n de IVE\/ILE en sus instituciones<\/strong> por razones de conciencia, contrariando la ley 27.610 que impide la negativa institucional.<\/p>\n<p>Sin embargo, como puntualiza Dana Repka, abogada e integrante del equipo a cargo del monitoreo, \u201c<strong>estos casos no est\u00e1n distribuidos uniformemente en el pa\u00eds, sino que se concentran en algunas provincias\u201d.<\/strong> Por ejemplo, la situaci\u00f3n de <strong>C\u00f3rdoba es preocupante<\/strong>. All\u00ed detectaron al menos 29 eventos de negaci\u00f3n institucional y 21 servicios en los cuales m\u00e1s de la mitad de los profesionales que los integran alegan objeci\u00f3n de conciencia.<\/p>\n<p>Tambi\u00e9n en Catamarca, Jujuy y el Gran Buenos Aires se detectaron casos preocupantes.&nbsp;<strong>En Catamarca, el 90% de los profesionales de la Maternidad Provincial ha expresado su O.C.<\/strong>; en Jujuy, <strong>29 de los 30 obstetras del hospital Materno Infantil H\u00e9ctor Quinta <\/strong>lo han hecho; y,&nbsp;en el Gran Buenos Aires, <strong>uno de cada dos obstetras y ginec\u00f3logos del Eurnekian,<\/strong> un hospital p\u00fablico de Ezeiza, se niegan a hacer abortos por razones de conciencia.<\/p>\n<p>Del total de los eventos de O.C. relevados, <strong>m\u00e1s del 65% prev\u00e9 alg\u00fan dispositivo de garant\u00eda de la IVE\/ILE, <\/strong>ante todo la derivaci\u00f3n de la paciente a un profesional disponible. Significa que en casi 2 tercios de los casos de invocaciones de OC se han realizado<strong> acciones positivas tendientes a evitar que la OC se convierta en un obst\u00e1culo<\/strong> para la atenci\u00f3n en IVE\/ILE.<\/p>\n<p>\u201cEstamos frente a una nueva etapa. Antes de la Ley 27.610 la objeci\u00f3n de conciencia se bland\u00eda como arma contra las mujeres que ped\u00edan un aborto,<strong> era usada de maneras arbitrarias por much\u00edsimos profesionales de la salud<\/strong> que ahora saben que <strong>tienen la obligaci\u00f3n de informar y derivar a la paciente<\/strong>\u2013 asegura Agustina Ram\u00f3n Michel-. De todos modos queda un largo camino para institucionalizar estos deberes profesionales\u201d.<\/p>\n<p>De las 26 causas judiciales contra la ley 27.610 -desde el comienzo grupos antiderechos presentaron amparos judiciales para frenar la ley- <strong>ninguna se centra especialmente en la cuesti\u00f3n de la objeci\u00f3n de conciencia,<\/strong> lo que seg\u00fan Dana Repka \u201cpodr\u00eda explicarse por la buena t\u00e9cnica legislativa de la ley IVE al regularla\u201d.<\/p>\n<div>\n<div> <picture><source media=\"(min-width: 720px)\"><\/picture><figcaption>\n<p>19\/02\/2018.- Cientos de personas se manifiestan para pedir que el Congreso trate el proyecto de aborto legal. <\/p>\n<\/figcaption><\/div>\n<\/div>\n<h2>Demanda y respuesta desparejas<\/h2>\n<p>Seg\u00fan la Direcci\u00f3n Nacional de Salud Sexual y Reproductiva, entre enero y junio de 2021 se realizaron <strong>25.894 procedimientos en el sector p\u00fablico.<\/strong>&nbsp;Hasta hoy ser\u00edan <strong>casi 39.000 las intervenciones en todo el pa\u00eds.&nbsp;<\/strong>La mayor\u00eda en Caba y provincia de Buenos Aires. El acceso en hospitales y centros de salud mejor\u00f3, pero todav\u00eda hay fuertes<strong> desigualdades entre provincias:&nbsp;<\/strong>Corrientes, Formosa, Misiones, Chaco y San Juan tienen las tasas m\u00e1s bajas del pa\u00eds.&nbsp;<\/p>\n<p>\u201cHay objeciones en la atenci\u00f3n del segundo trimestre avanzado. Pero <strong>no estamos teniendo dificultades en la atenci\u00f3n del primer trimestre<\/strong>, no hay obst\u00e1culos, solo los habituales del sistema de salud en general, aunque justamente en este tema las barreras son mucho menores que para otro tipo de atenciones, como puede ser la hipertensi\u00f3n. Para atender hay turnos, hay tel\u00e9fonos, mails para mandar y <strong>plazos concretos para dar respuesta<\/strong>\u201c, explica a <strong>Clarin<\/strong> Viviana Mazur, responsable del acceso a la ILE e IVE en Caba.&nbsp;<\/p>\n<p>Mazur asegura que en la ciudad no hubo un aumento muy marcado en la demanda porque <strong>\u201cya se habia instalado una pol\u00edtica muy fuerte de acceso por causales, y entre ellas la salud integral,&nbsp;que fue <\/strong>muy bien tomado por los equipos\u201d. La especialista tambi\u00e9n dice que las obras sociales y prepagas empezaron a tomar estos pedidos, que antes s\u00f3lo se atend\u00edan en el sistema p\u00fablico. <\/p>\n<div>\n<div> <picture><source media=\"(min-width: 720px)\"><\/picture><figcaption>\n<p>19\/02\/2018. \u201cAborto legal ya!\u201d <\/p>\n<\/figcaption><\/div>\n<\/div>\n<p>Desde la sanci\u00f3n de la ley<strong> hubo casi 9000 interrupciones en Caba<\/strong>. \u201cEl aumento es m\u00ednimo en relaci\u00f3n a la progresi\u00f3n anual que tuvimos en los \u00faltimos cinco a\u00f1os\u201d, detalla Mazur. Y un dato clave: <strong>el 93% de las intervenciones se realizaron en el primer trimestre,<\/strong> en edades gestacionales muy tempranas. \u201cIncluso a veces es necesario pedirles que esperen un poco y confirmar la gestaci\u00f3n con una ecograf\u00eda porque consultan tan r\u00e1pido que ni aparece\u201d,<\/p>\n<p>Las<strong> adolescentes<\/strong> que demandan la interrupci\u00f3n representan un porcentaje muy bajo en el total: <strong>eran el&nbsp;16% y ahora el&nbsp;10%.<\/strong> \u201cFue&nbsp;un dato que nos preocup\u00f3 porque pensamos que estaban accediendo menos las j\u00f3venes, pero tambi\u00e9n coincide con la baja en la tasa de fecundidad en esas edades, lo que hace pensar que<strong> hay mejor cobertura en anticoncepci\u00f3n\u201d<\/strong>, detalla Mazur. Y pide&nbsp;avanzar en la difusi\u00f3n y que haya m\u00e1s campa\u00f1as de informaci\u00f3n.<\/p>\n<div>\n<div> <picture><source media=\"(min-width: 720px)\"><\/picture><figcaption>\n<p>19\/02\/2018.- Nina Brugo, referente de la Campa\u00f1a por el Aborto Legal. <\/p>\n<\/figcaption><\/div>\n<\/div>\n<h2>Distritos fuera de la ley <\/h2>\n<p>Desde la sanci\u00f3n de la Ley hasta diciembre se registraron <strong>en la provincia de Buenos Aires 16.700 intervenciones:<\/strong> 95% interrupciones voluntarias (IVE) y 5% interrupciones legales (ILE). En 2020 hab\u00edan sido 15.320. <\/p>\n<p>\u201cTengo una enorme satisfacci\u00f3n por lo que est\u00e1 ocurriendo con este tema en la provincia, y en el contexto de pandemia. <strong>El acceso en todos los distritos de la provincia aument\u00f3.<\/strong> Desde el comienzo de la gesti\u00f3n se trabaj\u00f3&nbsp;para que los 135 municipios garanticen el acceso al aborto\u201d, dice a <strong>Clar\u00edn<\/strong> Estela D\u00edaz, ministra de las Mujeres, Pol\u00edticas de G\u00e9nero y Diversidad Sexual de la provincia de Buenos Aires desde el 11 de diciembre de 2019.<\/p>\n<p>Se incorporaron 298 nuevos centros de salud y hospitales (municipales, provinciales y nacionales) a la RED DE ACCESO A ABORTO de la provincia de Buenos Aires, de los cuales 90 se incorporaron desde la promulgaci\u00f3n de la ley, alcanzando un total de<strong> 494 establecimientos p\u00fablicos<\/strong> (en diciembre de 2019 eran 196).<\/p>\n<p>En diciembre de 2019 eran 154 efectores municipales (entre hospitales municipales y CAPS\/C.I.C) los que garantizaban el acceso. En los \u00faltimos dos a\u00f1os&nbsp;se incorporaron 277,&nbsp;77 desde la promulgaci\u00f3n de la ley. Actualmente hay un total de 431 efectores municipales, <strong>un aumento de 180%<\/strong>.&nbsp;<\/p>\n<p>En diciembre de 2019 eran 51 municipios los que contaban con al menos un establecimiento municipal de salud que garantizaba el acceso a ILE, es decir s\u00f3lo el 38% de los municipios. En diciembre de 2021 ya eran<strong> 125 municipios con efectores municipales que garantizan el acceso, el 93% del territorio<\/strong> de la provincia.<\/p>\n<p>De los 10 municipios que a\u00fan quedan sin efectores municipales que garantizan el acceso, 5 cuentan con un efector provincial que s\u00ed lo garantiza: Jun\u00edn, Carmen de Areco, Monte Hermoso, Z\u00e1rate y Lobos&nbsp;&nbsp;<strong>Queda 5 municipios que no tienen ning\u00fan efector: Capit\u00e1n Sarmiento, General Rosales, Lezama, San Miguel, y Torquinst,<\/strong><\/p>\n<p>\u201cHay un acompa\u00f1amiento pol\u00edtico pero tambi\u00e9n social y cultural al saber que es legal. <strong>Las mujeres consultan ni bien se enteran<\/strong>, es muy r\u00e1pido, incluso a veces deben esperar. La ley tambi\u00e9n trajo tranquilidad a los profesionales de la salud,<strong> se desdramatiz\u00f3 el tema<\/strong> -asegura D\u00edaz-. No puede haber municipios objetores, saben que deben garantizar la ley, Ellos son los responsables\u201d.&nbsp;<strong>\u200b<\/strong><\/p>\n<div>\n<div>\n<p><span>Mir\u00e1 tambi\u00e9n<\/span><\/p>\n<\/p><\/div>\n<\/div>\n<div>\n<div>\n<p><span>Mir\u00e1 tambi\u00e9n<\/span><\/p>\n<\/p><\/div>\n<\/div>\n<div>\n<h2>TEMAS QUE APARECEN EN ESTA NOTA<\/h2>\n<\/div>\n<\/div>\n<nav class=\"navigation post-navigation\" role=\"navigation\" aria-label=\"Continue Reading\">\n<h2 class=\"screen-reader-text\">Continue Reading<\/h2>\n<\/nav>\n","protected":false},"excerpt":{"rendered":"<p>Cuatro a\u00f1os atr\u00e1s, la Campa\u00f1a Nacional por el Derecho al Aborto Legal Seguro y Gratuito anunciaba que volver\u00eda a presentar su Proyecto de Interrupci\u00f3n Voluntaria del Embarazo (IVE) en la C\u00e1mara de Diputados. Ya lo hab\u00edan hecho sin \u00e9xito seis veces.&nbsp;As\u00ed, el 19 de febrero de 2018 una multitud llen\u00f3 los alrededores del Congreso para [&hellip;]<\/p>\n","protected":false},"author":1,"featured_media":33177,"comment_status":"closed","ping_status":"closed","sticky":false,"template":"","format":"standard","meta":[],"categories":[2],"tags":[],"_links":{"self":[{"href":"http:\/\/cordobainforma.info\/index.php\/wp-json\/wp\/v2\/posts\/33176"}],"collection":[{"href":"http:\/\/cordobainforma.info\/index.php\/wp-json\/wp\/v2\/posts"}],"about":[{"href":"http:\/\/cordobainforma.info\/index.php\/wp-json\/wp\/v2\/types\/post"}],"author":[{"embeddable":true,"href":"http:\/\/cordobainforma.info\/index.php\/wp-json\/wp\/v2\/users\/1"}],"replies":[{"embeddable":true,"href":"http:\/\/cordobainforma.info\/index.php\/wp-json\/wp\/v2\/comments?post=33176"}],"version-history":[{"count":0,"href":"http:\/\/cordobainforma.info\/index.php\/wp-json\/wp\/v2\/posts\/33176\/revisions"}],"wp:featuredmedia":[{"embeddable":true,"href":"http:\/\/cordobainforma.info\/index.php\/wp-json\/wp\/v2\/media\/33177"}],"wp:attachment":[{"href":"http:\/\/cordobainforma.info\/index.php\/wp-json\/wp\/v2\/media?parent=33176"}],"wp:term":[{"taxonomy":"category","embeddable":true,"href":"http:\/\/cordobainforma.info\/index.php\/wp-json\/wp\/v2\/categories?post=33176"},{"taxonomy":"post_tag","embeddable":true,"href":"http:\/\/cordobainforma.info\/index.php\/wp-json\/wp\/v2\/tags?post=33176"}],"curies":[{"name":"wp","href":"https:\/\/api.w.org\/{rel}","templated":true}]}}