{"id":33158,"date":"2022-02-18T19:48:00","date_gmt":"2022-02-18T19:48:00","guid":{"rendered":"https:\/\/somoscordobeses.com\/2022\/02\/18\/morales-guino-al-socialismo-previo-al-encuentro-de-lideres-parlamentarios-de-la-ucr\/"},"modified":"2022-02-18T19:48:00","modified_gmt":"2022-02-18T19:48:00","slug":"morales-guino-al-socialismo-previo-al-encuentro-de-lideres-parlamentarios-de-la-ucr","status":"publish","type":"post","link":"http:\/\/cordobainforma.info\/index.php\/2022\/02\/18\/morales-guino-al-socialismo-previo-al-encuentro-de-lideres-parlamentarios-de-la-ucr\/","title":{"rendered":"Morales: gui\u00f1o al socialismo previo al encuentro de l\u00edderes parlamentarios de la UCR"},"content":{"rendered":"<div>\n<figure><figcaption> \u201cNadie es due\u00f1o de JxC, no aceptamos due\u00f1os ni pretendemos serlo\u201d, afirm\u00f3 Morales. Foto: Sebasti\u00e1n Granata. <\/figcaption><\/figure>\n<p> El presidente del comit\u00e9 nacional de la UCR, Gerardo Morales, hizo un gui\u00f1o al Partido Socialista (PS) al asegurar este viernes que su espacio procura \u201cuna coalici\u00f3n m\u00e1s amplia que Juntos por el Cambio (JxC)\u201d y record\u00f3 que existe \u201cun di\u00e1logo hist\u00f3rico permanente\u201d entre ambas fuerzas pol\u00edticas y \u201ccoincidencias sobre un proyecto de pa\u00eds\u201d.<\/p>\n<p> Antes del encuentro de los l\u00edderes parlamentarios y partidarios de la UCR, que se inici\u00f3 este mediod\u00eda en la ciudad de Santa Fe, Morales mantuvo un encuentro en la Legislatura provincial con parlamentarios de su partido y el PS.<\/p>\n<p> Adem\u00e1s de los radicales locales Mario Barletta, Carlos Fascendini y Maximiliano Pullaro, particip\u00f3 de la reuni\u00f3n la diputada Clara Garc\u00eda (viuda del exgobernador Miguel Lifschitz) y el titular de la C\u00e1mara, el socialista Pablo Far\u00edas.<\/p>\n<blockquote class>\n<p>Voceros partidarios indicaron a T\u00e9lam que no se espera como resultado de esta cumbre anuncios sobre la reunificaci\u00f3n del bloque<\/p>\n<\/blockquote>\n<p>&nbsp;<br \/>Consultado sobre declaraciones del exgobernador santafesino Antonio Bonfatti (PS), quien no descart\u00f3 que su fuerza participe de \u201cfrente de frentes\u201d que aglutine al \u201cno peronismo\u201d con miras a las elecciones de 2023, Morales record\u00f3 que \u201c\u201dsiempre he tenido di\u00e1logo con \u00e9l, me parece una buena persona, igual que con otros dirigentes del socialismo\u201d.<\/p>\n<p> El titular del comit\u00e9 nacional de la UCR destac\u00f3 que el radicalismo \u201cest\u00e1 de pie, fortalecido, ha sido la cabeza visible del triunfo de JxC\u201d en las elecciones parlamentarias de 2023. \u201cNadie es due\u00f1o de JxC, no aceptamos due\u00f1os ni pretendemos serlo\u201d, afirm\u00f3 Morales, para agregar que \u201cla sociedad est\u00e1 harta de las peleas de la pol\u00edtica\u201d.<\/p>\n<p> \u201cNosotros nos vamos a preparar para gobernar en 2023, pero lo primero es tener un plan. Debemos hacernos cargo de lo que hicimos mal, y dar a la sociedad las respuestas que requiere\u201d, finaliz\u00f3 en su visita a la Legislatura santafesina.<\/p>\n<h2 class>Lousteau: \u201cNecesitamos una discusi\u00f3n profunda sobre lo que le vamos a proponer a la sociedad\u201d<\/h2>\n<p> \u201cNecesitamos tener una discusi\u00f3n profunda sobre lo que le vamos a proponer a la sociedad, cu\u00e1l es el futuro que queremos proponer y c\u00f3mo vamos a concretarlo y ese es un ejercicio que hacemos cotidianamente en Evoluci\u00f3n y que hoy venimos a proponer aqu\u00ed\u201d, plante\u00f3 Lousteau, por su parte, al ingresar al mismo encuentro.&nbsp;<\/p>\n<p> Evoluci\u00f3n, el sector interno del radicalismo que encabeza Lousteau, participa del encuentro convocado por el presidente del partido, Gerardo Morales, en Santa Fe, en el cual el radicalismo intenta dar una imagen de unidad tras la fractura de su bloque en la C\u00e1mara de Diputados.<\/p>\n<p> Voceros partidarios indicaron a T\u00e9lam que no se espera como resultado de esta cumbre anuncios sobre la reunificaci\u00f3n del bloque, aunque se\u00f1alaron que hubo varias reuniones entre Morales y Lousteau en los \u00faltimos d\u00edas para avanzar con ese objetivo.<\/p>\n<blockquote class>\n<p>En Argentina s\u00f3lo discutimos lo m\u00e1s cercano, que es el Fondo\u201d <cite>Mart\u00edn Lousteau<\/cite><\/p>\n<\/blockquote>\n<p>&nbsp;<br \/>\u201cEste es un encuentro de agenda legislativa que debe ser parte de algo m\u00e1s grande, el puntapi\u00e9 inicial de discutir qu\u00e9 le vamos a proponer a la sociedad en 2023; porque cu\u00e1nto mejor sea el radicalismo, cu\u00e1nto mejor sean sus propuestas y cu\u00e1nto m\u00e1s est\u00e9n fortalecidos sus candidatos, mejor va a ser Juntos por el Cambio\u201d, sostuvo Lousteau al ingresar al encuentro de legisladores con el Comit\u00e9 Nacional.<\/p>\n<p> Consultado sobre el acuerdo anunciado por el Gobierno nacional con el FMI, el economista Lousteau se\u00f1al\u00f3: \u201cConocemos muy poco y vemos las diferencias internas que tiene el Gobierno\u201d.<\/p>\n<p> El senador radical agreg\u00f3 que \u201clo que no se discute en Argentina es una agenda de futuro\u201d y propuso \u201cun ejercicio de imaginaci\u00f3n colectiva y una agenda de reformas reales que modifiquen la vida cotidiana\u201d.<\/p>\n<p> \u201cSin embargo, en Argentina s\u00f3lo discutimos lo m\u00e1s cercano, que es el Fondo\u201d, plante\u00f3. Y, concluy\u00f3: \u201cSi el debate se agota en si se vota o no lo del Fondo en lugar de discutir qu\u00e9 posibilidades abre eso o que obst\u00e1culo genera eso para el pa\u00eds que queremos, no estamos discutiendo nada\u201d. <\/p>\n<\/div>\n<nav class=\"navigation post-navigation\" role=\"navigation\" aria-label=\"Continue Reading\">\n<h2 class=\"screen-reader-text\">Continue Reading<\/h2>\n<\/nav>\n","protected":false},"excerpt":{"rendered":"<p>\u201cNadie es due\u00f1o de JxC, no aceptamos due\u00f1os ni pretendemos serlo\u201d, afirm\u00f3 Morales. Foto: Sebasti\u00e1n Granata. El presidente del comit\u00e9 nacional de la UCR, Gerardo Morales, hizo un gui\u00f1o al Partido Socialista (PS) al asegurar este viernes que su espacio procura \u201cuna coalici\u00f3n m\u00e1s amplia que Juntos por el Cambio (JxC)\u201d y record\u00f3 que existe [&hellip;]<\/p>\n","protected":false},"author":1,"featured_media":33159,"comment_status":"closed","ping_status":"closed","sticky":false,"template":"","format":"standard","meta":[],"categories":[2],"tags":[],"_links":{"self":[{"href":"http:\/\/cordobainforma.info\/index.php\/wp-json\/wp\/v2\/posts\/33158"}],"collection":[{"href":"http:\/\/cordobainforma.info\/index.php\/wp-json\/wp\/v2\/posts"}],"about":[{"href":"http:\/\/cordobainforma.info\/index.php\/wp-json\/wp\/v2\/types\/post"}],"author":[{"embeddable":true,"href":"http:\/\/cordobainforma.info\/index.php\/wp-json\/wp\/v2\/users\/1"}],"replies":[{"embeddable":true,"href":"http:\/\/cordobainforma.info\/index.php\/wp-json\/wp\/v2\/comments?post=33158"}],"version-history":[{"count":0,"href":"http:\/\/cordobainforma.info\/index.php\/wp-json\/wp\/v2\/posts\/33158\/revisions"}],"wp:featuredmedia":[{"embeddable":true,"href":"http:\/\/cordobainforma.info\/index.php\/wp-json\/wp\/v2\/media\/33159"}],"wp:attachment":[{"href":"http:\/\/cordobainforma.info\/index.php\/wp-json\/wp\/v2\/media?parent=33158"}],"wp:term":[{"taxonomy":"category","embeddable":true,"href":"http:\/\/cordobainforma.info\/index.php\/wp-json\/wp\/v2\/categories?post=33158"},{"taxonomy":"post_tag","embeddable":true,"href":"http:\/\/cordobainforma.info\/index.php\/wp-json\/wp\/v2\/tags?post=33158"}],"curies":[{"name":"wp","href":"https:\/\/api.w.org\/{rel}","templated":true}]}}