{"id":33150,"date":"2022-02-18T20:11:02","date_gmt":"2022-02-18T20:11:02","guid":{"rendered":"http:\/\/cordobainforma.info\/index.php\/2022\/02\/18\/la-primera-dama-francesa-demanda-a-dos-mujeres-por-propagar-noticias-falsas-y-asegurar-que-es-transgenero\/"},"modified":"2022-02-18T20:11:02","modified_gmt":"2022-02-18T20:11:02","slug":"la-primera-dama-francesa-demanda-a-dos-mujeres-por-propagar-noticias-falsas-y-asegurar-que-es-transgenero","status":"publish","type":"post","link":"http:\/\/cordobainforma.info\/index.php\/2022\/02\/18\/la-primera-dama-francesa-demanda-a-dos-mujeres-por-propagar-noticias-falsas-y-asegurar-que-es-transgenero\/","title":{"rendered":"La primera dama francesa demanda a dos mujeres por propagar noticias falsas y asegurar que es transg\u00e9nero"},"content":{"rendered":"<p><img src=\"http:\/\/cordobainforma.info\/wp-content\/uploads\/2022\/02\/la-primera-dama-francesa-demanda-a-dos-mujeres-por-propagar-noticias-falsas-y-asegurar-que-es-transgenero.jpg\"><\/p>\n<div readability=\"32\">\n<p><span>Publicado:<\/span><time class=\"Timestamp-root Timestamp-isBlackColor \" datetime=\"2022-02-18T20:11:02+00:00\"> 18 feb 2022 20:11 GMT <\/time><\/p>\n<\/div>\n<div readability=\"33\">\n<p> El caso surge mientras Emmanuel Macron se prepara tentativamente para la campa\u00f1a de reelecci\u00f3n presidencial en abril. <\/p>\n<\/div>\n<div readability=\"64.342010122921\">\n<p>La primera dama francesa, Brigitte Macron, present\u00f3 este viernes una denuncia contra dos mujeres por propagar en las redes sociales noticias falsas sobre su g\u00e9nero.<\/p>\n<p>Fuentes judiciales confirmaron a los&nbsp;<a href=\"https:\/\/www.lefigaro.fr\/politique\/brigitte-macron-assigne-en-justice-deux-femmes-ayant-propage-des-rumeurs-transphobes-a-son-encontre-20220218\" target=\"_blank\" rel=\"noopener noreferrer\">medios<\/a>&nbsp;locales que las dos acusadas, una periodista independiente y una llamada &#8216;vidente&#8217; espiritual, tendr\u00e1n que comparecer en una audiencia ante el Tribunal Judicial de Par\u00eds, fijada para el pr\u00f3ximo 15 de junio.<\/p>\n<p>A la demanda se sumaron los tres hijos de Brigitte Macron de su matrimonio anterior, as\u00ed como su hermano, en particular por actos de&nbsp;<strong>violaci\u00f3n a la privacidad<\/strong>,&nbsp;<strong>vulneraci\u00f3n de los derechos de la personalidad<\/strong>&nbsp;y&nbsp;<strong>violaci\u00f3n de los derechos de imagen<\/strong>.<\/p>\n<div class=\"ReadMore-root Section-root Section-is1to3-xs_is1to1\" data-widgets=\"ReadMore\">\n<div class=\"Section-container Section-isRow-isTop-isWrap\">\n<article class=\"Card-root Card-is1to1 \">\n<div class=\"Card-imageWrap\">\n<div class=\"Card-picture\"> <picture class=\"Picture-root Picture-default\"><!--[if IE 9]><video style=\"display: none;\"><![endif]--><source media=\"(-webkit-min-device-pixel-ratio: 2) and (min-resolution: 120dpi)\" srcset=\"http:\/\/cordobainforma.info\/wp-content\/uploads\/2022\/02\/la-primera-dama-francesa-demanda-a-dos-mujeres-por-propagar-noticias-falsas-y-asegurar-que-es-transgenero-2.jpg 850w, http:\/\/cordobainforma.info\/wp-content\/uploads\/2022\/02\/la-primera-dama-francesa-demanda-a-dos-mujeres-por-propagar-noticias-falsas-y-asegurar-que-es-transgenero-3.jpg 1960w\"><source srcset=\"http:\/\/cordobainforma.info\/wp-content\/uploads\/2022\/02\/la-primera-dama-francesa-demanda-a-dos-mujeres-por-propagar-noticias-falsas-y-asegurar-que-es-transgenero-2.jpg 460w, http:\/\/cordobainforma.info\/wp-content\/uploads\/2022\/02\/la-primera-dama-francesa-demanda-a-dos-mujeres-por-propagar-noticias-falsas-y-asegurar-que-es-transgenero-3.jpg 980w\"><!--[if IE 9]><\/video><![endif]--><img data-sizes=\"auto\" src=\"http:\/\/cordobainforma.info\/wp-content\/uploads\/2022\/02\/la-primera-dama-francesa-demanda-a-dos-mujeres-por-propagar-noticias-falsas-y-asegurar-que-es-transgenero-2.jpg\" class=\"Picture-root Picture-default lazyload\" alt=\"&quot;\u00a1Muito obrigada!&quot;: Brigitte Macron agradece el apoyo de los brasile\u00f1os tras el comentario de Bolsonaro\"><\/picture><!-- noscript pattern --><noscript><img src=\"http:\/\/cordobainforma.info\/wp-content\/uploads\/2022\/02\/la-primera-dama-francesa-demanda-a-dos-mujeres-por-propagar-noticias-falsas-y-asegurar-que-es-transgenero-3.jpg\" alt=\"&quot;\u00a1Muito obrigada!&quot;: Brigitte Macron agradece el apoyo de los brasile\u00f1os tras el comentario de Bolsonaro\"><\/noscript> <\/div><\/div>\n<\/article><\/div><\/div>\n<p>Los rumores en cuesti\u00f3n comenzaron despu\u00e9s de que las mujeres publicaran en YouTube una entrevista, en la que la periodista supuestamente asegura que la primera dama es en realidad una&nbsp;<strong>mujer transg\u00e9nero<\/strong>&nbsp;cuyo nombre de nacimiento era Jean-Michel Trogneux. El video obtuvo miles de visualizaciones antes de ser eliminado de la plataforma.<\/p>\n<p>A la par, en redes sociales se populariz\u00f3 la etiqueta &#8216;JeanMichelTrogneux&#8217;, que gan\u00f3 atenci\u00f3n nacional en diciembre del a\u00f1o pasado. Para entonces, el entorno de la primera dama ya&nbsp;<a href=\"https:\/\/actualidad.rt.com\/actualidad\/414326-brigitte-esposa-emmanuel-macron-denuncia-transexual\" target=\"_blank\" rel=\"noopener noreferrer\">anunci\u00f3<\/a>&nbsp;la intenci\u00f3n de llevar el problema ante la Justicia.<\/p>\n<p>El caso surge mientras Emmanuel Macron se prepara tentativamente para su campa\u00f1a de reelecci\u00f3n presidencial en abril.<\/p>\n<\/div>\n","protected":false},"excerpt":{"rendered":"<p>Publicado: 18 feb 2022 20:11 GMT El caso surge mientras Emmanuel Macron se prepara tentativamente para la campa\u00f1a de reelecci\u00f3n presidencial en abril. La primera dama francesa, Brigitte Macron, present\u00f3 este viernes una denuncia contra dos mujeres por propagar en las redes sociales noticias falsas sobre su g\u00e9nero. Fuentes judiciales confirmaron a los&nbsp;medios&nbsp;locales que las [&hellip;]<\/p>\n","protected":false},"author":1,"featured_media":33151,"comment_status":"closed","ping_status":"closed","sticky":false,"template":"","format":"standard","meta":[],"categories":[22],"tags":[],"_links":{"self":[{"href":"http:\/\/cordobainforma.info\/index.php\/wp-json\/wp\/v2\/posts\/33150"}],"collection":[{"href":"http:\/\/cordobainforma.info\/index.php\/wp-json\/wp\/v2\/posts"}],"about":[{"href":"http:\/\/cordobainforma.info\/index.php\/wp-json\/wp\/v2\/types\/post"}],"author":[{"embeddable":true,"href":"http:\/\/cordobainforma.info\/index.php\/wp-json\/wp\/v2\/users\/1"}],"replies":[{"embeddable":true,"href":"http:\/\/cordobainforma.info\/index.php\/wp-json\/wp\/v2\/comments?post=33150"}],"version-history":[{"count":0,"href":"http:\/\/cordobainforma.info\/index.php\/wp-json\/wp\/v2\/posts\/33150\/revisions"}],"wp:featuredmedia":[{"embeddable":true,"href":"http:\/\/cordobainforma.info\/index.php\/wp-json\/wp\/v2\/media\/33151"}],"wp:attachment":[{"href":"http:\/\/cordobainforma.info\/index.php\/wp-json\/wp\/v2\/media?parent=33150"}],"wp:term":[{"taxonomy":"category","embeddable":true,"href":"http:\/\/cordobainforma.info\/index.php\/wp-json\/wp\/v2\/categories?post=33150"},{"taxonomy":"post_tag","embeddable":true,"href":"http:\/\/cordobainforma.info\/index.php\/wp-json\/wp\/v2\/tags?post=33150"}],"curies":[{"name":"wp","href":"https:\/\/api.w.org\/{rel}","templated":true}]}}