{"id":33092,"date":"2022-02-18T17:25:00","date_gmt":"2022-02-18T17:25:00","guid":{"rendered":"https:\/\/ahora.com.ar\/\/la-concordiense-yael-oviedo-se-retira-del-futbol-n4258018"},"modified":"2022-02-18T17:25:00","modified_gmt":"2022-02-18T17:25:00","slug":"la-concordiense-yael-oviedo-se-retira-del-futbol","status":"publish","type":"post","link":"http:\/\/cordobainforma.info\/index.php\/2022\/02\/18\/la-concordiense-yael-oviedo-se-retira-del-futbol\/","title":{"rendered":"La concordiense Yael Oviedo se retira del f\u00fatbol"},"content":{"rendered":"<div><img src=\"http:\/\/cordobainforma.info\/wp-content\/uploads\/2022\/02\/la-concordiense-yael-oviedo-se-retira-del-futbol.jpg\" class=\"ff-og-image-inserted\"><\/div>\n<div contenteditable=\"false\" rel=\"freetext\" id=\"embed2467_wrap\" data-provider=\"facebook\" readability=\"31.338199513382\">\n<p>https:\/\/graph.facebook.com\/v8.0\/instagram_oembed?url=https%3A%2F%2Fwww.instagram.com%2Fp%2FCaH78JMFaA5%2F%3Futm_medium%3Dcopy_link&amp;access_token=EAAGZAH4sEtVABAI8sZAMxyse3nB6LkUHoFAbpHRjzQ8sago3jShqGUeyR08QA5zVWyQfwUV4rjnmXTtNOqX5egFyBxvXoEXAPGTkBbemfHDEm3CeZCjDC8KIBAb36IYH2araOWLrDpsmHxygWTVJZCyePnv8Qrn5qcSc2C0v5LvxZCoopfekzUwMa9LvfozwZD<span onclick=\"parent.parent.TinyMCETdcuerpo.preview_embed('embed2467')\" class=\"embed_colapse less\" id=\"embed2467_colapse\"><\/span><span onclick=\"parent.parent.TinyMCETdcuerpo.delete_embed('embed2467')\" class=\"embed_delete less\" id=\"embed2467_delete\"><\/span><\/p>\n<\/p><\/div>\n<p>Oviedo tuvo una extensa carrera en el deporte. En Argentina jug\u00f3 en Boca Juniors y UAI Urquiza, pero tambi\u00e9n tuvo experiencia en el extranjero en Foz Cataratas (Brasil), Granada, Rayo Vallecano de Madrid (Espa\u00f1a) y Universidad de Chile (Chile).<\/p>\n<p>Adem\u00e1s, integr\u00f3 la Selecci\u00f3n Argentina y disput\u00f3 los Juegos Odesur 2014, los Juegos Panamericanos Toronto 2015, la Copa Am\u00e9rica 2014 y 2018 y el Mundial de Francia 2019, en el que se consiguieron resultados hist\u00f3ricos para el f\u00fatbol femenino de nuestro pa\u00eds.<\/p>\n","protected":false},"excerpt":{"rendered":"<p>https:\/\/graph.facebook.com\/v8.0\/instagram_oembed?url=https%3A%2F%2Fwww.instagram.com%2Fp%2FCaH78JMFaA5%2F%3Futm_medium%3Dcopy_link&amp;access_token=EAAGZAH4sEtVABAI8sZAMxyse3nB6LkUHoFAbpHRjzQ8sago3jShqGUeyR08QA5zVWyQfwUV4rjnmXTtNOqX5egFyBxvXoEXAPGTkBbemfHDEm3CeZCjDC8KIBAb36IYH2araOWLrDpsmHxygWTVJZCyePnv8Qrn5qcSc2C0v5LvxZCoopfekzUwMa9LvfozwZD Oviedo tuvo una extensa carrera en el deporte. En Argentina jug\u00f3 en Boca Juniors y UAI Urquiza, pero tambi\u00e9n tuvo experiencia en el extranjero en Foz Cataratas (Brasil), Granada, Rayo Vallecano de Madrid (Espa\u00f1a) y Universidad de Chile (Chile). Adem\u00e1s, integr\u00f3 la Selecci\u00f3n Argentina y disput\u00f3 los Juegos Odesur 2014, los Juegos Panamericanos Toronto [&hellip;]<\/p>\n","protected":false},"author":1,"featured_media":33093,"comment_status":"closed","ping_status":"closed","sticky":false,"template":"","format":"standard","meta":[],"categories":[20],"tags":[],"_links":{"self":[{"href":"http:\/\/cordobainforma.info\/index.php\/wp-json\/wp\/v2\/posts\/33092"}],"collection":[{"href":"http:\/\/cordobainforma.info\/index.php\/wp-json\/wp\/v2\/posts"}],"about":[{"href":"http:\/\/cordobainforma.info\/index.php\/wp-json\/wp\/v2\/types\/post"}],"author":[{"embeddable":true,"href":"http:\/\/cordobainforma.info\/index.php\/wp-json\/wp\/v2\/users\/1"}],"replies":[{"embeddable":true,"href":"http:\/\/cordobainforma.info\/index.php\/wp-json\/wp\/v2\/comments?post=33092"}],"version-history":[{"count":0,"href":"http:\/\/cordobainforma.info\/index.php\/wp-json\/wp\/v2\/posts\/33092\/revisions"}],"wp:featuredmedia":[{"embeddable":true,"href":"http:\/\/cordobainforma.info\/index.php\/wp-json\/wp\/v2\/media\/33093"}],"wp:attachment":[{"href":"http:\/\/cordobainforma.info\/index.php\/wp-json\/wp\/v2\/media?parent=33092"}],"wp:term":[{"taxonomy":"category","embeddable":true,"href":"http:\/\/cordobainforma.info\/index.php\/wp-json\/wp\/v2\/categories?post=33092"},{"taxonomy":"post_tag","embeddable":true,"href":"http:\/\/cordobainforma.info\/index.php\/wp-json\/wp\/v2\/tags?post=33092"}],"curies":[{"name":"wp","href":"https:\/\/api.w.org\/{rel}","templated":true}]}}