{"id":33090,"date":"2022-02-18T00:56:00","date_gmt":"2022-02-18T00:56:00","guid":{"rendered":"https:\/\/somoscordobeses.com\/2022\/02\/17\/video-exploto-un-camion-con-30-mil-litros-de-gas-al-quedar-en-medio-de-las-llamas-en-corrientes\/"},"modified":"2022-02-18T00:56:00","modified_gmt":"2022-02-18T00:56:00","slug":"video-exploto-un-camion-con-30-mil-litros-de-gas-al-quedar-en-medio-de-las-llamas-en-corrientes","status":"publish","type":"post","link":"http:\/\/cordobainforma.info\/index.php\/2022\/02\/18\/video-exploto-un-camion-con-30-mil-litros-de-gas-al-quedar-en-medio-de-las-llamas-en-corrientes\/","title":{"rendered":"Video: explot\u00f3 un cami\u00f3n con 30 mil litros de gas al quedar en medio de las llamas en Corrientes"},"content":{"rendered":"<div>\n<p>Si algo hab\u00eda para sumarle dramatismo a la dif\u00edcil situaci\u00f3n de la provincia de Corrientes debido a los incendios, este jueves se conoci\u00f3 la imagen de un cami\u00f3n que <strong>transportaba gas <\/strong>que <strong>explot\u00f3 al ser alcanzado por las llamas.<\/strong><\/p>\n<p> El hecho ocurri\u00f3 sobre la ruta 14, cuando el veh\u00edculo qued\u00f3 rodeado entre los focos de altas llamas de los pastizales linderos que avanzaron sobre el camino. Seg\u00fan inform\u00f3 la local <em>Radio Sudamericana<\/em> (100.5), el transporte llevaba cerca de <strong>30 mil litros de gas<\/strong>.<\/p>\n<p> Por su parte, el medio <em>Misiones Online <\/em>detall\u00f3 que el camionero de la firma Liquigas&nbsp;intent\u00f3 girar para evitar las llamas que hab\u00eda al frente y termin\u00f3 <strong>varado en el barranco, <\/strong>en un<strong> escenario dantesco.<\/strong><\/p>\n<p> Fue a la altura de la ciudad de<strong> Santo Tom\u00e9<\/strong>, que se vio afectada por distintos focos de incendios. Los medios provinciales indicaron&nbsp;que lo peor de esa&nbsp;zona est\u00e1 sucediendo en el <strong>Paraje Los Bretes<\/strong>, a continuaci\u00f3n de la ruta nacional 121, muy cerca del casco urbano de la localidad.<\/p>\n<p> Seg\u00fan los primeros reportes, <strong>algunas casas peligran<\/strong> dado la magnitud de los vientos.<\/p>\n<h2>Sin defensa contra el fuego<\/h2>\n<div>\n<div> <picture><source media=\"(min-width: 720px)\"><\/picture><figcaption>\n<p>Combaten los incendios en Corrientes. Foto Reuters. <\/p>\n<\/figcaption><\/div>\n<\/div>\n<p>Las llamas no se detienen en Corrientes y la Provincia de Buenos Aires envi\u00f3 un equipo con m\u00e1s de un <strong>centenar de brigadistas<\/strong> y dos helic\u00f3pteros equipados con <strong>helibaldes<\/strong> para intentar contener el avance de los incendios que se acercan peligrosamente a algunas ciudades.<\/p>\n<p>Varias <strong>familias se autoevacuaron<\/strong> por algunas horas en Ituzaing\u00f3 debido a que el fuego se aproximaba peligrosamente a sus viviendas pese al esfuerzo de bomberos, polic\u00edas, brigadistas y voluntarios.<\/p>\n<p>Los incendios rurales se combaten por tierra y aire. El avance del fuego afecta plantaciones forestales, bosques nativos, pastizales y zonas de humedales en portales de ingreso a los Esteros del Iber\u00e1,<\/p>\n<p>\u201cAlgunos fueron controlados, pero la situaci\u00f3n sigue muy mal y hay focos de gran magnitud que permanecen activos, como el de Paraje Galarza\u201d, asegur\u00f3 el jefe de Operaciones de Defensa Civil, <strong>Orlando Bertoni<\/strong>.<\/p>\n<p>El funcionario provincial dijo en declaraciones a la agencia de noticias <em>T\u00e9lam <\/em>que las zonas m\u00e1s gravemente afectadas son hoy<strong> <\/strong>Santo Tom\u00e9, Gobernador Virasoro, Paraje Galarza, Santa Rosa y Mariano I. Loza, Santa Luc\u00eda y Bella Vista\u201d .<\/p>\n<p>\u201cEn la zona de Mariano I. Loza,<strong> murieron muchos animales de corral <\/strong>que no pudieron escapar del fuego\u201d, relat\u00f3 Bertoni y agreg\u00f3 que en paraje Galarza, los bomberos y brigadistas contin\u00faan trabajando sin pausa\u201d.<\/p>\n<p>Al respecto, se\u00f1al\u00f3 que unas ocho dotaciones de bomberos est\u00e1n en esa zona brigadistas y aviones hidrantes.<\/p>\n<p>En tanto, el director de <strong>Defensa Civil<\/strong>, Eulogio M\u00e1rquez, se\u00f1al\u00f3 que el mapa satelital registra \u201c<strong>m\u00e1s de 20 focos \u00edgneos<\/strong>\u201d y consider\u00f3 como uno de los m\u00e1s preocupantes el fuego que se desat\u00f3 en el casco urbano de la localidad de Santa Rosa.<\/p>\n<div>\n<div> <picture><source media=\"(min-width: 720px)\"><\/picture><figcaption>\n<p>Una imagen de los incendios en Corrientes. Foto Reuters. <\/p>\n<\/figcaption><\/div>\n<\/div>\n<p>Al respecto, el funcionario detall\u00f3 en declaraciones radiales que \u201clas viviendas estuvieron amenazadas\u201d por las llamas, \u201cpero el incendio ya fue controlado\u201d.<\/p>\n<p>\u201c<strong>Con una lluvia de 100 mil\u00edmetros, podr\u00edamos descansar<\/strong>\u201c, afirm\u00f3 el jefe de Operaciones de Defensa Civil y agreg\u00f3 que \u201ccon 300 mil\u00edmetros de precipitaciones, a raz\u00f3n de 50 mil\u00edmetros por d\u00eda, la situaci\u00f3n empezar\u00eda a mejorar\u201d.<\/p>\n<p>Por la sequ\u00eda e incendios que se registran en Corrientes el gobernador Gustavo Vald\u00e9s <strong>declar\u00f3 la emergencia agropecuaria<\/strong>, y trabajan para combatir el fuego, brigadistas del Servicio Nacional de Manejo del Fuego, bomberos voluntarios, personal de Defensa Civil, adem\u00e1s de una decena de aviones hidrantes.<\/p>\n<p><em>DS<\/em><\/p>\n<div>\n<h2>TEMAS QUE APARECEN EN ESTA NOTA<\/h2>\n<\/div>\n<\/div>\n<nav class=\"navigation post-navigation\" role=\"navigation\" aria-label=\"Continue Reading\">\n<h2 class=\"screen-reader-text\">Continue Reading<\/h2>\n<\/nav>\n","protected":false},"excerpt":{"rendered":"<p>Si algo hab\u00eda para sumarle dramatismo a la dif\u00edcil situaci\u00f3n de la provincia de Corrientes debido a los incendios, este jueves se conoci\u00f3 la imagen de un cami\u00f3n que transportaba gas que explot\u00f3 al ser alcanzado por las llamas. El hecho ocurri\u00f3 sobre la ruta 14, cuando el veh\u00edculo qued\u00f3 rodeado entre los focos de [&hellip;]<\/p>\n","protected":false},"author":1,"featured_media":33091,"comment_status":"closed","ping_status":"closed","sticky":false,"template":"","format":"standard","meta":[],"categories":[2],"tags":[],"_links":{"self":[{"href":"http:\/\/cordobainforma.info\/index.php\/wp-json\/wp\/v2\/posts\/33090"}],"collection":[{"href":"http:\/\/cordobainforma.info\/index.php\/wp-json\/wp\/v2\/posts"}],"about":[{"href":"http:\/\/cordobainforma.info\/index.php\/wp-json\/wp\/v2\/types\/post"}],"author":[{"embeddable":true,"href":"http:\/\/cordobainforma.info\/index.php\/wp-json\/wp\/v2\/users\/1"}],"replies":[{"embeddable":true,"href":"http:\/\/cordobainforma.info\/index.php\/wp-json\/wp\/v2\/comments?post=33090"}],"version-history":[{"count":0,"href":"http:\/\/cordobainforma.info\/index.php\/wp-json\/wp\/v2\/posts\/33090\/revisions"}],"wp:featuredmedia":[{"embeddable":true,"href":"http:\/\/cordobainforma.info\/index.php\/wp-json\/wp\/v2\/media\/33091"}],"wp:attachment":[{"href":"http:\/\/cordobainforma.info\/index.php\/wp-json\/wp\/v2\/media?parent=33090"}],"wp:term":[{"taxonomy":"category","embeddable":true,"href":"http:\/\/cordobainforma.info\/index.php\/wp-json\/wp\/v2\/categories?post=33090"},{"taxonomy":"post_tag","embeddable":true,"href":"http:\/\/cordobainforma.info\/index.php\/wp-json\/wp\/v2\/tags?post=33090"}],"curies":[{"name":"wp","href":"https:\/\/api.w.org\/{rel}","templated":true}]}}