{"id":33088,"date":"2022-02-18T01:38:00","date_gmt":"2022-02-18T01:38:00","guid":{"rendered":"https:\/\/somoscordobeses.com\/2022\/02\/17\/carlos-bilardo-recibio-una-distincion-de-conmebol-y-recibio-a-los-campeones-del-86\/"},"modified":"2022-02-18T01:38:00","modified_gmt":"2022-02-18T01:38:00","slug":"carlos-bilardo-recibio-una-distincion-de-conmebol-y-recibio-a-los-campeones-del-86","status":"publish","type":"post","link":"http:\/\/cordobainforma.info\/index.php\/2022\/02\/18\/carlos-bilardo-recibio-una-distincion-de-conmebol-y-recibio-a-los-campeones-del-86\/","title":{"rendered":"Carlos Bilardo recibi\u00f3 una distinci\u00f3n de Conmebol y recibi\u00f3 a los campeones del 86"},"content":{"rendered":"<div>\n<div>\n<p>El f\u00fatbol se emociona cada vez que se recuerda a los \u00faltimos campeones del mundo y mucho m\u00e1s cuando el DT es noticia. Luego de que se promocione su&nbsp;serie y reaparecer con una foto familiar, ahora Carlos Salvador Bilardo recibi\u00f3 un reconocimiento por parte de la <strong>Conmebol<\/strong> y lo fueron a ver&nbsp;cuatro de sus dirigidos en el <strong>Mundial 1986<\/strong>.<\/p>\n<p><strong>Oscar Ruggeri, Jorge Burruchaga, Sergio Batista y Ricardo Giusti<\/strong> posaron, con mucha felicidad, con el <em>Doctor<\/em>, que fue premiado con la <strong>Licencia Honor\u00edfica de Entrenador de Conmebol.<\/strong> As\u00ed tambi\u00e9n lo public\u00f3 <strong>Alejandro Dom\u00ednguez<\/strong>, presidente de la confederaci\u00f3n.&nbsp;<\/p>\n<p>\u201c<strong>\u00a1Enorme alegr\u00eda haberle entregado la Licencia Honor\u00edfica de Entrenador de<br \/>@CONMEBOL a mi querido amigo, el doctor Carlos Bilardo! Uno de los muchos reconocimientos que se merece este inigualable maestro campe\u00f3n del mundo<\/strong>\u201c, detall\u00f3 Dom\u00ednguez.<\/p>\n<blockquote>\n<p dir=\"ltr\" lang=\"es\">\u00a1Enorme alegr\u00eda haberle entregado la Licencia Honor\u00edfica de Entrenador de @CONMEBOL a mi querido amigo, el doctor Carlos Bilardo! Uno de los muchos reconocimientos que se merece este inigualable maestro campe\u00f3n del mundo \ud83d\udc4f\ud83c\udffb pic.twitter.com\/XGE5EiOOkL<\/p>\n<p>\u2014 Alejandro Dom\u00ednguez (@agdws) February 18, 2022<\/p>\n<\/blockquote>\n<p>Tambi\u00e9n agradeci\u00f3 la presencia de los cuatro campeones,&nbsp;que compartieron un almuerzo con Bilardo.<\/p>\n<p><em>Burru<\/em> tambi\u00e9n public\u00f3 fotos con el reencuentro con el Narig\u00f3n. \u201c<strong>Que lindo volverte a ver y recordar gratos momentos vividos juntos. Gracias por todo maestro<\/strong>\u201c, escribi\u00f3 el autor del gol de la final.<\/p>\n<h2>El estado de salud de Carlos Bilardo<\/h2>\n<p><strong>El \u201cNarig\u00f3n\u201d sufre el s\u00edndrome de Hakim-Adams, una enfermedad neurodegenerativa que se le detect\u00f3 en mayo de 2018<\/strong>, y hace tiempo no se lo ve\u00eda p\u00fablicamente. De hecho, su entorno m\u00e1s cercano coment\u00f3 que por el momento, para no afectarlo emocionalmente, no le comunicaron los fallecimientos de Diego Maradona, Alejandro Sabella, el \u201cTata\u201d Brown o \u201cCacho\u201d Malbernat, entre otros afectos.<\/p>\n<\/div>\n<\/div>\n<nav class=\"navigation post-navigation\" role=\"navigation\" aria-label=\"Continue Reading\">\n<h2 class=\"screen-reader-text\">Continue Reading<\/h2>\n<\/nav>\n","protected":false},"excerpt":{"rendered":"<p>El f\u00fatbol se emociona cada vez que se recuerda a los \u00faltimos campeones del mundo y mucho m\u00e1s cuando el DT es noticia. Luego de que se promocione su&nbsp;serie y reaparecer con una foto familiar, ahora Carlos Salvador Bilardo recibi\u00f3 un reconocimiento por parte de la Conmebol y lo fueron a ver&nbsp;cuatro de sus dirigidos [&hellip;]<\/p>\n","protected":false},"author":1,"featured_media":33089,"comment_status":"closed","ping_status":"closed","sticky":false,"template":"","format":"standard","meta":[],"categories":[20,2],"tags":[],"_links":{"self":[{"href":"http:\/\/cordobainforma.info\/index.php\/wp-json\/wp\/v2\/posts\/33088"}],"collection":[{"href":"http:\/\/cordobainforma.info\/index.php\/wp-json\/wp\/v2\/posts"}],"about":[{"href":"http:\/\/cordobainforma.info\/index.php\/wp-json\/wp\/v2\/types\/post"}],"author":[{"embeddable":true,"href":"http:\/\/cordobainforma.info\/index.php\/wp-json\/wp\/v2\/users\/1"}],"replies":[{"embeddable":true,"href":"http:\/\/cordobainforma.info\/index.php\/wp-json\/wp\/v2\/comments?post=33088"}],"version-history":[{"count":0,"href":"http:\/\/cordobainforma.info\/index.php\/wp-json\/wp\/v2\/posts\/33088\/revisions"}],"wp:featuredmedia":[{"embeddable":true,"href":"http:\/\/cordobainforma.info\/index.php\/wp-json\/wp\/v2\/media\/33089"}],"wp:attachment":[{"href":"http:\/\/cordobainforma.info\/index.php\/wp-json\/wp\/v2\/media?parent=33088"}],"wp:term":[{"taxonomy":"category","embeddable":true,"href":"http:\/\/cordobainforma.info\/index.php\/wp-json\/wp\/v2\/categories?post=33088"},{"taxonomy":"post_tag","embeddable":true,"href":"http:\/\/cordobainforma.info\/index.php\/wp-json\/wp\/v2\/tags?post=33088"}],"curies":[{"name":"wp","href":"https:\/\/api.w.org\/{rel}","templated":true}]}}