{"id":32975,"date":"2022-02-16T12:49:58","date_gmt":"2022-02-16T12:49:58","guid":{"rendered":"https:\/\/www.mujerhoy.com\/moda\/tendencias\/pantalones-vaqueros-mango-nueva-coleccion-combinan-jerseis-20220216134419-nt.html"},"modified":"2022-02-16T12:49:58","modified_gmt":"2022-02-16T12:49:58","slug":"los-vaqueros-de-las-nuevas-colecciones-que-mejor-sientan-solo-los-encontraras-en-la-web-de-mango-y-quedan-de-maravilla-con-todos-tus-jerseis","status":"publish","type":"post","link":"http:\/\/cordobainforma.info\/index.php\/2022\/02\/16\/los-vaqueros-de-las-nuevas-colecciones-que-mejor-sientan-solo-los-encontraras-en-la-web-de-mango-y-quedan-de-maravilla-con-todos-tus-jerseis\/","title":{"rendered":"Los vaqueros de las nuevas colecciones que mejor sientan solo los encontrar\u00e1s en la web de Mango y quedan de maravilla con todos tus jers\u00e9is"},"content":{"rendered":"<p><!-- AUTHOR --><!-- COMPONENTS --><\/p>\n<p class=\"voc-paragraph\">\u00bfEst\u00e1s pensando en<br \/>\n<strong> renovar tus b\u00e1sicos<\/strong> de cara a la nueva temporada? En ese caso, tal vez deber\u00edas hacerte con <a data-voc-vtm-id=\"in-text-traffic\" href=\"https:\/\/www.mujerhoy.com\/moda\/tendencias\/camisas-blancas-zara-bonitas-baratas-basicos-primavera-20220208141832-nt.html\">una camisa de color blanco<\/a>, con <a data-voc-vtm-id=\"in-text-traffic\" href=\"https:\/\/www.mujerhoy.com\/moda\/no-te-pierdas\/trench-bonito-primavera-mango-chaleco-desmontable-looks-diario-2022-20220208072254-nt.html\">un bonito trench<\/a> o con <a data-voc-vtm-id=\"in-text-traffic\" href=\"https:\/\/www.mujerhoy.com\/moda\/no-te-pierdas\/blazer-gabardina-chaqueta-efecto-piel-tendencia-elegante-transforma-look-diario-20211220081912-nt.html\">una blazer de efecto piel<\/a>. Pero, sin duda, lo primero que tienes que incorporar a tu armario es <a data-voc-vtm-id=\"in-text-traffic\" href=\"https:\/\/www.mujerhoy.com\/moda\/tendencias\/vaqueros-culotte-baratos-mas-vendidos-rebajas-mango-descuento-hacen-tipazo-20220123135010-nt.html\">un pantal\u00f3n vaquero<\/a>. Al fin y al cabo, \u00bfqu\u00e9 hay m\u00e1s b\u00e1sico que unos jeans?\n<\/p>\n<p class=\"voc-paragraph\">Elige uno que sea muy vers\u00e1til para que puedas combinarlo <strong>con todos tus jers\u00e9is<\/strong>, tanto lo que queda de invierno como cuando la primavera nos traiga el buen tiempo. Pero no solo debe ser c\u00f3modo y pr\u00e1ctico, sino que tambi\u00e9n es importante que te siente bien. Y si te quita a\u00f1os de encima, mucho mejor, \u00bfno te parece?\n<\/p>\n<p class=\"voc-paragraph\">Por suerte, hemos encontrado un modelo que re\u00fane todos estos requisitos. De momento solo est\u00e1 disponible en la p\u00e1gina web de Mango, pero estamos seguras de que pronto llegar\u00e1 a las tiendas. Se trata de unos vaqueros tan sencillos como favorecedores que nos han conquistado por <strong>su aire alegre y desenfadado<\/strong>, que te permitir\u00e1 rejuvenecer cualquier look.\n<\/p>\n<div class=\"voc-detail-photo-zoom\"><picture data-toggle=\"modal\" data-target=\"#photoZoomModal-660\" target=\"modal\">\n<div class=\"voc-img-icon-link\"><img loading=\"lazy\" data-original=\"\/\/static1.mujerhoy.com\/www\/multimedia\/202202\/09\/media\/cortadas\/pantalones-vaqueros-web-kmKG--460x637@MujerHoy.jpg\" class=\"lazy\" alt=\"Los vaqueros son tan sencillos como favorecedores\"><noscript><img src=\"http:\/\/cordobainforma.info\/wp-content\/uploads\/2022\/02\/los-vaqueros-de-las-nuevas-colecciones-que-mejor-sientan-solo-los-encontraras-en-la-web-de-mango-y-quedan-de-maravilla-con-todos-tus-jerseis.jpg\" alt=\"Los vaqueros son tan sencillos como favorecedores\"><\/noscript><i class=\"voc-icons zoom voc-multimedia-box voc-ico-l\"><\/i><\/div><figcaption class=\"figure-caption\">Los vaqueros son tan sencillos como favorecedores<\/figcaption><\/picture><\/div>\n<div id=\"photoZoomModal-660\" class=\"voc-lightbox modal fade voc-lightbox--photo-zoom\" role=\"dialog\" data-voc-photozoom-lightbox>\n<div class=\"voc-lightbox__dialog\" role=\"document\">\n<div class=\"voc-lightbox__content\"><!-- Modal header --><!-- Modal content --><\/p>\n<div class=\"voc-lightbox__photo-container\"><picture class><img loading=\"lazy\" data-original=\"\/\/static1.mujerhoy.com\/www\/multimedia\/202202\/09\/media\/cortadas\/pantalones-vaqueros-web-kmKG--460x637@MujerHoy.jpg\" alt=\"Los vaqueros son tan sencillos como favorecedores\" class=\"lazy\"><noscript><img src=\"http:\/\/cordobainforma.info\/wp-content\/uploads\/2022\/02\/los-vaqueros-de-las-nuevas-colecciones-que-mejor-sientan-solo-los-encontraras-en-la-web-de-mango-y-quedan-de-maravilla-con-todos-tus-jerseis.jpg\" alt=\"Los vaqueros son tan sencillos como favorecedores\"><\/noscript><\/picture><\/div>\n<\/div>\n<\/div>\n<\/div>\n<p class=\"voc-paragraph\">Su dise\u00f1o es de corte largo, pernera ancha y tiro alto. Tienen una goma el\u00e1stica en la cintura que ayuda a marcar la silueta y, por tanto, hace tipazo. El bajo tiene un acabado deshilachado que acent\u00faa su estilo juvenil. Cuentan con trabillas, con un total de cinco bolsillos y con <strong>un cierre frontal de botones<\/strong>. <\/p>\n<p class=\"voc-paragraph\">Han sido confeccionados con un tejido estilo denim de algod\u00f3n, del que un 20% es reciclado. Esto los convierte en una prenda sostenible, al reducir su impacto ambiental. Est\u00e1n disponibles en dos tonos de azul (medio y oscuro) y ambos los encontrar\u00e1s en una amplia variedad de tallas (de la 32 a la 46). En cuanto a su precio, es de 39,99 euros.\n<\/p>\n<div class=\"voc-detail__cmp voc-detail__cmp--pad-lr voc-detail__cmp--pad-lr--bdr\">\n<div class=\"voc-ficha-detail__wrapper\">\n<section class=\"voc-ficha-detail\">\n<h4 class=\"voc-ficha-detail-title voc-title-section\">Te recomendamos<\/h4>\n<\/section>\n<\/div>\n<\/div>\n<p><!-- TOPICS --><\/p>\n","protected":false},"excerpt":{"rendered":"<p>\u00bfEst\u00e1s pensando en renovar tus b\u00e1sicos de cara a la nueva temporada? En ese caso, tal vez deber\u00edas hacerte con una camisa de color blanco, con un bonito trench o con una blazer de efecto piel. Pero, sin duda, lo primero que tienes que incorporar a tu armario es un pantal\u00f3n vaquero. Al fin y [&hellip;]<\/p>\n","protected":false},"author":1,"featured_media":32976,"comment_status":"closed","ping_status":"closed","sticky":false,"template":"","format":"standard","meta":[],"categories":[24],"tags":[],"_links":{"self":[{"href":"http:\/\/cordobainforma.info\/index.php\/wp-json\/wp\/v2\/posts\/32975"}],"collection":[{"href":"http:\/\/cordobainforma.info\/index.php\/wp-json\/wp\/v2\/posts"}],"about":[{"href":"http:\/\/cordobainforma.info\/index.php\/wp-json\/wp\/v2\/types\/post"}],"author":[{"embeddable":true,"href":"http:\/\/cordobainforma.info\/index.php\/wp-json\/wp\/v2\/users\/1"}],"replies":[{"embeddable":true,"href":"http:\/\/cordobainforma.info\/index.php\/wp-json\/wp\/v2\/comments?post=32975"}],"version-history":[{"count":0,"href":"http:\/\/cordobainforma.info\/index.php\/wp-json\/wp\/v2\/posts\/32975\/revisions"}],"wp:featuredmedia":[{"embeddable":true,"href":"http:\/\/cordobainforma.info\/index.php\/wp-json\/wp\/v2\/media\/32976"}],"wp:attachment":[{"href":"http:\/\/cordobainforma.info\/index.php\/wp-json\/wp\/v2\/media?parent=32975"}],"wp:term":[{"taxonomy":"category","embeddable":true,"href":"http:\/\/cordobainforma.info\/index.php\/wp-json\/wp\/v2\/categories?post=32975"},{"taxonomy":"post_tag","embeddable":true,"href":"http:\/\/cordobainforma.info\/index.php\/wp-json\/wp\/v2\/tags?post=32975"}],"curies":[{"name":"wp","href":"https:\/\/api.w.org\/{rel}","templated":true}]}}