{"id":32971,"date":"2022-02-15T13:24:43","date_gmt":"2022-02-15T13:24:43","guid":{"rendered":"http:\/\/playfmradio.com\/?p=15336"},"modified":"2022-02-15T13:24:43","modified_gmt":"2022-02-15T13:24:43","slug":"protestas-en-el-mundo-contra-las-restricciones-por-el-covid-19","status":"publish","type":"post","link":"http:\/\/cordobainforma.info\/index.php\/2022\/02\/15\/protestas-en-el-mundo-contra-las-restricciones-por-el-covid-19\/","title":{"rendered":"Protestas en el mundo contra las restricciones por el COVID-19"},"content":{"rendered":"<p><em>Manifestantes de B\u00e9lgica, Francia y Canad\u00e1 salieron a las calles para oponerse a las medidas tomadas por los gobiernos<\/em><\/p>\n<p>En el marco de la implementaci\u00f3n de los pases sanitarios, para poder circular, decenas de personas decidieron expresar, de distintas maneras, su objeci\u00f3n al respecto. Desde este lunes, las autoridades propusieron <strong>ponerle fin a la ola de reclamos.<\/strong><\/p>\n<p>En varios pa\u00edses convocaron medidas de emergencia, prohibici\u00f3n y bloqueo de la agitaci\u00f3n social, presente en cada regi\u00f3n, para ponerle fin a la violencia que se estaba viviendo.<\/p>\n<p>El <strong>personal de seguridad est\u00e1 autorizado a multar<\/strong>, detener a quienes infrinjan las \u00f3rdenes estatales y que no permitan continuar con los controles de la polic\u00eda, en los focos de inconvenientes.<\/p>\n<p><strong>Por: Sof\u00eda Luz Corbella Navarro<\/strong><\/p>\n<p><a class=\"synved-social-button synved-social-button-share synved-social-size-32 synved-social-resolution-single synved-social-provider-facebook nolightbox\" data-provider=\"facebook\" target=\"_blank\" rel=\"nofollow noopener noreferrer\" title=\"Share on Facebook\" href=\"https:\/\/www.facebook.com\/sharer.php?u=http%3A%2F%2Fplayfmradio.com%2Fprotestas-en-el-mundo-contra-las-restricciones-por-el-covid-19%2F&amp;t=Protestas%20en%20el%20mundo%20contra%20las%20restricciones%20por%20el%20COVID-19&amp;s=100&amp;p[url]=http%3A%2F%2Fplayfmradio.com%2Fprotestas-en-el-mundo-contra-las-restricciones-por-el-covid-19%2F&amp;p[images][0]=http%3A%2F%2Fplayfmradio.com%2Fwp-content%2Fuploads%2F2022%2F02%2Fimagen-noticia-internacional-15.jpg&amp;p[title]=Protestas%20en%20el%20mundo%20contra%20las%20restricciones%20por%20el%20COVID-19\"><img loading=\"lazy\" alt=\"Facebook\" title=\"Share on Facebook\" class=\"synved-share-image synved-social-image synved-social-image-share\" width=\"32\" height=\"32\" src=\"http:\/\/cordobainforma.info\/wp-content\/uploads\/2022\/02\/protestas-en-el-mundo-contra-las-restricciones-por-el-covid-19.png\"><\/a><a class=\"synved-social-button synved-social-button-share synved-social-size-32 synved-social-resolution-single synved-social-provider-twitter nolightbox\" data-provider=\"twitter\" target=\"_blank\" rel=\"nofollow noopener noreferrer\" title=\"Share on Twitter\" href=\"https:\/\/twitter.com\/intent\/tweet?url=http%3A%2F%2Fplayfmradio.com%2Fprotestas-en-el-mundo-contra-las-restricciones-por-el-covid-19%2F&amp;text=Compartido%20de%20Playfmradio.com\"><img loading=\"lazy\" alt=\"twitter\" title=\"Share on Twitter\" class=\"synved-share-image synved-social-image synved-social-image-share\" width=\"32\" height=\"32\" src=\"http:\/\/cordobainforma.info\/wp-content\/uploads\/2022\/02\/protestas-en-el-mundo-contra-las-restricciones-por-el-covid-19-1.png\"><\/a><a class=\"synved-social-button synved-social-button-share synved-social-size-32 synved-social-resolution-single synved-social-provider-pinterest nolightbox\" data-provider=\"pinterest\" target=\"_blank\" rel=\"nofollow noopener noreferrer\" title=\"Pin it with Pinterest\" href=\"https:\/\/pinterest.com\/pin\/create\/button\/?url=http%3A%2F%2Fplayfmradio.com%2Fprotestas-en-el-mundo-contra-las-restricciones-por-el-covid-19%2F&amp;media=http%3A%2F%2Fplayfmradio.com%2Fwp-content%2Fuploads%2F2022%2F02%2Fimagen-noticia-internacional-15.jpg&amp;description=Protestas%20en%20el%20mundo%20contra%20las%20restricciones%20por%20el%20COVID-19\"><img loading=\"lazy\" alt=\"pinterest\" title=\"Pin it with Pinterest\" class=\"synved-share-image synved-social-image synved-social-image-share\" width=\"32\" height=\"32\" src=\"http:\/\/cordobainforma.info\/wp-content\/uploads\/2022\/02\/protestas-en-el-mundo-contra-las-restricciones-por-el-covid-19-2.png\"><\/a><a class=\"synved-social-button synved-social-button-share synved-social-size-32 synved-social-resolution-single synved-social-provider-tumblr nolightbox\" data-provider=\"tumblr\" target=\"_blank\" rel=\"nofollow noopener noreferrer\" title=\"Share on tumblr\" href=\"https:\/\/tumblr.com\/share?s=&amp;v=3&amp;t=Protestas%20en%20el%20mundo%20contra%20las%20restricciones%20por%20el%20COVID-19&amp;u=http%3A%2F%2Fplayfmradio.com%2Fprotestas-en-el-mundo-contra-las-restricciones-por-el-covid-19%2F\"><img loading=\"lazy\" alt=\"tumblr\" title=\"Share on tumblr\" class=\"synved-share-image synved-social-image synved-social-image-share\" width=\"32\" height=\"32\" src=\"http:\/\/cordobainforma.info\/wp-content\/uploads\/2022\/02\/protestas-en-el-mundo-contra-las-restricciones-por-el-covid-19-3.png\"><\/a><a class=\"synved-social-button synved-social-button-share synved-social-size-32 synved-social-resolution-single synved-social-provider-mail nolightbox\" data-provider=\"mail\" rel=\"nofollow\" title=\"Share by email\" href=\"mailto:?subject=Protestas%20en%20el%20mundo%20contra%20las%20restricciones%20por%20el%20COVID-19&amp;body=Compartido%20de%20Playfmradio.com:%20http%3A%2F%2Fplayfmradio.com%2Fprotestas-en-el-mundo-contra-las-restricciones-por-el-covid-19%2F\"><img loading=\"lazy\" alt=\"mail\" title=\"Share by email\" class=\"synved-share-image synved-social-image synved-social-image-share\" width=\"32\" height=\"32\" src=\"http:\/\/cordobainforma.info\/wp-content\/uploads\/2022\/02\/protestas-en-el-mundo-contra-las-restricciones-por-el-covid-19-4.png\"><\/a> <!-- AUTHOR PART ========================= --> <!-- AUTHOR PART END ========================= --> <\/p>\n","protected":false},"excerpt":{"rendered":"<p>Manifestantes de B\u00e9lgica, Francia y Canad\u00e1 salieron a las calles para oponerse a las medidas tomadas por los gobiernos En el marco de la implementaci\u00f3n de los pases sanitarios, para poder circular, decenas de personas decidieron expresar, de distintas maneras, su objeci\u00f3n al respecto. Desde este lunes, las autoridades propusieron ponerle fin a la ola [&hellip;]<\/p>\n","protected":false},"author":1,"featured_media":32972,"comment_status":"closed","ping_status":"closed","sticky":false,"template":"","format":"standard","meta":[],"categories":[23],"tags":[],"_links":{"self":[{"href":"http:\/\/cordobainforma.info\/index.php\/wp-json\/wp\/v2\/posts\/32971"}],"collection":[{"href":"http:\/\/cordobainforma.info\/index.php\/wp-json\/wp\/v2\/posts"}],"about":[{"href":"http:\/\/cordobainforma.info\/index.php\/wp-json\/wp\/v2\/types\/post"}],"author":[{"embeddable":true,"href":"http:\/\/cordobainforma.info\/index.php\/wp-json\/wp\/v2\/users\/1"}],"replies":[{"embeddable":true,"href":"http:\/\/cordobainforma.info\/index.php\/wp-json\/wp\/v2\/comments?post=32971"}],"version-history":[{"count":0,"href":"http:\/\/cordobainforma.info\/index.php\/wp-json\/wp\/v2\/posts\/32971\/revisions"}],"wp:featuredmedia":[{"embeddable":true,"href":"http:\/\/cordobainforma.info\/index.php\/wp-json\/wp\/v2\/media\/32972"}],"wp:attachment":[{"href":"http:\/\/cordobainforma.info\/index.php\/wp-json\/wp\/v2\/media?parent=32971"}],"wp:term":[{"taxonomy":"category","embeddable":true,"href":"http:\/\/cordobainforma.info\/index.php\/wp-json\/wp\/v2\/categories?post=32971"},{"taxonomy":"post_tag","embeddable":true,"href":"http:\/\/cordobainforma.info\/index.php\/wp-json\/wp\/v2\/tags?post=32971"}],"curies":[{"name":"wp","href":"https:\/\/api.w.org\/{rel}","templated":true}]}}