{"id":32920,"date":"2022-02-16T14:51:00","date_gmt":"2022-02-16T14:51:00","guid":{"rendered":"https:\/\/somoscordobeses.com\/2022\/02\/16\/boca-quiere-dejar-su-inocencia-de-lado-ante-aldosivi-hora-tv-y-formaciones\/"},"modified":"2022-02-16T14:51:00","modified_gmt":"2022-02-16T14:51:00","slug":"boca-quiere-dejar-su-inocencia-de-lado-ante-aldosivi-hora-tv-y-formaciones","status":"publish","type":"post","link":"http:\/\/cordobainforma.info\/index.php\/2022\/02\/16\/boca-quiere-dejar-su-inocencia-de-lado-ante-aldosivi-hora-tv-y-formaciones\/","title":{"rendered":"Boca quiere dejar su \u201cinocencia\u201d de lado ante Aldosivi: Hora, TV y formaciones"},"content":{"rendered":"<div>\n<div>\n<p>Luego del empate ante <strong>Col\u00f3n <\/strong>en el debut en la <strong>Copa de la Liga Profesional<\/strong>, <strong>Boca<\/strong> intentar\u00e1 sumar de a tres en<strong> Mar del Plata<\/strong> ante el <strong>Aldosivi <\/strong>de<strong> Mart\u00edn Palermo<\/strong>, que cay\u00f3 en su primera presentaci\u00f3n ante V\u00e9lez.&nbsp;<\/p>\n<p>El partido, v\u00e1lido por la <strong>segunda fecha<\/strong> de la Zona B, se jugar\u00e1 en el estadio mundialista <strong>Jos\u00e9 Mar\u00eda Minella<\/strong> a las <strong>19.15<\/strong> y ser\u00e1 televisado por la se\u00f1al <strong>Fox Sports Premium<\/strong>. El \u00e1rbitro ser\u00e1 <strong>Patricio Loustau<\/strong> y los l\u00edneas,<strong>&nbsp;Pablo Gonz\u00e1lez<\/strong> y <strong>Eduardo Lucero<\/strong>. &nbsp;<\/p>\n<blockquote>\n<p dir=\"ltr\" lang=\"es\">\u00a1Hoy juega #Boca! pic.twitter.com\/nekJvGoQWX<\/p>\n<p>\u2014 Boca Juniors (@BocaJrsOficial) February 16, 2022<\/p>\n<\/blockquote>\n<h2>C\u00f3mo llega Boca al duelo ante Aldosivi<\/h2>\n<p><strong>Boca <\/strong>llega a este partido luego de un empate que lament\u00f3 sobre el final frente a <strong>Col\u00f3n de Santa Fe<\/strong> por 1 a 1 que se disput\u00f3 en la Bombonera cuyo campo de juego no estaba no&nbsp;las mejores condiciones.<\/p>\n<p>M\u00e1s all\u00e1 de las declaraciones de <strong>Juan Rom\u00e1n Riquelme<\/strong> sobre la<strong> \u201cinocencia\u201d<\/strong> del equipo dirigido por<strong> Sebasti\u00e1n Battaglia<\/strong> y la falta de malicia, <strong>Boca<\/strong> deber\u00e1 ajustar ciertos detalles para poder conseguir su primera victoria en el certamen.<\/p>\n<p><strong>Battaglia<\/strong> har\u00eda&nbsp;al menos una modificaci\u00f3n con respecto al partido con Col\u00f3n, dado que el mediocampista <strong>Juan Ram\u00edrez<\/strong> no pudo recuperarse de un golpe sufrido en su <strong>tobillo derecho<\/strong> en el debut, por lo que no ser\u00e1 de la partida en Mar del Plata. El reemplazo ser\u00eda el <strong><em>Puplito<\/em> Gonz\u00e1lez<\/strong>.<\/p>\n<p>En la delantera seguir\u00e1n el colombiano <strong>Sebasti\u00e1n Villa<\/strong> junto con <strong>Eduardo <em>Toto<\/em>&nbsp;Salvio<\/strong>, teniendo a <strong>Dar\u00edo Benedetto<\/strong> como m\u00e1ximo referente de ataque.<\/p>\n<h2>Aldosivi quiere dar el golpe ante Boca<\/h2>\n<p>Por su lado, <strong>Aldosivi<\/strong>, equipo conducido por el \u00eddolo <em>xeneize<\/em>&nbsp;<strong>Mart\u00edn Palermo<\/strong>, tendr\u00e1 una sola modificaci\u00f3n en el equipo titular, ya que el paraguayo<strong> Marcos Miers<\/strong> ocupar\u00e1 el lugar del suspendido juvenil <strong>Nicol\u00e1s Valentini<\/strong>, quien fue expulsado frente a V\u00e9lez en la derrota por 2 a 0 en Liniers.<\/p>\n<p>El que a\u00fan no est\u00e1 para reaparecer es el delantero <strong>Mart\u00edn Cauteruccio<\/strong>, quien se recupera de una lesi\u00f3n, mientras que en la delantera seguir\u00e1 <strong>Andr\u00e9s R\u00edos<\/strong> y <strong>Santiago Silva <\/strong>ocupar\u00e1 un lugar en el banco de suplentes.<\/p>\n<p>Si bien no est\u00e1 habilitado el ingreso de hinchas visitantes, se estima que miles de simpatizantes boquenses estar\u00e1n en el estadio, los cuales no podr\u00e1n llevar camisetas o elementos que los identifiquen como tales pero se apostar\u00e1n en la popular norte y la platea descubierta del mismo sector.<\/p>\n<h2>Las probables formaciones de Aldosivi y Boca<\/h2>\n<p><strong>Aldosivi<\/strong>: Jos\u00e9 Devecchi; Rufino Lucero, Mario L\u00f3pez Quintana, Marcos Miers, Fernando Rom\u00e1n; Marcelo Meli, Leandro Maciel, Mat\u00edas Pisano, Tom\u00e1s Mart\u00ednez; Edwin Mosquera y Andr\u00e9s R\u00edos. DT: Mart\u00edn Palermo.<\/p>\n<p><strong>Boca<\/strong>: Agust\u00edn Rossi; Luis Adv\u00ecncula, Carlos Izquierdoz, Marcos Rojo, Frank Fabra; Guillermo Fern\u00e1ndez, Jorman Campuzano, Diego Gonz\u00e1lez; Eduardo Salvio, Dar\u00edo Benedetto y Sebasti\u00e1n Villa. DT: Sebasti\u00e1n Battaglia.<\/p>\n<\/div>\n<\/div>\n<nav class=\"navigation post-navigation\" role=\"navigation\" aria-label=\"Continue Reading\">\n<h2 class=\"screen-reader-text\">Continue Reading<\/h2>\n<\/nav>\n","protected":false},"excerpt":{"rendered":"<p>Luego del empate ante Col\u00f3n en el debut en la Copa de la Liga Profesional, Boca intentar\u00e1 sumar de a tres en Mar del Plata ante el Aldosivi de Mart\u00edn Palermo, que cay\u00f3 en su primera presentaci\u00f3n ante V\u00e9lez.&nbsp; El partido, v\u00e1lido por la segunda fecha de la Zona B, se jugar\u00e1 en el estadio [&hellip;]<\/p>\n","protected":false},"author":1,"featured_media":32921,"comment_status":"closed","ping_status":"closed","sticky":false,"template":"","format":"standard","meta":[],"categories":[20,2],"tags":[],"_links":{"self":[{"href":"http:\/\/cordobainforma.info\/index.php\/wp-json\/wp\/v2\/posts\/32920"}],"collection":[{"href":"http:\/\/cordobainforma.info\/index.php\/wp-json\/wp\/v2\/posts"}],"about":[{"href":"http:\/\/cordobainforma.info\/index.php\/wp-json\/wp\/v2\/types\/post"}],"author":[{"embeddable":true,"href":"http:\/\/cordobainforma.info\/index.php\/wp-json\/wp\/v2\/users\/1"}],"replies":[{"embeddable":true,"href":"http:\/\/cordobainforma.info\/index.php\/wp-json\/wp\/v2\/comments?post=32920"}],"version-history":[{"count":0,"href":"http:\/\/cordobainforma.info\/index.php\/wp-json\/wp\/v2\/posts\/32920\/revisions"}],"wp:featuredmedia":[{"embeddable":true,"href":"http:\/\/cordobainforma.info\/index.php\/wp-json\/wp\/v2\/media\/32921"}],"wp:attachment":[{"href":"http:\/\/cordobainforma.info\/index.php\/wp-json\/wp\/v2\/media?parent=32920"}],"wp:term":[{"taxonomy":"category","embeddable":true,"href":"http:\/\/cordobainforma.info\/index.php\/wp-json\/wp\/v2\/categories?post=32920"},{"taxonomy":"post_tag","embeddable":true,"href":"http:\/\/cordobainforma.info\/index.php\/wp-json\/wp\/v2\/tags?post=32920"}],"curies":[{"name":"wp","href":"https:\/\/api.w.org\/{rel}","templated":true}]}}