{"id":32918,"date":"2022-02-16T14:51:00","date_gmt":"2022-02-16T14:51:00","guid":{"rendered":"https:\/\/somoscordobeses.com\/2022\/02\/16\/la-defensa-de-andujar-por-su-reaccion-me-gritaron-barbaridades-sobre-la-muerte-de-mi-padre\/"},"modified":"2022-02-16T14:51:00","modified_gmt":"2022-02-16T14:51:00","slug":"la-defensa-de-andujar-por-su-reaccion-me-gritaron-barbaridades-sobre-la-muerte-de-mi-padre","status":"publish","type":"post","link":"http:\/\/cordobainforma.info\/index.php\/2022\/02\/16\/la-defensa-de-andujar-por-su-reaccion-me-gritaron-barbaridades-sobre-la-muerte-de-mi-padre\/","title":{"rendered":"La defensa de And\u00fajar por su reacci\u00f3n: \u201cMe gritaron barbaridades sobre la muerte de mi padre\u201d"},"content":{"rendered":"<div>\n<div>\n<p>Partido caliente el que se disput\u00f3&nbsp;en el<strong> Palacio de Parque Patricios<\/strong>. <strong>Estudiantes <\/strong>super\u00f3 3 a 2 a <strong>Hurac\u00e1n <\/strong>en un encuentro donde la pol\u00e9mica fue parte del juego debido al <strong>penal inexistente <\/strong>que cobr\u00f3&nbsp;<strong>Jorge Bali\u00f1o <\/strong>a favor del conjunto&nbsp;<em>Quemero<\/em>.&nbsp;Esta situaci\u00f3n mal predispuso a varios jugadores del&nbsp;<em>Pincha<\/em>&nbsp;que adem\u00e1s sufrieron la expulsi\u00f3n de <strong>Jorge Morel<\/strong>.<\/p>\n<p>Pero el punto m\u00e1s \u00e1lgido de violencia lo registr\u00f3 <strong>Mariano And\u00fajar <\/strong>al <strong>golpear <\/strong>en el final del partido el <strong>alambrado <\/strong>de la cancha del&nbsp;<em>Globo<\/em>&nbsp;donde hab\u00eda varios hinchas de <strong>Hurac\u00e1n que no lo pararon de insultar <\/strong>y se <strong>mofaron <\/strong>de la <strong>muerte <\/strong>de su <strong>padre<\/strong>.<\/p>\n<h2>El descargo de And\u00fajar tras la reacci\u00f3n ante los hinchas de Hurac\u00e1n<\/h2>\n<p>Ante esto, el <strong>arquero&nbsp;<\/strong>del&nbsp;<em>Le\u00f3n<\/em>&nbsp;hizo su <strong>descargo <\/strong>en su cuenta de&nbsp;<em>Instagram<\/em>:&nbsp;\u201c<strong>A veces se pierde de vista que aparte de ser profesionales del deporte tambi\u00e9n somos personas de carne y hueso<\/strong>. Y si bien \u2018la cultura Futbol\u2019&nbsp;lleva a justificar y a tomar como normales un mont\u00f3n de situaciones que se viven en un estadio creo firmemente que debiera haber un l\u00edmite\u201d, empez\u00f3 escribiendo.&nbsp;<\/p>\n<p>\u201cSolamente tengo palabras de agradecimiento con Hurac\u00e1n , club que estuve desde mis 7 a\u00f1os hasta los 21, jam\u00e1s tuve una declaraci\u00f3n en contra del club pero<strong> en cada partido que fui al Duco nunca termine de entender el porqu\u00e9 tanta bronca hacia mi. Pero lo entiendo como parte de lo que explique arriba \u2018la cultura Futbol&#8217;\u201d<\/strong>, a\u00f1adi\u00f3.<\/p>\n<p>\u201cNo voy a justificarme, porque mi reacci\u00f3n fue inapropiada. <strong>Por eso ayer mismo le ped\u00ed disculpas al presidente y al vice de Huracan, al presidente y vice de Estudiantes<\/strong>\u201c, dijo.<\/p>\n<p>Y tambi\u00e9n se refiri\u00f3 a los que se burlaron de la muerte de su padre: \u201c<strong>A las tres \/ cuatro personas que durante todo el segundo tiempo me gritaron barbaridades sobre mi padre fallecido , con conocimiento y datos de momentos espec\u00edficos de su vida, les cuento que hay l\u00edmites que deber\u00edan no cruzarse pero ac\u00e1 estamos y as\u00ed fue<\/strong>.&nbsp;<strong>A esos no les pido disculpas<\/strong>\u201c<\/p>\n<p>\u201cGracias a todos los que puedan comprender mi reacci\u00f3n. Y muchas gracias a la familia pincha por tantos mensajes de cari\u00f1o. Mariano And\u00fajar\u201d, concluy\u00f3.<\/p>\n<\/div>\n<\/div>\n<nav class=\"navigation post-navigation\" role=\"navigation\" aria-label=\"Continue Reading\">\n<h2 class=\"screen-reader-text\">Continue Reading<\/h2>\n<\/nav>\n","protected":false},"excerpt":{"rendered":"<p>Partido caliente el que se disput\u00f3&nbsp;en el Palacio de Parque Patricios. Estudiantes super\u00f3 3 a 2 a Hurac\u00e1n en un encuentro donde la pol\u00e9mica fue parte del juego debido al penal inexistente que cobr\u00f3&nbsp;Jorge Bali\u00f1o a favor del conjunto&nbsp;Quemero.&nbsp;Esta situaci\u00f3n mal predispuso a varios jugadores del&nbsp;Pincha&nbsp;que adem\u00e1s sufrieron la expulsi\u00f3n de Jorge Morel. Pero el [&hellip;]<\/p>\n","protected":false},"author":1,"featured_media":32919,"comment_status":"closed","ping_status":"closed","sticky":false,"template":"","format":"standard","meta":[],"categories":[20,2],"tags":[],"_links":{"self":[{"href":"http:\/\/cordobainforma.info\/index.php\/wp-json\/wp\/v2\/posts\/32918"}],"collection":[{"href":"http:\/\/cordobainforma.info\/index.php\/wp-json\/wp\/v2\/posts"}],"about":[{"href":"http:\/\/cordobainforma.info\/index.php\/wp-json\/wp\/v2\/types\/post"}],"author":[{"embeddable":true,"href":"http:\/\/cordobainforma.info\/index.php\/wp-json\/wp\/v2\/users\/1"}],"replies":[{"embeddable":true,"href":"http:\/\/cordobainforma.info\/index.php\/wp-json\/wp\/v2\/comments?post=32918"}],"version-history":[{"count":0,"href":"http:\/\/cordobainforma.info\/index.php\/wp-json\/wp\/v2\/posts\/32918\/revisions"}],"wp:featuredmedia":[{"embeddable":true,"href":"http:\/\/cordobainforma.info\/index.php\/wp-json\/wp\/v2\/media\/32919"}],"wp:attachment":[{"href":"http:\/\/cordobainforma.info\/index.php\/wp-json\/wp\/v2\/media?parent=32918"}],"wp:term":[{"taxonomy":"category","embeddable":true,"href":"http:\/\/cordobainforma.info\/index.php\/wp-json\/wp\/v2\/categories?post=32918"},{"taxonomy":"post_tag","embeddable":true,"href":"http:\/\/cordobainforma.info\/index.php\/wp-json\/wp\/v2\/tags?post=32918"}],"curies":[{"name":"wp","href":"https:\/\/api.w.org\/{rel}","templated":true}]}}