{"id":32916,"date":"2022-02-15T21:31:00","date_gmt":"2022-02-15T21:31:00","guid":{"rendered":"https:\/\/somoscordobeses.com\/2022\/02\/15\/un-estudio-revela-que-la-mitad-de-los-jovenes-vieron-afectado-su-bienestar-emocional-en-la-pandemia\/"},"modified":"2022-02-15T21:31:00","modified_gmt":"2022-02-15T21:31:00","slug":"un-estudio-revela-que-la-mitad-de-los-jovenes-vieron-afectado-su-bienestar-emocional-en-la-pandemia","status":"publish","type":"post","link":"http:\/\/cordobainforma.info\/index.php\/2022\/02\/15\/un-estudio-revela-que-la-mitad-de-los-jovenes-vieron-afectado-su-bienestar-emocional-en-la-pandemia\/","title":{"rendered":"Un estudio revela que la mitad de los j\u00f3venes vieron afectado su bienestar emocional en la pandemia"},"content":{"rendered":"<div>\n<p>La Cruz Roja Argentina revel\u00f3 en un estudio que un <strong>53 por ciento de lo j\u00f3venes<\/strong> del pa\u00eds vio<strong> afectado su bienestar emocional<\/strong> por la pandemia del coronavirus.<\/p>\n<p>El dato surge de un trabajo de campo&nbsp;realizado por la entidad sanitaria&nbsp;a dos a\u00f1os del comienzo de la propagaci\u00f3n global del Covid-19.<\/p>\n<p>Seg\u00fan el informe del Observatorio Humanitario de Cruz Roja Argentina, m\u00e1s de la mitad de los j\u00f3venes consultados indicaron dicha consecuencia&nbsp;en su faceta emocional.<\/p>\n<p>En un comunicado, la entidad explic\u00f3 que es el resultado del trabajo que cierra el ciclo de investigaciones realizadas por el Observatorio a lo largo de 2021 y&nbsp;que tambi\u00e9n incluy\u00f3 otros grupos sociales como ni\u00f1ez, personas adultas mayores y personal de la salud.<\/p>\n<p>La encuesta involucr\u00f3 a <strong>789 j\u00f3venes de entre 13 y 17 a\u00f1os en 15 provincias<\/strong> y se realiz\u00f3 entre los meses de noviembre y diciembre.<\/p>\n<p>\u201cLa participaci\u00f3n de la juventud es un enfoque prioritario de Cruz Roja Argentina, tanto en el voluntariado y la dirigencia como en calidad de destinatarias y destinatarios de nuestras acciones\u201d, dijo Diego Tipping, presidente de la organizaci\u00f3n.<\/p>\n<p>En ese sentido, a\u00f1adi\u00f3 que tras dos a\u00f1os de pandemia, el rol de la sociedad \u201ces brindarle oportunidades y <strong>ayudar a recuperar el entusiasmo<\/strong>\u201d a los j\u00f3venes de la franja etaria consultada.<\/p>\n<p>\u201cQue los chicos y las chicas vuelvan a sentir que tienen en sus manos <strong>el destino de sus propias vidas<\/strong>\u201d, destac\u00f3.<\/p>\n<h2>El impacto del covid de cerca<\/h2>\n<p>De acuerdo con los datos relevados, el malestar se incrementa entre quienes vivieron el Covid-19 <strong>en sus casas<\/strong>, ya sea en ellos o en sus familiares.<\/p>\n<p>De hecho, un 23% de los adolescentes encuestados se contagi\u00f3&nbsp;y un <strong>22% perdi\u00f3 un familiar cercano <\/strong>a causa de la enfermedad.<\/p>\n<p>En relaci\u00f3n con un estudio previo realizado en mayo de 2021, la<strong> asistencia presencial a clases<\/strong> <strong>creci\u00f3<\/strong> de manera significativa, si bien no alcanza al total de la muestra (pas\u00f3 de 15% a 86%).<\/p>\n<p>Tambi\u00e9n se redujo la proporci\u00f3n de j\u00f3venes que no asiste o no tiene clases. Por otro lado, un 13% declar\u00f3 no haber podido estar en las clases virtuales debido a la <strong>falta de computadora <\/strong>o Internet en el hogar, o por a la necesidad de <strong>compartir un dispositivo <\/strong>con otros integrantes de la familia.<\/p>\n<p>De cara al futuro, un 83% de las y los encuestados quiere seguir estudiando al terminar la escuela, mientras que el 17% restante no desea finalizar el secundario o estudiar una carrera despu\u00e9s, o bien a\u00fan no tiene una decisi\u00f3n tomada al respecto, cierra el reporte difundido.<\/p>\n<div>\n<div> <picture><source media=\"(min-width: 720px)\"><\/picture><figcaption>\n<p>La educaci\u00f3n de los j\u00f3venes, cruzada por la pandemia. <\/p>\n<\/figcaption><\/div>\n<\/div>\n<p>La Argentina alcanz\u00f3 este martes los 8.766.174 contagios desde el inicio de la pandemia, la <strong>11\u00b0 cifra m\u00e1s alta a nivel global<\/strong>, seg\u00fan el sitio Worldometers, y las 124.585 muertes (13\u00b0 en el mismo listado).<\/p>\n<p><em>DS<\/em><\/p>\n<div>\n<h2>TEMAS QUE APARECEN EN ESTA NOTA<\/h2>\n<\/div>\n<\/div>\n<nav class=\"navigation post-navigation\" role=\"navigation\" aria-label=\"Continue Reading\">\n<h2 class=\"screen-reader-text\">Continue Reading<\/h2>\n<\/nav>\n","protected":false},"excerpt":{"rendered":"<p>La Cruz Roja Argentina revel\u00f3 en un estudio que un 53 por ciento de lo j\u00f3venes del pa\u00eds vio afectado su bienestar emocional por la pandemia del coronavirus. El dato surge de un trabajo de campo&nbsp;realizado por la entidad sanitaria&nbsp;a dos a\u00f1os del comienzo de la propagaci\u00f3n global del Covid-19. Seg\u00fan el informe del Observatorio [&hellip;]<\/p>\n","protected":false},"author":1,"featured_media":32917,"comment_status":"closed","ping_status":"closed","sticky":false,"template":"","format":"standard","meta":[],"categories":[2],"tags":[],"_links":{"self":[{"href":"http:\/\/cordobainforma.info\/index.php\/wp-json\/wp\/v2\/posts\/32916"}],"collection":[{"href":"http:\/\/cordobainforma.info\/index.php\/wp-json\/wp\/v2\/posts"}],"about":[{"href":"http:\/\/cordobainforma.info\/index.php\/wp-json\/wp\/v2\/types\/post"}],"author":[{"embeddable":true,"href":"http:\/\/cordobainforma.info\/index.php\/wp-json\/wp\/v2\/users\/1"}],"replies":[{"embeddable":true,"href":"http:\/\/cordobainforma.info\/index.php\/wp-json\/wp\/v2\/comments?post=32916"}],"version-history":[{"count":0,"href":"http:\/\/cordobainforma.info\/index.php\/wp-json\/wp\/v2\/posts\/32916\/revisions"}],"wp:featuredmedia":[{"embeddable":true,"href":"http:\/\/cordobainforma.info\/index.php\/wp-json\/wp\/v2\/media\/32917"}],"wp:attachment":[{"href":"http:\/\/cordobainforma.info\/index.php\/wp-json\/wp\/v2\/media?parent=32916"}],"wp:term":[{"taxonomy":"category","embeddable":true,"href":"http:\/\/cordobainforma.info\/index.php\/wp-json\/wp\/v2\/categories?post=32916"},{"taxonomy":"post_tag","embeddable":true,"href":"http:\/\/cordobainforma.info\/index.php\/wp-json\/wp\/v2\/tags?post=32916"}],"curies":[{"name":"wp","href":"https:\/\/api.w.org\/{rel}","templated":true}]}}