{"id":32894,"date":"2022-02-15T19:33:34","date_gmt":"2022-02-15T19:33:34","guid":{"rendered":"http:\/\/cordobainforma.info\/index.php\/2022\/02\/15\/un-nino-de-una-favela-de-brasil-que-recuerda-a-la-afgana-de-ojos-verdes-se-convierte-en-modelo-por-unas-fotos-que-arrasan-en-redes\/"},"modified":"2022-02-15T19:33:34","modified_gmt":"2022-02-15T19:33:34","slug":"un-nino-de-una-favela-de-brasil-que-recuerda-a-la-afgana-de-ojos-verdes-se-convierte-en-modelo-por-unas-fotos-que-arrasan-en-redes","status":"publish","type":"post","link":"http:\/\/cordobainforma.info\/index.php\/2022\/02\/15\/un-nino-de-una-favela-de-brasil-que-recuerda-a-la-afgana-de-ojos-verdes-se-convierte-en-modelo-por-unas-fotos-que-arrasan-en-redes\/","title":{"rendered":"Un ni\u00f1o de una favela de Brasil que recuerda a la &#8216;afgana de ojos verdes&#8217; se convierte en modelo por unas fotos que arrasan en redes"},"content":{"rendered":"<p><img src=\"http:\/\/cordobainforma.info\/wp-content\/uploads\/2022\/02\/un-nino-de-una-favela-de-brasil-que-recuerda-a-la-afgana-de-ojos-verdes-se-convierte-en-modelo-por-unas-fotos-que-arrasan-en-redes.jpg\"><\/p>\n<div><img src=\"http:\/\/cordobainforma.info\/wp-content\/uploads\/2022\/02\/un-nino-de-una-favela-de-brasil-que-recuerda-a-la-afgana-de-ojos-verdes-se-convierte-en-modelo-por-unas-fotos-que-arrasan-en-redes-2.jpg\" class=\"ff-og-image-inserted\"><\/div>\n<div readability=\"32\">\n<p><span>Publicado:<\/span><time class=\"Timestamp-root Timestamp-isBlackColor \" datetime=\"2022-02-15T19:33:34+00:00\"> 15 feb 2022 19:33 GMT <\/time><\/p>\n<\/div>\n<div readability=\"33\">\n<p> Davi Gon\u00e7alves da Rocha Brito firm\u00f3 un contrato para formar parte del equipo infantil de una de las mayores agencias de modelos del pa\u00eds. <\/p>\n<\/div>\n<div readability=\"102.07250221043\">\n<p>Vive en la favela de Ciudad de Dios, en R\u00edo de Janeiro, se llama Davi Gon\u00e7alves da Rocha Brito,&nbsp;tiene 11 a\u00f1os, y unos inmensos ojos verdes que no han pasado desapercibidos en las redes sociales y han sido comparados con los de&nbsp;Sharbat Gula, la <a href=\"https:\/\/actualidad.rt.com\/actualidad\/411623-nina-afgana-ojos-national-geographic-asilo\" target=\"_blank\" rel=\"noopener noreferrer\">ni\u00f1a<\/a> afgana que en 1985 fue&nbsp;portada de National Geographic.<\/p>\n<p>Tras unas fotos publicadas en las redes, Davi ha firmado un contrato con una de las mayores agencias de modelos del pa\u00eds. Pero su&nbsp;historia comenz\u00f3 a mediados de enero.&nbsp;<\/p>\n<p>\u00abEst\u00e1bamos en una reuni\u00f3n de la ONG N\u00f3iz cuando apareci\u00f3 Davi en la puerta\u00bb, recuerda en una publicaci\u00f3n en Instagram Andre Melo, presidente de la organizaci\u00f3n. \u00ab\u00bfQuieres comer con nosotros?\u00bb, le preguntaron al verlo. \u00abQuiero\u00bb, contest\u00f3 el ni\u00f1o, que iba acompa\u00f1ado de sus hermanos.<\/p>\n<p>Melo le pidi\u00f3 permiso para fotografiarle y \u00e9l acept\u00f3. El presidente de la ONG public\u00f3 algunas im\u00e1genes en las redes sociales que llamaron la atenci\u00f3n del&nbsp;fot\u00f3grafo Wallace Lima, quien propuso <strong>hacer una sesi\u00f3n de fotos<\/strong> con el chico.&nbsp;<\/p>\n<p>\u00abSin palabras para describir lo que fue esa sesi\u00f3n. Captar esa mirada no es f\u00e1cil (&#8230;) ese ni\u00f1o <strong>es un superviviente<\/strong>\u00ab, escribe Lima en una publicaci\u00f3n en las redes sociales.<\/p>\n<p>Seg\u00fan la prensa local, el padre de Davi fue asesinado cuando \u00e9l ten\u00eda tres a\u00f1os por una banda criminal. Junto a su madre y sus dos hermanos, el peque\u00f1o&nbsp;dej\u00f3 el barrio de Santa Cruz, tambi\u00e9n en la ciudad carioca, y se instal\u00f3 en Ciudad de Dios. En esta favela, gracias a la ayuda de los vecinos, la familia pudo construirse una choza de madera.&nbsp;&nbsp;<\/p>\n<p>\u00abEstaba desesperada. Ten\u00eda el presentimiento de que iban a hacer algo a mi esposo, despu\u00e9s de que \u00e9l no volvi\u00f3 me vine aqu\u00ed, donde viv\u00eda mi madre. Sal\u00ed de la casa con todo y me enter\u00e9 de que las milicias la ocuparon\u00bb, declar\u00f3 a <a href=\"https:\/\/oglobo.globo.com\/rio\/fotos-de-menino-da-cidade-de-deus-lembram-garota-afega-da-national-geographic-fazem-sucesso-nas-redes-sociais-2-25394689\" target=\"_blank\" rel=\"noopener noreferrer\">O Globo<\/a> Tatiane, la madre de Davi, de 27 a\u00f1os, que tiene otros dos hijos, Monique, de 13, y&nbsp;Wallace, de 10.<\/p>\n<h3><strong>Un cambio de rumbo<\/strong><\/h3>\n<p data-track-category=\"Link no Texto\" data-track-links>\u00ab<strong>La vida de Davi&nbsp;est\u00e1 empezando a cambiar<\/strong> y a tomar un rumbo totalmente diferente del que estaba dise\u00f1ado\u00bb,&nbsp;destaca el fot\u00f3grafo.<\/p>\n<p>Y a\u00f1ade: \u00abSu historia de sufrimiento, reflejada en sus ojos, comienza a entrever un final feliz. Empezando por el primer contrato con una importante marca de ropa infantil\u00bb.<\/p>\n<p>Las fotos realizadas por&nbsp;Lima resultaron un \u00e9xito y una firma de ropa infantil quiso contar con el ni\u00f1o. Este martes, el menor se uni\u00f3 al equipo infantil de la agencia 40\u00ba Models.<\/p>\n<p>En declaraciones a <a href=\"https:\/\/g1.globo.com\/rj\/rio-de-janeiro\/noticia\/2022\/02\/15\/menino-da-cidade-de-deus-viraliza-apos-foto-em-portao-de-ong-e-entra-para-agencia-de-modelos.ghtml\" target=\"_blank\" rel=\"noopener noreferrer\">G1<\/a>, S\u00e9rgio Mattos, due\u00f1o de la agencia, dijo que Davi tiene una belleza \u00abdeslumbrante\u00bb. Tambi\u00e9n compar\u00f3 al menor con la ni\u00f1a afgana. \u00abMe recuerda a la ni\u00f1a de Afganist\u00e1n de National Geographic.&nbsp;Tiene un estilo agradable.&nbsp;Se nota que es un chico sencillo, con una historia dif\u00edcil\u00bb, asever\u00f3.<\/p>\n<div class=\"EmbedBlock-root EmbedBlock-twitter\">\n<div class=\"TwitterEmbed\" readability=\"7.4109375\">\n<blockquote class=\"twitter-tweet\" data-twitter=\"twitter-tweet\" data-conversation=\"none\" readability=\"8.71875\">\n<p lang=\"es\" dir=\"ltr\">Sharbat Gula, la \u201cni\u00f1a afgana\u201d, huy\u00f3 con su familia a Pakist\u00e1n a mediados de los a\u00f1os ochenta como resultado de la guerra. A finales de 1984, el fot\u00f3grafo Steve McCurry la fotografi\u00f3 en el campo de refugiados m\u00e1s grande de Pakist\u00e1n\u2026 <a href=\"https:\/\/t.co\/OTMlsOc0cl\">pic.twitter.com\/OTMlsOc0cl<\/a><\/p>\n<p>\u2014 Elsa Alcal\u00e1 (@excelsaElsa) <a href=\"https:\/\/twitter.com\/excelsaElsa\/status\/1426932000183791623?ref_src=twsrc%5Etfw\">August 15, 2021<\/a><\/p><\/blockquote>\n<\/div>\n<\/div>\n<p><strong><em>Si te ha gustado, \u00a1comp\u00e1rtelo con tus amigos!<\/em><\/strong><\/p>\n<\/div>\n","protected":false},"excerpt":{"rendered":"<p>Publicado: 15 feb 2022 19:33 GMT Davi Gon\u00e7alves da Rocha Brito firm\u00f3 un contrato para formar parte del equipo infantil de una de las mayores agencias de modelos del pa\u00eds. Vive en la favela de Ciudad de Dios, en R\u00edo de Janeiro, se llama Davi Gon\u00e7alves da Rocha Brito,&nbsp;tiene 11 a\u00f1os, y unos inmensos ojos [&hellip;]<\/p>\n","protected":false},"author":1,"featured_media":32895,"comment_status":"closed","ping_status":"closed","sticky":false,"template":"","format":"standard","meta":[],"categories":[22],"tags":[],"_links":{"self":[{"href":"http:\/\/cordobainforma.info\/index.php\/wp-json\/wp\/v2\/posts\/32894"}],"collection":[{"href":"http:\/\/cordobainforma.info\/index.php\/wp-json\/wp\/v2\/posts"}],"about":[{"href":"http:\/\/cordobainforma.info\/index.php\/wp-json\/wp\/v2\/types\/post"}],"author":[{"embeddable":true,"href":"http:\/\/cordobainforma.info\/index.php\/wp-json\/wp\/v2\/users\/1"}],"replies":[{"embeddable":true,"href":"http:\/\/cordobainforma.info\/index.php\/wp-json\/wp\/v2\/comments?post=32894"}],"version-history":[{"count":0,"href":"http:\/\/cordobainforma.info\/index.php\/wp-json\/wp\/v2\/posts\/32894\/revisions"}],"wp:featuredmedia":[{"embeddable":true,"href":"http:\/\/cordobainforma.info\/index.php\/wp-json\/wp\/v2\/media\/32895"}],"wp:attachment":[{"href":"http:\/\/cordobainforma.info\/index.php\/wp-json\/wp\/v2\/media?parent=32894"}],"wp:term":[{"taxonomy":"category","embeddable":true,"href":"http:\/\/cordobainforma.info\/index.php\/wp-json\/wp\/v2\/categories?post=32894"},{"taxonomy":"post_tag","embeddable":true,"href":"http:\/\/cordobainforma.info\/index.php\/wp-json\/wp\/v2\/tags?post=32894"}],"curies":[{"name":"wp","href":"https:\/\/api.w.org\/{rel}","templated":true}]}}