{"id":32892,"date":"2022-02-15T19:45:48","date_gmt":"2022-02-15T19:45:48","guid":{"rendered":"http:\/\/cordobainforma.info\/index.php\/2022\/02\/15\/la-inflacion-en-argentina-aumento-39-en-enero-respecto-a-diciembre\/"},"modified":"2022-02-15T19:45:48","modified_gmt":"2022-02-15T19:45:48","slug":"la-inflacion-en-argentina-aumento-39-en-enero-respecto-a-diciembre","status":"publish","type":"post","link":"http:\/\/cordobainforma.info\/index.php\/2022\/02\/15\/la-inflacion-en-argentina-aumento-39-en-enero-respecto-a-diciembre\/","title":{"rendered":"La inflaci\u00f3n en Argentina aument\u00f3 3,9 % en enero respecto a diciembre"},"content":{"rendered":"<div><img src=\"http:\/\/cordobainforma.info\/wp-content\/uploads\/2022\/02\/la-inflacion-en-argentina-aumento-39-en-enero-respecto-a-diciembre.jpg\" class=\"ff-og-image-inserted\"><\/div>\n<div readability=\"32\">\n<p><span>Publicado:<\/span><time class=\"Timestamp-root Timestamp-isBlackColor \" datetime=\"2022-02-15T19:45:48+00:00\"> 15 feb 2022 19:45 GMT <\/time><\/p>\n<\/div>\n<div readability=\"41.33734939759\">\n<p>El \u00cdndice de Precios al Consumidor (IPC) de Argentina subi\u00f3&nbsp;un 3,9 % en enero con respecto al mes anterior, seg\u00fan los datos publicados este martes por el Instituto Nacional de Estad\u00edstica y Censos (Indec).<\/p>\n<p>Asimismo, el Indec inform\u00f3 que la inflaci\u00f3n interanual alcanz\u00f3 una tasa de un 50,7 %. La divisi\u00f3n con mayor alza mensual en enero fue Comunicaci\u00f3n, con 7,5 %, mientras que la menor corresponde a Educaci\u00f3n, con un 0,8 %.<\/p>\n<\/div>\n","protected":false},"excerpt":{"rendered":"<p>Publicado: 15 feb 2022 19:45 GMT El \u00cdndice de Precios al Consumidor (IPC) de Argentina subi\u00f3&nbsp;un 3,9 % en enero con respecto al mes anterior, seg\u00fan los datos publicados este martes por el Instituto Nacional de Estad\u00edstica y Censos (Indec). Asimismo, el Indec inform\u00f3 que la inflaci\u00f3n interanual alcanz\u00f3 una tasa de un 50,7 %. [&hellip;]<\/p>\n","protected":false},"author":1,"featured_media":32893,"comment_status":"closed","ping_status":"closed","sticky":false,"template":"","format":"standard","meta":[],"categories":[22],"tags":[],"_links":{"self":[{"href":"http:\/\/cordobainforma.info\/index.php\/wp-json\/wp\/v2\/posts\/32892"}],"collection":[{"href":"http:\/\/cordobainforma.info\/index.php\/wp-json\/wp\/v2\/posts"}],"about":[{"href":"http:\/\/cordobainforma.info\/index.php\/wp-json\/wp\/v2\/types\/post"}],"author":[{"embeddable":true,"href":"http:\/\/cordobainforma.info\/index.php\/wp-json\/wp\/v2\/users\/1"}],"replies":[{"embeddable":true,"href":"http:\/\/cordobainforma.info\/index.php\/wp-json\/wp\/v2\/comments?post=32892"}],"version-history":[{"count":0,"href":"http:\/\/cordobainforma.info\/index.php\/wp-json\/wp\/v2\/posts\/32892\/revisions"}],"wp:featuredmedia":[{"embeddable":true,"href":"http:\/\/cordobainforma.info\/index.php\/wp-json\/wp\/v2\/media\/32893"}],"wp:attachment":[{"href":"http:\/\/cordobainforma.info\/index.php\/wp-json\/wp\/v2\/media?parent=32892"}],"wp:term":[{"taxonomy":"category","embeddable":true,"href":"http:\/\/cordobainforma.info\/index.php\/wp-json\/wp\/v2\/categories?post=32892"},{"taxonomy":"post_tag","embeddable":true,"href":"http:\/\/cordobainforma.info\/index.php\/wp-json\/wp\/v2\/tags?post=32892"}],"curies":[{"name":"wp","href":"https:\/\/api.w.org\/{rel}","templated":true}]}}