{"id":32886,"date":"2022-02-15T14:29:42","date_gmt":"2022-02-15T14:29:42","guid":{"rendered":"https:\/\/www.mujerhoy.com\/moda\/no-te-pierdas\/faldas-estampadas-nueva-coleccion-zara-look-favorecedor-primavera-20220215121347-nt.html"},"modified":"2022-02-15T14:29:42","modified_gmt":"2022-02-15T14:29:42","slug":"estas-son-las-faldas-estampadas-de-la-nueva-coleccion-de-zara-que-van-a-elevar-tus-looks-esta-primavera","status":"publish","type":"post","link":"http:\/\/cordobainforma.info\/index.php\/2022\/02\/15\/estas-son-las-faldas-estampadas-de-la-nueva-coleccion-de-zara-que-van-a-elevar-tus-looks-esta-primavera\/","title":{"rendered":"Estas son las faldas estampadas de la nueva colecci\u00f3n de Zara que van a elevar tus looks esta primavera"},"content":{"rendered":"<div><img src=\"http:\/\/cordobainforma.info\/wp-content\/uploads\/2022\/02\/estas-son-las-faldas-estampadas-de-la-nueva-coleccion-de-zara-que-van-a-elevar-tus-looks-esta-primavera.jpg\" class=\"ff-og-image-inserted\"><\/div>\n<p><!-- AUTHOR --><!-- COMPONENTS --><\/p>\n<p class=\"voc-paragraph\">Esta primavera, los <strong>estampados de todo tipo<\/strong> van a llenar los armarios de las que m\u00e1s saben de moda (incluidas <a data-voc-vtm-id=\"in-text-traffic\" href=\"https:\/\/www.mujerhoy.com\/moda\/no-te-pierdas\/pantalones-estampados-ondas-originales-baratos-menos-10-euros-rebajas-pull-and-bear-arrasan-influencers-20220126135515-nt.html\">las influencers<\/a>, por supuesto). Y sumarte a la tendencia es muy f\u00e1cil. Solo necesitas <a data-voc-vtm-id=\"in-text-traffic\" href=\"https:\/\/www.mujerhoy.com\/moda\/no-te-pierdas\/vestido-rojo-estampado-floral-zara-copia-lujo-20220214113040-nt.html\">un vestido bonito<\/a>, <a data-voc-vtm-id=\"in-text-traffic\" href=\"https:\/\/www.mujerhoy.com\/moda\/no-te-pierdas\/prendas-estampado-floral-blusas-vestidos-faldas-favorecedoras-rebajas-20220118080051-nt.html\">alguna prenda con flores<\/a> o <a data-voc-vtm-id=\"in-text-traffic\" href=\"https:\/\/www.mujerhoy.com\/moda\/no-te-pierdas\/conjunto-denim-anos-setenta-estampado-tendencia-rejuvenecedor-favorecedor-uterque-20220104091227-nt.html\">un original conjunto denim<\/a>. Pero nuestra opci\u00f3n favorita son las faldas de la nueva volecci\u00f3n de Zara que te traemos hoy.\n<\/p>\n<p class=\"voc-paragraph\">Empezamos con una falda con el cl\u00e1sico estampado de cebra en blanco y negro. Tiene un favorecedor dise\u00f1o de estilo fluido, corte midi y talle alto. Cuenta con un detalle de pliegues en la parte delantera que le da mucho movimiento, as\u00ed como con un cierre lateral mediante una cremallera oculta en la costura.\n<\/p>\n<p class=\"voc-paragraph\">Por suerte, todav\u00eda la puedes encontrar en todas las tallas (entre la XS y la XL), tanto en la web de Zara como en las tiendas f\u00edsicas. Adem\u00e1s, <strong>su precio es asequible<\/strong> pues solo cuesta 29,95 euros.\n<\/p>\n<div class=\"voc-detail__cmp\" readability=\"6\">\n<div class=\"voc-photo-combo-three fw-xs\" readability=\"7\">\n<p class=\"figure-caption\"><span class=\"voc-photo-caption\">Las faldas estampadas van a elevar tus looks de primavera \/ <\/span><span class=\"voc-photo-author\">Zara<\/span><\/p>\n<\/div>\n<\/div>\n<p class=\"voc-paragraph\">La segunda opci\u00f3n es<br \/>\n<strong> una falda de tubo<\/strong> en color blanco con un estampado geom\u00e9trico multicolor. Su dise\u00f1o de corte midi y tiro alto crea una figura muy estilizada. El bajo tiene una abertura frontal que deja entrever la pierna. El cierre est\u00e1 en la parte posterior y es mediante una cremallera oculta en la costura.\n<\/p>\n<p class=\"voc-paragraph\">Est\u00e1 disponible en una amplia variedad de tallas (desde la XS hasta la XL), por lo que la pueden lucir mujeres con diferentes siluetas. En cuanto a su precio, es de 25,95 euros.\n<\/p>\n<p class=\"voc-paragraph\">Para terminar, hemos escogido una falda con un original estampado multicolor en el que predominan los tonos anaranjados. Es de tiro alto y corte midi. Tiene un detalle de nudo con pliegues en la parte delantera, as\u00ed como un bajo acabado en abertura. El cierre es mediante una cremallera oculta en la costura de la espalda.\n<\/p>\n<p class=\"voc-paragraph\">Ha tenido tanto \u00e9xito que algunas tallas <strong>ya est\u00e1n agotadas <\/strong>en la p\u00e1gina web de la marca, pero todav\u00eda las puedes encontrar en algunas tiendas. Su precio es de 39,95 euros.\n<\/p>\n<div class=\"voc-detail__cmp voc-detail__cmp--pad-lr voc-detail__cmp--pad-lr--bdr\">\n<div class=\"voc-ficha-detail__wrapper\">\n<section class=\"voc-ficha-detail\">\n<h4 class=\"voc-ficha-detail-title voc-title-section\">Te recomendamos<\/h4>\n<\/section>\n<\/div>\n<\/div>\n<p><!-- TOPICS --><\/p>\n","protected":false},"excerpt":{"rendered":"<p>Esta primavera, los estampados de todo tipo van a llenar los armarios de las que m\u00e1s saben de moda (incluidas las influencers, por supuesto). Y sumarte a la tendencia es muy f\u00e1cil. Solo necesitas un vestido bonito, alguna prenda con flores o un original conjunto denim. Pero nuestra opci\u00f3n favorita son las faldas de la [&hellip;]<\/p>\n","protected":false},"author":1,"featured_media":32887,"comment_status":"closed","ping_status":"closed","sticky":false,"template":"","format":"standard","meta":[],"categories":[24],"tags":[],"_links":{"self":[{"href":"http:\/\/cordobainforma.info\/index.php\/wp-json\/wp\/v2\/posts\/32886"}],"collection":[{"href":"http:\/\/cordobainforma.info\/index.php\/wp-json\/wp\/v2\/posts"}],"about":[{"href":"http:\/\/cordobainforma.info\/index.php\/wp-json\/wp\/v2\/types\/post"}],"author":[{"embeddable":true,"href":"http:\/\/cordobainforma.info\/index.php\/wp-json\/wp\/v2\/users\/1"}],"replies":[{"embeddable":true,"href":"http:\/\/cordobainforma.info\/index.php\/wp-json\/wp\/v2\/comments?post=32886"}],"version-history":[{"count":0,"href":"http:\/\/cordobainforma.info\/index.php\/wp-json\/wp\/v2\/posts\/32886\/revisions"}],"wp:featuredmedia":[{"embeddable":true,"href":"http:\/\/cordobainforma.info\/index.php\/wp-json\/wp\/v2\/media\/32887"}],"wp:attachment":[{"href":"http:\/\/cordobainforma.info\/index.php\/wp-json\/wp\/v2\/media?parent=32886"}],"wp:term":[{"taxonomy":"category","embeddable":true,"href":"http:\/\/cordobainforma.info\/index.php\/wp-json\/wp\/v2\/categories?post=32886"},{"taxonomy":"post_tag","embeddable":true,"href":"http:\/\/cordobainforma.info\/index.php\/wp-json\/wp\/v2\/tags?post=32886"}],"curies":[{"name":"wp","href":"https:\/\/api.w.org\/{rel}","templated":true}]}}