{"id":32884,"date":"2022-02-15T13:28:26","date_gmt":"2022-02-15T13:28:26","guid":{"rendered":"http:\/\/playfmradio.com\/?p=15339"},"modified":"2022-02-15T13:28:26","modified_gmt":"2022-02-15T13:28:26","slug":"villa-maria-2022-la-noche-cuartetera","status":"publish","type":"post","link":"http:\/\/cordobainforma.info\/index.php\/2022\/02\/15\/villa-maria-2022-la-noche-cuartetera\/","title":{"rendered":"Villa Mar\u00eda 2022: la noche cuartetera"},"content":{"rendered":"<p><em>Referentes del ritmo cordob\u00e9s, dijeron presente en la cuarta jornada del Festival de Pe\u00f1as<\/em><\/p>\n<p>Con <strong>entradas agotadas<\/strong> y el anfiteatro repleto, se vivi\u00f3 a puro baile la velada del d\u00eda de ayer. La <strong>grilla<\/strong> estuvo compuesta por <strong>Magui Olave, Q\u2019 Lokura, La Konga, Ulises Bueno y por \u00faltimo, Dale Q\u2019 Va<\/strong>.Como requisito obligatorio y sin excepci\u00f3n, el p\u00fablico debi\u00f3 presentar el pase sanitario, ya sea de manera f\u00edsica o digital, con el esquema completo de vacunaci\u00f3n.<\/p>\n<p>El show fue televisado por Canal 10 y NET TV, a partir de las 22hs., y de manera online se transmiti\u00f3 por el canal de YouTube de el Anfiteatro, a partir de las 21:15hs.<\/p>\n<p><strong>Por: Sof\u00eda Luz Corbella Navarro<\/strong><\/p>\n<p><a class=\"synved-social-button synved-social-button-share synved-social-size-32 synved-social-resolution-single synved-social-provider-facebook nolightbox\" data-provider=\"facebook\" target=\"_blank\" rel=\"nofollow noopener noreferrer\" title=\"Share on Facebook\" href=\"https:\/\/www.facebook.com\/sharer.php?u=http%3A%2F%2Fplayfmradio.com%2Fvilla-maria-2022-la-noche-cuartetera%2F&amp;t=Villa%20Mar%C3%ADa%202022%3A%20la%20noche%20cuartetera&amp;s=100&amp;p[url]=http%3A%2F%2Fplayfmradio.com%2Fvilla-maria-2022-la-noche-cuartetera%2F&amp;p[images][0]=http%3A%2F%2Fplayfmradio.com%2Fwp-content%2Fuploads%2F2022%2F02%2FImagen-noticia-espect%C3%A1culos-15.jpeg&amp;p[title]=Villa%20Mar%C3%ADa%202022%3A%20la%20noche%20cuartetera\"><img loading=\"lazy\" alt=\"Facebook\" title=\"Share on Facebook\" class=\"synved-share-image synved-social-image synved-social-image-share\" width=\"32\" height=\"32\" src=\"http:\/\/cordobainforma.info\/wp-content\/uploads\/2022\/02\/villa-maria-2022-la-noche-cuartetera.png\"><\/a><a class=\"synved-social-button synved-social-button-share synved-social-size-32 synved-social-resolution-single synved-social-provider-twitter nolightbox\" data-provider=\"twitter\" target=\"_blank\" rel=\"nofollow noopener noreferrer\" title=\"Share on Twitter\" href=\"https:\/\/twitter.com\/intent\/tweet?url=http%3A%2F%2Fplayfmradio.com%2Fvilla-maria-2022-la-noche-cuartetera%2F&amp;text=Compartido%20de%20Playfmradio.com\"><img loading=\"lazy\" alt=\"twitter\" title=\"Share on Twitter\" class=\"synved-share-image synved-social-image synved-social-image-share\" width=\"32\" height=\"32\" src=\"http:\/\/cordobainforma.info\/wp-content\/uploads\/2022\/02\/villa-maria-2022-la-noche-cuartetera-1.png\"><\/a><a class=\"synved-social-button synved-social-button-share synved-social-size-32 synved-social-resolution-single synved-social-provider-pinterest nolightbox\" data-provider=\"pinterest\" target=\"_blank\" rel=\"nofollow noopener noreferrer\" title=\"Pin it with Pinterest\" href=\"https:\/\/pinterest.com\/pin\/create\/button\/?url=http%3A%2F%2Fplayfmradio.com%2Fvilla-maria-2022-la-noche-cuartetera%2F&amp;media=http%3A%2F%2Fplayfmradio.com%2Fwp-content%2Fuploads%2F2022%2F02%2FImagen-noticia-espect%C3%A1culos-15.jpeg&amp;description=Villa%20Mar%C3%ADa%202022%3A%20la%20noche%20cuartetera\"><img loading=\"lazy\" alt=\"pinterest\" title=\"Pin it with Pinterest\" class=\"synved-share-image synved-social-image synved-social-image-share\" width=\"32\" height=\"32\" src=\"http:\/\/cordobainforma.info\/wp-content\/uploads\/2022\/02\/villa-maria-2022-la-noche-cuartetera-2.png\"><\/a><a class=\"synved-social-button synved-social-button-share synved-social-size-32 synved-social-resolution-single synved-social-provider-tumblr nolightbox\" data-provider=\"tumblr\" target=\"_blank\" rel=\"nofollow noopener noreferrer\" title=\"Share on tumblr\" href=\"https:\/\/tumblr.com\/share?s=&amp;v=3&amp;t=Villa%20Mar%C3%ADa%202022%3A%20la%20noche%20cuartetera&amp;u=http%3A%2F%2Fplayfmradio.com%2Fvilla-maria-2022-la-noche-cuartetera%2F\"><img loading=\"lazy\" alt=\"tumblr\" title=\"Share on tumblr\" class=\"synved-share-image synved-social-image synved-social-image-share\" width=\"32\" height=\"32\" src=\"http:\/\/cordobainforma.info\/wp-content\/uploads\/2022\/02\/villa-maria-2022-la-noche-cuartetera-3.png\"><\/a><a class=\"synved-social-button synved-social-button-share synved-social-size-32 synved-social-resolution-single synved-social-provider-mail nolightbox\" data-provider=\"mail\" rel=\"nofollow\" title=\"Share by email\" href=\"mailto:?subject=Villa%20Mar%C3%ADa%202022%3A%20la%20noche%20cuartetera&amp;body=Compartido%20de%20Playfmradio.com:%20http%3A%2F%2Fplayfmradio.com%2Fvilla-maria-2022-la-noche-cuartetera%2F\"><img loading=\"lazy\" alt=\"mail\" title=\"Share by email\" class=\"synved-share-image synved-social-image synved-social-image-share\" width=\"32\" height=\"32\" src=\"http:\/\/cordobainforma.info\/wp-content\/uploads\/2022\/02\/villa-maria-2022-la-noche-cuartetera-4.png\"><\/a> <!-- AUTHOR PART ========================= --> <!-- AUTHOR PART END ========================= --> <\/p>\n","protected":false},"excerpt":{"rendered":"<p>Referentes del ritmo cordob\u00e9s, dijeron presente en la cuarta jornada del Festival de Pe\u00f1as Con entradas agotadas y el anfiteatro repleto, se vivi\u00f3 a puro baile la velada del d\u00eda de ayer. La grilla estuvo compuesta por Magui Olave, Q\u2019 Lokura, La Konga, Ulises Bueno y por \u00faltimo, Dale Q\u2019 Va.Como requisito obligatorio y sin [&hellip;]<\/p>\n","protected":false},"author":1,"featured_media":32885,"comment_status":"closed","ping_status":"closed","sticky":false,"template":"","format":"standard","meta":[],"categories":[23],"tags":[],"_links":{"self":[{"href":"http:\/\/cordobainforma.info\/index.php\/wp-json\/wp\/v2\/posts\/32884"}],"collection":[{"href":"http:\/\/cordobainforma.info\/index.php\/wp-json\/wp\/v2\/posts"}],"about":[{"href":"http:\/\/cordobainforma.info\/index.php\/wp-json\/wp\/v2\/types\/post"}],"author":[{"embeddable":true,"href":"http:\/\/cordobainforma.info\/index.php\/wp-json\/wp\/v2\/users\/1"}],"replies":[{"embeddable":true,"href":"http:\/\/cordobainforma.info\/index.php\/wp-json\/wp\/v2\/comments?post=32884"}],"version-history":[{"count":0,"href":"http:\/\/cordobainforma.info\/index.php\/wp-json\/wp\/v2\/posts\/32884\/revisions"}],"wp:featuredmedia":[{"embeddable":true,"href":"http:\/\/cordobainforma.info\/index.php\/wp-json\/wp\/v2\/media\/32885"}],"wp:attachment":[{"href":"http:\/\/cordobainforma.info\/index.php\/wp-json\/wp\/v2\/media?parent=32884"}],"wp:term":[{"taxonomy":"category","embeddable":true,"href":"http:\/\/cordobainforma.info\/index.php\/wp-json\/wp\/v2\/categories?post=32884"},{"taxonomy":"post_tag","embeddable":true,"href":"http:\/\/cordobainforma.info\/index.php\/wp-json\/wp\/v2\/tags?post=32884"}],"curies":[{"name":"wp","href":"https:\/\/api.w.org\/{rel}","templated":true}]}}