{"id":27138,"date":"2021-12-06T10:47:13","date_gmt":"2021-12-06T10:47:13","guid":{"rendered":"https:\/\/ahora.com.ar\/\/walter-bou-marco-la-victoria-defensa-y-justicia-river-n4252341"},"modified":"2021-12-06T10:47:13","modified_gmt":"2021-12-06T10:47:13","slug":"walter-bou-marco-en-la-victoria-de-defensa-y-justicia-ante-river","status":"publish","type":"post","link":"http:\/\/cordobainforma.info\/index.php\/2021\/12\/06\/walter-bou-marco-en-la-victoria-de-defensa-y-justicia-ante-river\/","title":{"rendered":"Walter Bou marc\u00f3 en la victoria de Defensa y Justicia ante River"},"content":{"rendered":"<div><img src=\"http:\/\/cordobainforma.info\/wp-content\/uploads\/2021\/12\/walter-bou-marco-en-la-victoria-de-defensa-y-justicia-ante-river.jpg\" class=\"ff-og-image-inserted\"><\/div>\n<p>Los goles fueron convertidos por <strong>Enzo Fern\u00e1ndez<\/strong>, el oriundo de <a href=\"http:\/\/ahora.com.ar\/concordia-a7319\" class=\"agrupador\" rel=\"7319\">Concordia<\/a> <strong>Walter Bou<\/strong>, ex <strong><a href=\"https:\/\/ahora.com.ar\/\/boca-a8152\" class=\"agrupador\" rel=\"8152\">Boca<\/a><\/strong>, <strong>Miguel Merentiel<\/strong>, <strong>Braian Romero y Franco Paredes<\/strong>en una noche en la que <strong>predomin\u00f3 la ley del ex.<\/strong><\/p>\n<div contenteditable=\"false\" class=\"embed_cont type_freetext\" rel=\"freetext\" id=\"embed6528_wrap\" data-provider=\"YouTube\" readability=\"32\">\n<p>\u00a1EL HALC\u00d3N GAN\u00d3 Y LE QUIT\u00d3 EL INVICTO AL CAMPE\u00d3N! | River 2-3 Defensa y Justicia | RESUMEN<span onclick=\"parent.parent.TinyMCETdcuerpo.preview_embed('embed6528')\" class=\"embed_colapse less\" id=\"embed6528_colapse\"><\/span><span onclick=\"parent.parent.TinyMCETdcuerpo.delete_embed('embed6528')\" class=\"embed_delete less\" id=\"embed6528_delete\"><\/span><\/p>\n<div id=\"embed6528_content\" class=\"embed_content\">\n<p><iframe width=\"200\" height=\"113\" src=\"https:\/\/www.youtube.com\/embed\/prCFEChhplY?feature=oembed\" frameborder=\"0\" allow=\"accelerometer; autoplay; clipboard-write; encrypted-media; gyroscope; picture-in-picture\" allowfullscreen>[embedded content]<\/iframe><\/p>\n<\/div><\/div>\n<p>La apertura en el marcador lleg\u00f3 a trav\u00e9s del milim\u00e9trico centro de <strong>Milton Casco<\/strong> y el posterior cabezazo de <strong>Fern\u00e1ndez<\/strong> al lado del palo, a los 10 minutos del primer tiempo. Fue su <strong>segundo grito con la camiseta del Millonario<\/strong> (el anterior hab\u00eda sido ante V\u00e9lez, de penal, el pasado 14 de agosto de 2021).<\/p>\n<p>Un rato m\u00e1s tarde, a los 23, lleg\u00f3 el turno para el <strong>momento m\u00e1s emotivo en el Monumental<\/strong>, cuando <strong>Leonardo Ponzio<\/strong>, hoy ingresando desde el banco de suplentes, fue<strong> homenajeado por los 50 mil hinchas que se acercaron al estadio.<\/strong>Hubo <strong>papeletas con su nombre y hasta se despleg\u00f3 una bandera gigante<\/strong> en la que su rostro figuraba entre los m\u00e1ximos \u00eddolos de la instituci\u00f3n (<strong>Beto Alonso<\/strong>, <strong>Enzo Francescoli<\/strong>, <strong>Ram\u00f3n D\u00edaz<\/strong>, <strong>Amadeo Carrizo<\/strong>, <strong>Ariel Ortega<\/strong> y <strong>Marcelo Gallardo<\/strong>).<\/p>\n<p>En cuanto al resto de la primera mitad, a <strong>Defensa y Justicia<\/strong> le cost\u00f3 mucho salir del agobio constante que propon\u00eda<strong> River<\/strong> con <strong>Romero<\/strong> y <strong>Juli\u00e1n \u00c1lvarez<\/strong> a la cabeza. Es m\u00e1s, el 2-0 pudo haber llegado tras un gran pase de <strong>Bruno Zuculini<\/strong>que dej\u00f3 a <strong>Romero<\/strong> mano a mano con <strong>Luis Unsain<\/strong>, pero en vez de patear, el ex Independiente busc\u00f3 a <strong>Fern\u00e1ndez<\/strong> con una larga entrega.<\/p>\n<p>El equipo de <strong>Sebasti\u00e1n Beccacece<\/strong> solo se agarr\u00f3 del cansancio o de una distracci\u00f3n de <strong>River<\/strong> para hacer de las suyas. Fueron dos ocasiones en las que aprovech\u00f3 el adelantamiento de su rival para llegar con profundidad: primero con un remate de<strong> Francisco Pizzini<\/strong>que bloque\u00f3 abajo <strong>Franco Armani<\/strong>y despu\u00e9s con un centro de <strong>Walter Bou<\/strong> para <strong>Miguel Merentiel<\/strong> que termin\u00f3 sacando <strong>Robert Rojas<\/strong>con la cabeza en la \u00faltima.<\/p>\n<p>En el segundo tiempo, los dirigidos por <strong>Marcelo Gallardo<\/strong> no salieron de la mejor manera, m\u00e1s all\u00e1 de que en los primeros 10 minutos <strong>Romero<\/strong> prob\u00f3 dos veces el arco rival. Uno fue un d\u00e9bil disparo, pero el otro gener\u00f3 m\u00e1s peligro cuando la par\u00f3 de pecho, sac\u00f3 un zurdazo y la pelota se fue besando el palo izquierdo.<\/p>\n<p><strong>Beccacece<\/strong> movi\u00f3 el banco y los<strong> ingresos de Alexis Soto y Ra\u00fal Loaiza<\/strong> le dieron otro aire a<strong> Defensa y Justicia<\/strong>. Tal es as\u00ed que alcanz\u00f3 el empate con <strong>Bou<\/strong> tras el centro de <strong>Carlos Rotondi<\/strong>.<\/p>\n<p><strong>Bou<\/strong>, por su pasado en <strong>Boca<\/strong>, realiz\u00f3 un grito efusivo que levant\u00f3 a los hinchas de River para recordar la final de la <strong>Copa Libertadores<\/strong> ganada en <strong>Madrid<\/strong>en <strong>2018<\/strong>.<\/p>\n<p>El equipo de Florencio Varela encontr\u00f3 espacios y lo revirti\u00f3 con el gol de <strong>Merentiel<\/strong>, quien defini\u00f3 con clase ante <strong>Armani<\/strong> en una contra originada por <strong>Pizzini<\/strong>.<\/p>\n<p><strong>River<\/strong> no se dio por vencido ni mucho menos, sino que fue en busca de un empate que lleg\u00f3 con <strong>Romero<\/strong>. <strong>Agust\u00edn Palavecino<\/strong> pate\u00f3 al arco y su remate fue frenado en el camino por el ex Defensa, quien tampoco grit\u00f3 el gol por respeto.<\/p>\n<p>El due\u00f1o de casa, ya con los <strong>ingresos del ovacionado Leonardo Ponzio y Jorge Carrascal<\/strong>, no pudo convertir el tercero a trav\u00e9s de <strong>Romero<\/strong>, y <strong>Defensa y Justicia<\/strong>, en un error de <strong>H\u00e9ctor Mart\u00ednez<\/strong> en la salida, aprovech\u00f3 con el remate cruzado de <strong>Paredes<\/strong> que encontr\u00f3 una respuesta floja de <strong>Armani<\/strong>. El defensor, <strong>ex River<\/strong>, fue <strong>el tercero en la noche del Monumental en ofrecer disculpas por el gol<\/strong>. Y cuando <strong>Patricio Loustau<\/strong> pit\u00f3 el final, los hinchas le regalaron<strong> otra ovaci\u00f3n a Ponzio<\/strong>, visiblemente <strong>emocionado<\/strong>, rodeado de sus compa\u00f1eros y<strong> Gallardo<\/strong>, public\u00f3 TyC Sports.<\/p>\n","protected":false},"excerpt":{"rendered":"<p>Los goles fueron convertidos por Enzo Fern\u00e1ndez, el oriundo de Concordia Walter Bou, ex Boca, Miguel Merentiel, Braian Romero y Franco Paredesen una noche en la que predomin\u00f3 la ley del ex. \u00a1EL HALC\u00d3N GAN\u00d3 Y LE QUIT\u00d3 EL INVICTO AL CAMPE\u00d3N! | River 2-3 Defensa y Justicia | RESUMEN [embedded content] La apertura en [&hellip;]<\/p>\n","protected":false},"author":1,"featured_media":27139,"comment_status":"closed","ping_status":"closed","sticky":false,"template":"","format":"standard","meta":[],"categories":[20],"tags":[],"_links":{"self":[{"href":"http:\/\/cordobainforma.info\/index.php\/wp-json\/wp\/v2\/posts\/27138"}],"collection":[{"href":"http:\/\/cordobainforma.info\/index.php\/wp-json\/wp\/v2\/posts"}],"about":[{"href":"http:\/\/cordobainforma.info\/index.php\/wp-json\/wp\/v2\/types\/post"}],"author":[{"embeddable":true,"href":"http:\/\/cordobainforma.info\/index.php\/wp-json\/wp\/v2\/users\/1"}],"replies":[{"embeddable":true,"href":"http:\/\/cordobainforma.info\/index.php\/wp-json\/wp\/v2\/comments?post=27138"}],"version-history":[{"count":0,"href":"http:\/\/cordobainforma.info\/index.php\/wp-json\/wp\/v2\/posts\/27138\/revisions"}],"wp:featuredmedia":[{"embeddable":true,"href":"http:\/\/cordobainforma.info\/index.php\/wp-json\/wp\/v2\/media\/27139"}],"wp:attachment":[{"href":"http:\/\/cordobainforma.info\/index.php\/wp-json\/wp\/v2\/media?parent=27138"}],"wp:term":[{"taxonomy":"category","embeddable":true,"href":"http:\/\/cordobainforma.info\/index.php\/wp-json\/wp\/v2\/categories?post=27138"},{"taxonomy":"post_tag","embeddable":true,"href":"http:\/\/cordobainforma.info\/index.php\/wp-json\/wp\/v2\/tags?post=27138"}],"curies":[{"name":"wp","href":"https:\/\/api.w.org\/{rel}","templated":true}]}}