{"id":27136,"date":"2021-12-05T22:00:00","date_gmt":"2021-12-05T22:00:00","guid":{"rendered":"https:\/\/somoscordobeses.com\/2021\/12\/05\/negociacion-por-la-magistratura-elisa-carrio-a-lo-cristina-kirchner-y-las-confesiones-de-mauricio-macri\/"},"modified":"2021-12-05T22:00:00","modified_gmt":"2021-12-05T22:00:00","slug":"negociacion-por-la-magistratura-elisa-carrio-a-lo-cristina-kirchner-y-las-confesiones-de-mauricio-macri","status":"publish","type":"post","link":"http:\/\/cordobainforma.info\/index.php\/2021\/12\/05\/negociacion-por-la-magistratura-elisa-carrio-a-lo-cristina-kirchner-y-las-confesiones-de-mauricio-macri\/","title":{"rendered":"Negociaci\u00f3n por la Magistratura, Elisa Carri\u00f3 a lo Cristina Kirchner y las confesiones de Mauricio Macri"},"content":{"rendered":"<div>\n<h2>Obvio: ahora buscan acuerdo sobre la Magistratura<\/h2>\n<p>Si esto no es acuerdismo, \u00bfel acuerdismo d\u00f3nde est\u00e1? Cuando la necesidad aprieta, baja la intransigencia y brota el aire pactista. Lo prueba el adem\u00e1n del Gobierno de <strong>anunciar el env\u00edo de un proyecto de reforma de la integraci\u00f3n del Consejo de la Magistratura<\/strong>, en las horas previas a la declaraci\u00f3n de inconstitucionalidad del formato, que impuso el Congreso en el momento de mayor salud del ciclo kirchnerista \u2013en 2006, cuando N\u00e9stor cre\u00eda que podr\u00eda reelegir al a\u00f1o siguiente\u2013.<\/p>\n<p>El proyecto propone un Consejo con 17 integrantes. Es un llamado al acuerdo con la oposici\u00f3n, porque este formato se acerca mucho al proyecto que present\u00f3 en 2018 <strong>el diputado de Cambiemos Pablo Tonelli\u200b<\/strong><strong><\/strong>. Para reba\u00f1ar la conciencia, el consejero por la oposici\u00f3n <strong>presentar\u00e1 el texto revisado de aquella iniciativa<\/strong>, que cont\u00f3 con el respaldo de los colegios de abogados y del anterior Ministerio de Justicia, encabezado por Germ\u00e1n Garavano. Si llega a tiempo, entrar\u00e1 este lunes, antes del que promete el Gobierno, como manera de frenar los efectos devastadores de la sentencia de la Suprema Corte.<\/p>\n<h2>El final del sue\u00f1o reformista<\/h2>\n<p>Se trata de demoler la arquitectura del Consejo nacida con la reforma del 2006, <strong>militada por Cristina de Kirchner como una causa santa<\/strong>, en favor del control del sistema judicial por los pol\u00edticos, contra lo que llama \u201clas corporaciones\u201d. Este rev\u00e9s sigue a la cancelaci\u00f3n en junio de 2013 de la llamada \u201cley democratizaci\u00f3n de la justicia\u201d. Ese proyecto, que volte\u00f3 la Corte en el alba de la derrota electoral del peronismo de aquel a\u00f1o, buscaba imponer que la representaci\u00f3n de los jueces surgiera del voto popular.<\/p>\n<p>Segu\u00eda a la reducci\u00f3n en 2006 de los abogados de 4 a 2. En el proyecto de Tonelli, que <strong>replican ahora Mart\u00edn Mena y Vilma Ibarra<\/strong> (tripulantes de este Titanic que es la agenda judicial del gobierno), se propone que los miembros sean 14, reduciendo los legisladores de 3 a 2 por cada c\u00e1mara, los abogados 4 en lugar de 2 y que aumente un representante de los jueces. El proyecto agrega que los miembros por el Congreso sean representantes ellos mismos, no legisladores. Tambi\u00e9n que el presidente del Consejo sea el representante de la Corte.<\/p>\n<p>El proyecto de Cambiemos perdi\u00f3 estado parlamentario, porque la bancada nunca lo auspici\u00f3. La sentencia de la Corte responde a un recurso que revindica una restauraci\u00f3n del \u201cequilibrio de estamentos\u201d que reclama la Constituci\u00f3n. Esta semana caen los dict\u00e1menes los proyectos de reforma judicial y del ministerio p\u00fablico. <strong>D\u00edas de luto y bandera a media asta<\/strong>.<\/p>\n<h2>Intentan evitar un 2022 con elecciones<\/h2>\n<p>El <strong>M\u00e1ximo Tribunal demor\u00f3 la resoluci\u00f3n desde 2016<\/strong> a pedido de los gobiernos de Cambiemos y del peronismo, que promet\u00edan proyectos. El Gobierno quiere evitar que en 2022 haya una elecci\u00f3n de representantes de los abogados con un padr\u00f3n nacional y distrito \u00fanico. Ser\u00eda un adelantamiento de la confrontaci\u00f3n presidencial de 2023, una suerte de PASO en momentos de bajo prestigio de un gobierno que recibi\u00f3 un aplazo en el examen de los dos primeros a\u00f1os de mandato de los Fern\u00e1ndez.<\/p>\n<p>Los proyectos del Gobierno y Tonelli aumentan a 4 el n\u00famero de abogados, pero proponen que se los elija en padrones y fechas distintas, 2 por Capital y 2 por el interior. <strong>Tambi\u00e9n coinciden en que la presidencia del Consejo quede en manos de alguno de sus miembros<\/strong>, y no que la asuma el presidente de la Corte, como rigi\u00f3 hasta la reforma de 2006.<\/p>\n<h2>Verdades de fondo en el Concilio de San Diego<\/h2>\n<p>Si de inspiraciones se trata, vale la pena atender a algunos concilios privados. Uno, <strong>el de Lilita Carri\u00f3 con Horacio Rodr\u00edguez Larreta en la casa de Mario Quintana en el country San Diego<\/strong>, partido de Moreno. Herm\u00e9tico, el encuentro transcurri\u00f3 en profundidades que superan a la pol\u00edtica. El mensaje: \u201cSi le hac\u00e9s caso a gente que no te dice la verdad, nunca vas a llegar a ser presidente\u201d.<\/p>\n<p>M\u00e1s que un ajuste de cuentas, una explicaci\u00f3n de la fuerza las palabras de la jefa de la Coalici\u00f3n, en el festejo de los 20 a\u00f1os del \u201ccompromiso moral\u201d.<strong> \u201cTengo que corregirte cosas porque es mi deber hacerlo\u201d, remat\u00f3<\/strong>. \u00bfLe har\u00e1 caso Larreta a estas reconvenciones que van m\u00e1s all\u00e1 de la agenda pol\u00edtica?<\/p>\n<p>El rol de mentora es <strong>an\u00e1logo al que le atribuyen a Cristina de Kirchner sobre el peronismo<\/strong>. La diferencia es que Lilita nunca defiende situaciones personales, y tiene una densidad intelectual que no tiene Cristina, a quien casi no se le reconocen ideas sino posicionamientos ante temas concretos. Si hay algo que caracteriza a Carri\u00f3 es que su sentido de la oportunidad siempre se basa en el inter\u00e9s del conjunto, no en el personal. Por eso le va casi siempre bien.<\/p>\n<p><strong>A Cristina las cosas casi siempre le salen mal<\/strong>. Su carrera pol\u00edtica est\u00e1 hecha de derrotas, salvo en 2011, cuando gan\u00f3 sin oposici\u00f3n, o en 2007 y 2019, cuando gan\u00f3 por ir con Cobos y un sector de los radicales o de vice de Alberto \u2013vaya m\u00e9ritos\u2013. Y en las legislativas, un r\u00e9cord ruinoso. Testigo de esa charla de secretos lacrados fue un amigo com\u00fan, Mario Quintana. Antes de la despedida, Lilita avis\u00f3 que sale del escenario el mes pr\u00f3ximo, enero, porque viaja a los Estados Unidos.<\/p>\n<h2>Lo importante no es ganar (la pastoral de Macri)<\/h2>\n<p>Hubo tambi\u00e9n inspiraci\u00f3n en las <strong>confesiones de Macri<\/strong> ante los candidatos del PRO que ganaron las elecciones en municipios en los que no son gobierno. Un lote de dirigentes sin techo, que no ten\u00edan tierra, pero escrituraron (como bromea <strong>Jorge Macri<\/strong>). \u201cTienen que estudiar, prepararse -los aleccion\u00f3-. Lo importante no es tanto ganar, sino gobernar bien. En 2015 pudimos hacer que muchos ganaran, pero despu\u00e9s no cumplieron con lo que la gente esperada\u201d.<\/p>\n<p>Escuchaba un lote de ganadores, entre ellos <strong>Hern\u00e1n Lombardi<\/strong>, el puntero de \u201cLa Territorial\u201d, <strong>Alex Campbell<\/strong> -candidato a la directiva de River, omiti\u00f3 el tema en esa casa boquense- Evangelina Cabral (Mercedes), Rita Salaberry (Luj\u00e1n), Joaqu\u00edn S\u00e1nchez Charr\u00f3 (General Alvarado), entre otros. Macri sigue la tarea pastoral este lunes, cuando junta a todos los diputados nacionales, los que fueron, los que ser\u00e1n y los que siguen siendo, para una foto en el Yatch Club de Olivos.<\/p>\n<p>De ah\u00ed los lleva en grupo a la presentaci\u00f3n del <strong>libro de Esteban Bullrich<\/strong>, que propone la <strong>divisi\u00f3n de la provincia de Buenos Aires<\/strong>. Un viejo sue\u00f1o que viene de Carlos Pellegrini y que tuvo hitos para todos los gustos. Como el proyecto de la \u201cprovincia del R\u00edo de La Plata\u201d del ingeniero Guillermo Laura, funcionario del \u00faltimo turno militar. Un cl\u00e1sico del nominalismo pol\u00edtico es muestra de la tendencia creer que, si cambian las leyes o el mapa, cambia la realidad.<\/p>\n<p>Al rev\u00e9s, los mapas y las leyes expresan la realidad. Buenos Aires es importante por otras razones de la ley de capitalidad. <strong>Llevar la capital a Viedma era simp\u00e1tico, pero no cambiaba nada<\/strong>. Como no cambia nada el veto a las reelecciones de intendentes. Lo malo no es la reelecci\u00f3n lo malo es el mal gobierno. Lo que hay que reprimir, en todo caso, es aprovechar las posiciones hegem\u00f3nicas para reelegirse o volcar recursos a un distrito.<\/p>\n<h2>Intendentes: ya se salvaron, \u00bfpara qu\u00e9 una ley?<\/h2>\n<p>En pol\u00edtica, la realidad se agota en lo fenom\u00e9nico. Los mirones se desvelan por la suerte de la ley de veto a las reelecciones de intendentes de Buenos Aires: si se modifica o la voltea un juez. Son entretenimientos veraniegos. <strong>Esa reforma no cuenta con los votos necesarios<\/strong> porque la rechazan los conjurados en defensa de la inhibici\u00f3n que promovieron el vidalismo, el massismo y un sector del cristinismo.<\/p>\n<p>Pero no caminar\u00e1 principalmente porque los interesados en salvarse del veto ya han saltado a tierra firme, <strong>han pedido licencia o renunciado antes de los dos a\u00f1os de mandato y podr\u00e1n acceder a un tercer mandato en 2023<\/strong>. Son m\u00e1s de una docena y entre ellos est\u00e1n las estrellas del oficialismo y la oposici\u00f3n, como <strong>Mart\u00edn Insaurralde<\/strong> y <strong>Jorge Macri<\/strong>. Con eso basta para que la ley muera de muerte indigna, sin que nadie salga defender la reforma, promovida por lo bajo por quienes Alberto P\u00e9rez bautiz\u00f3, con ingenio, los \u201cmachos del off-the-record\u201d.<\/p>\n<p>Hay que mirar y especular menos para verle el final a esta trama, porque todos juegan doble. Mauricio Macri rechaza la reforma y dice que es un papel\u00f3n ponerse en contra. No habla del primo Jorge, que r\u00ede brincando por el atajo.<strong> Tampoco lo hace el cristinismo extremo, dividido tambi\u00e9n en este punto<\/strong>. Tanto que el promotor de las facilidades extendidas para la reelecci\u00f3n es Walter Abarca, un cristinista del entorno \u00edntimo de N\u00e9stor Kirchner.<\/p>\n<p>Fue varios a\u00f1os su secretario privado y desde esa sacrist\u00eda se orden\u00f3 legislador por Saladillo. Camino de perfecci\u00f3n \u2013dir\u00eda la Santa de \u00c1vila\u2013 que ha seguido Dar\u00edo Nieto, secretario de Macri, que ser\u00e1 legislador porte\u00f1o. Ni qu\u00e9 decir de Daniel Mu\u00f1oz, a quien ser secretario de N\u00e9stor le permiti\u00f3 morir en olor de opulencia \u2013un h\u00e9roe de la lucha contra el pobrismo\u2013.<\/p>\n<h2>Interbloque opositor pasa a marzo<\/h2>\n<p>La semana es un tumulto de transiciones, acuerdos y discordias. El oficialismo promete alguna visita, aunque sea informal, de funcionarios de Econom\u00eda a la c\u00e1mara de Diputados.<strong> Vencen a medianoche del jueves dict\u00e1menes y proyectos que quedan sin tratar<\/strong>. Las comisiones tienen que barajarse con los nuevos legisladores, pero el oficialismo prometi\u00f3, desde la oficina de <strong>Sergio Massa<\/strong>, hasta la fantas\u00eda de una visita de <strong>Mart\u00edn Guzm\u00e1n<\/strong> al palacio.<\/p>\n<p>El Congreso ser\u00e1 sede de la unci\u00f3n de los nuevos jefes de bloque. <strong>La oposici\u00f3n deja para el futuro cercano superar la pelea por los interbloques<\/strong>: el radicalismo AMBA de Diputados ya amenaza con un cisma evolutivo -ya existi\u00f3 esa marca porte\u00f1a de Evoluci\u00f3n-. Confronta -de la mano de <strong>Emiliano Yacobitti<\/strong>\u2013 contra los votos de la mayor\u00eda que han juntado para sus tribus <strong>Cristian Ritondo<\/strong> y <strong>Mario Negri<\/strong>.<\/p>\n<p>Para entender esa ensalada:<\/p>\n<p><em>1) Ni Ritondo ni Negri creen que estar en el interbloque les salve la vida, su liderazgo no est\u00e1 en cuesti\u00f3n.<\/em><\/p>\n<p><em>2) El radicalismo AMBA quiere el interbloque para <strong>Rodrigo de Loredo<\/strong>, y usar esa dignidad para, al rev\u00e9s, generar un liderazgo que no tiene (a\u00fan).<\/em><\/p>\n<p>Como dice el personaje del filme \u201cDuna\u201d: un hombre no busca ser l\u00edder, est\u00e1 destinado a serlo (o no). El radicalismo AMBA o no tiene suerte o trae mala suerte. Tambalea <strong>Mart\u00edn Lousteau<\/strong> como vicepresidente del Senado, en manos de <strong>Carolina Losada<\/strong>. Y acaban de perder la conducci\u00f3n de la Juventud Radical contra Valeria Pav\u00f3n, correntina que milita en el ala moralista del radicalismo territorial. <strong>Este sector propone a Gerardo Morales como nuevo presidente de la UCR<\/strong> y candidato presidencial, que avanza con una kriptonita en cada mano -a eso equivalen el litio y el cannabis-.<\/p>\n<h2>Blindaje contra reloj de los DNU t\u00f3xicos<\/h2>\n<p>En el Senado habr\u00e1 este jueves sesi\u00f3n de juras de los nuevos y la \u00faltima sesi\u00f3n ordinaria de los viejos. El oficialismo apura para ese d\u00eda, el \u00faltimo con la mayor\u00eda que perdi\u00f3 el 14 de noviembre, <strong>la sanci\u00f3n de una parte del paquete de 116 DNU <\/strong>firmados por el Presidente. El oficialismo le comunic\u00f3 a la oposici\u00f3n que no ser\u00edan presentados los 116. Entre esos decretos hay algunos meramente formales que han caducado, pero hay otros que puede significar alg\u00fan compromiso para el Presidente el d\u00eda de ma\u00f1ana. Son los que dispusieron las restricciones a la circulaci\u00f3n de personas y am otras actividades que dieron lugar a m\u00e1s de 50 mil causas penales. Esas normas est\u00e1n vinculadas, seg\u00fan organismos de defensa de los derechos humanos, a m\u00e1s de 500 denuncias por abusos policiales incluyendo 25 de muertes.<\/p>\n<p>Sobre la base de esos n\u00fameros y los reclamos de organismos internacionales, <strong>la oposici\u00f3n ha presentado un dictamen de rechazo de la mayor\u00eda de los DNU<\/strong>. El Gobierno est\u00e1 interesado en blindar el futuro del Presidente que firm\u00f3 estos decretos. Hoy puede parecer algo inocuo y sin consecuencias, pero el d\u00eda de ma\u00f1ana, cuando <strong>Alberto Fern\u00e1ndez<\/strong> pierda la protecci\u00f3n que le da el cargo, alg\u00fan perjudicado puede tentar a un fiscal, que puede tentar un juez, y empapelarlo con un proceso. El juez de Dolores lo proces\u00f3 a Macri por tareas de inteligencia de funcionarios de su gobierno, de las cuales es improbable que estuviera al tanto. Pero ya sin el poder de anta\u00f1o, se pasea por las galer\u00edas sin fin de los tribunales.<\/p>\n<h2>La militancia el\u00e1stica es pol\u00edtica de Estado<\/h2>\n<p>Macri animar\u00e1 el martes una cita de la Fundaci\u00f3n Libertad -organizaci\u00f3n liberal-conservadora- para recibirlo a Pablo Casado -titular del PP espa\u00f1ol-, que viene en un raid proselitista por la regi\u00f3n que incluye Argentina, Uruguay, Paraguay y Chile. <strong>Aprovechar\u00e1 para darle una mano a la derecha chilena<\/strong>, algo que amag\u00f3 Mauricio la semana anterior con la visita que hizo a Chile para el cumplea\u00f1os de Sebasti\u00e1n Pi\u00f1era y lanzar un programa de la FIFA.<\/p>\n<p>Con Casado habr\u00e1 un almuerzo de pocos, adonde asistir\u00e1n <strong>Patricia Bullrich, Miguel Pichetto y Alfredo Cornejo<\/strong>, que buscar\u00e1 remover\u2013 el avispero de sus correligionarios. Los radicales integran la Internacional Socialista que gobierna Espa\u00f1a \u2013donde Casado es oposici\u00f3n\u2013, a cuyos dirigentes visit\u00f3 en Madrid la semana pasada Gerardo Morales.<\/p>\n<p>La militancia internacional de la oposici\u00f3n es tan el\u00e1stica como la del oficialismo, que boya entre el chavismo extremo y las zalemas a Washington por una platea en el FMI. Sencillo: <strong>en todo el mundo los alineamientos internacionales de los pol\u00edticos responden a intereses dom\u00e9sticos<\/strong> y para halagar a la propia clientela. El problema viene con las coaliciones, porque lo que les gusta a los del PRO, no les gusta a los radicales, y eso tensa las sogas cuando sopla el viento.<\/p>\n<h2>Acuerdismo de contrafrente entre intendentes<\/h2>\n<p><strong>Casado lo visitar\u00e1 a Larreta en su oficina<\/strong>. Por la tarde, habr\u00e1 algo m\u00e1s abierto en un c\u00f3ctel en el club Espa\u00f1ol. Es un estilista de la banda el\u00e1stica: la CABA, junto a varias intendencias de Cambiemos, como la de Santa Fe,<strong> votaron la semana anterior por Fernando Gray<\/strong>, intendente de Esteban Echeverr\u00eda, para elegirlo presidente de Mercociudades, una liga de 361 ciudades de la regi\u00f3n.<\/p>\n<p>Fue una sorpresa que este anti cristinista juntase tantas adhesiones, que incluyen a todos los partidos. Es quien<strong> impugna la asunci\u00f3n de Maxi Kirchner<\/strong> como nuevo presidente del PJ de Buenos Aires y <strong>se planta frente a Axel Kicillof<\/strong>. Tiene cuestionada esa asunci\u00f3n en el partido ante la justicia y tiene redactado un nuevo recurso de amparo.<\/p>\n<p><strong>Gray vale doble<\/strong>, porque su esposa, <strong>Magdalena Goris<\/strong>, ese senadora provincial en una C\u00e1mara en donde oficialismo y oposici\u00f3n han quedado empatados 33 a 33 en la nueva legislatura. <strong>De su voto depende el presupuesto<\/strong>, la ley tributaria, la designaci\u00f3n de los cargos institucionales que se lotean en el Banco Provincia, empresas del Estado y organismos de control. Ahora Gray tiene una chapa internacional que le permite jugar en las grandes ligas. De paso, a su asunci\u00f3n asisti\u00f3, sonriendo, <strong>Juan Cabandi\u00e9<\/strong>, ministro de Ambiente que revista los protocolos de su relaci\u00f3n con el cristinismo del ala Maxi.<\/p>\n<div>\n<div>\n<p><span>Mir\u00e1 tambi\u00e9n<\/span><\/p>\n<\/p><\/div>\n<\/div>\n<div>\n<div>\n<p><span>Mir\u00e1 tambi\u00e9n<\/span><\/p>\n<\/p><\/div>\n<\/div>\n<div>\n<h2>TEMAS QUE APARECEN EN ESTA NOTA<\/h2>\n<\/div>\n<\/div>\n<nav class=\"navigation post-navigation\" role=\"navigation\" aria-label=\"Continue Reading\">\n<h2 class=\"screen-reader-text\">Continue Reading<\/h2>\n<\/nav>\n","protected":false},"excerpt":{"rendered":"<p>Obvio: ahora buscan acuerdo sobre la Magistratura Si esto no es acuerdismo, \u00bfel acuerdismo d\u00f3nde est\u00e1? Cuando la necesidad aprieta, baja la intransigencia y brota el aire pactista. Lo prueba el adem\u00e1n del Gobierno de anunciar el env\u00edo de un proyecto de reforma de la integraci\u00f3n del Consejo de la Magistratura, en las horas previas [&hellip;]<\/p>\n","protected":false},"author":1,"featured_media":27137,"comment_status":"closed","ping_status":"closed","sticky":false,"template":"","format":"standard","meta":[],"categories":[2],"tags":[],"_links":{"self":[{"href":"http:\/\/cordobainforma.info\/index.php\/wp-json\/wp\/v2\/posts\/27136"}],"collection":[{"href":"http:\/\/cordobainforma.info\/index.php\/wp-json\/wp\/v2\/posts"}],"about":[{"href":"http:\/\/cordobainforma.info\/index.php\/wp-json\/wp\/v2\/types\/post"}],"author":[{"embeddable":true,"href":"http:\/\/cordobainforma.info\/index.php\/wp-json\/wp\/v2\/users\/1"}],"replies":[{"embeddable":true,"href":"http:\/\/cordobainforma.info\/index.php\/wp-json\/wp\/v2\/comments?post=27136"}],"version-history":[{"count":0,"href":"http:\/\/cordobainforma.info\/index.php\/wp-json\/wp\/v2\/posts\/27136\/revisions"}],"wp:featuredmedia":[{"embeddable":true,"href":"http:\/\/cordobainforma.info\/index.php\/wp-json\/wp\/v2\/media\/27137"}],"wp:attachment":[{"href":"http:\/\/cordobainforma.info\/index.php\/wp-json\/wp\/v2\/media?parent=27136"}],"wp:term":[{"taxonomy":"category","embeddable":true,"href":"http:\/\/cordobainforma.info\/index.php\/wp-json\/wp\/v2\/categories?post=27136"},{"taxonomy":"post_tag","embeddable":true,"href":"http:\/\/cordobainforma.info\/index.php\/wp-json\/wp\/v2\/tags?post=27136"}],"curies":[{"name":"wp","href":"https:\/\/api.w.org\/{rel}","templated":true}]}}