{"id":27134,"date":"2021-12-05T22:51:00","date_gmt":"2021-12-05T22:51:00","guid":{"rendered":"https:\/\/somoscordobeses.com\/2021\/12\/05\/mensaje-para-alberto-fernandez-el-bloque-k-del-senado-buscara-aprobar-solo-53-de-los-116-dnu-del-presidente\/"},"modified":"2021-12-05T22:51:00","modified_gmt":"2021-12-05T22:51:00","slug":"mensaje-para-alberto-fernandez-el-bloque-k-del-senado-buscara-aprobar-solo-53-de-los-116-dnu-del-presidente","status":"publish","type":"post","link":"http:\/\/cordobainforma.info\/index.php\/2021\/12\/05\/mensaje-para-alberto-fernandez-el-bloque-k-del-senado-buscara-aprobar-solo-53-de-los-116-dnu-del-presidente\/","title":{"rendered":"\u00bfMensaje para Alberto Fern\u00e1ndez? El bloque K del Senado buscar\u00e1 aprobar solo 53 de los 116 DNU del Presidente"},"content":{"rendered":"<div>\n<p>Tras <strong>depurar<\/strong> el listado de <strong>116<\/strong> DNU firmados por Alberto Fern\u00e1ndez en sus casi dos a\u00f1os de gesti\u00f3n, finalmente el bloque del Frente de Todos del Senado <strong>resolvi\u00f3 <\/strong>que este jueves<strong> s\u00f3lo se buscar\u00e1n aprobar en el recinto 53 <\/strong>de ese conjunto de decretos, <strong>es decir menos de la mitad <\/strong>de los que est\u00e1n pendientes.<\/p>\n<p>Muchos de los que quedar\u00e1n sin aprobarse <strong>son muy sensibles<\/strong>, como las <strong>ampliaciones presupuestarias y reasignaciones de partidas, <\/strong>seg\u00fan dijeron las fuentes consultadas.<\/p>\n<p>Justo este jueves es el <strong>\u00faltimo d\u00eda antes del recambio legislativo<\/strong> del 10 de diciembre. A partir de ah\u00ed, la bancada oficialista alineada con Cristina Kirchner <strong>perder\u00e1 el c\u00f3modo qu\u00f3rum <\/strong>con el que se manej\u00f3&nbsp;en los \u00faltimos dos a\u00f1os.<\/p>\n<div>\n<div> <picture><source media=\"(min-width: 720px)\"><\/picture><figcaption>\n<p>Bancada del Frente de Todos en el Senado. Foto Prensa Senado. <\/p>\n<\/figcaption><\/div>\n<\/div>\n<p>As\u00ed, esta era la<strong> oportunidad ideal<\/strong> para aprobar en el recinto la totalidad de los DNU presidenciales que a\u00fan tienen <strong>pendiente<\/strong> el aval parlamentario.<\/p>\n<p>M\u00e1s a\u00fan: a mediados del mes pasado la comisi\u00f3n bicameral de Tr\u00e1mite Legislativo hab\u00eda dado dictamen favorable a los 116 DNU y los hab\u00eda dejado en condiciones de ser aprobados en el recinto. <\/p>\n<p>Se supon\u00eda que ahora ser\u00eda el turno de que el Senado los \u201cblindase\u201d (en Diputados <strong>no tiene el n\u00famero<\/strong> ni ahora ni despu\u00e9s del 10 de diciembre).<\/p>\n<p>Pero algo pas\u00f3 y en el medio de los tironeos entre <strong>Alberto Fern\u00e1ndez<\/strong> y <strong>Cristina Kirchner <\/strong>en el Senado definieron que<strong> solo le aprobar\u00e1n 53 DNU<\/strong> al Presidente. As\u00ed se lo trasmitieron a la bancada de Juntos por el Cambio, que ahora definir\u00e1 una posici\u00f3n.<\/p>\n<h2>Sospechas<\/h2>\n<p>El argumento que repiten en el <strong>Frente de Todos<\/strong> es que no se quiere llevar al recinto los decretos m\u00e1s pol\u00e9micos para <strong>no tensar m\u00e1s<\/strong> la relaci\u00f3n con la oposici\u00f3n justo en la previa del tratamiento en el Congreso del <strong>Presupuesto 2022 <\/strong>y el futuro acuerdo con el Fondo Monetario Internacional.<\/p>\n<p>Pero con malicia algunos sospechan que en realidad <strong>Cristina Kirchner<\/strong> se estar\u00eda guardando una carta&nbsp;bajo la manga para el caso de que escale su interna con <strong>Alberto Fern\u00e1ndez<\/strong>.<\/p>\n<p>La lectura que hacen en el Congreso es que eventualmente la vicepresidenta podr\u00eda llevar al recinto alguno de los DNU sin aprobaci\u00f3n del Senado e intentar <strong>voltearlos.<\/strong> Para que se caigan, eso s\u00ed, despu\u00e9s necesitar\u00e1 que tambi\u00e9n Diputados vote por su rechazo. Mientras eso no suceda, seguir\u00edan vigentes.<\/p>\n<p> No <strong>existen antecedentes<\/strong> de un solo decreto anulado por el Congreso. De ocurrir,&nbsp;ser\u00eda un fuerte <strong>golpe pol\u00edtico <\/strong>para quien sea el presidente de turno.<\/p>\n<p>En la bancada oficialista se asegura que no hay \u201cninguna\u201d intenci\u00f3n de da\u00f1ar al Presidente. Pero reconocen que retendr\u00edan para s\u00ed mismos ese <strong>eventual poder de da\u00f1o.<\/strong><\/p>\n<p>Seg\u00fan lo que le comunic\u00f3 el oficialismo a la oposici\u00f3n, el plan es aprobar en el recinto 23 DNU vinculados con la pandemia, m\u00e1s que nada en los que se fij\u00f3 -y luego fue prorrogando- el Aislamiento Social, Preventivo y Obligatorio (ASPO) y de \u201cDistanciamiento Social, Preventivo y Obligatorio\u201d (DISPO).<\/p>\n<p>Adem\u00e1s se buscar\u00e1 aprobar 30 DNU relacionados con la \u201cproducci\u00f3n y el trabajo\u201d, como los de aumentos salariales y haberes jubilatorios, los de<strong> prohibici\u00f3n de despidos y de doble indemnizaci\u00f3n<\/strong>, entre otros.<\/p>\n<p>Los que quedar\u00e1n sin aprobar son las <strong>reasignaciones de partidas presupuestarias<\/strong>, la ampliaci\u00f3n del Presupuesto en m\u00e1s de $ 700.000 millones en el marco de la campa\u00f1a electoral, la reprogramaci\u00f3n de pagos de deuda con el<strong> Club de Par\u00eds<\/strong>, entre otros decretos sensibles.<\/p>\n<p>Seg\u00fan le trasmitieron a la oposici\u00f3n desde el oficialismo, la intenci\u00f3n es ir <strong>\u201cviendo tranquilos\u201d<\/strong> los 63 decretos restantes, es decir los que no ser\u00e1n aprobados en la sesi\u00f3n de este jueves.<\/p>\n<p>Para este jueves, por otro lado, se espera que sean tratadas una serie de iniciativas presentadas por senadores a los que se les termina al d\u00eda siguiente el mandato. Se trata de un <strong>cl\u00e1sico legislativo<\/strong>, pero que sirve para asegurar el qu\u00f3rum.<\/p>\n<div>\n<div> <picture><source media=\"(min-width: 720px)\"><\/picture><figcaption>\n<p>Sesi\u00f3n del Senado, en octubre. Foto Prensa Senado. <\/p>\n<\/figcaption><\/div>\n<\/div>\n<p>Mientras, siguen las versiones de una \u201cinminente\u201d divisi\u00f3n de la bancada del Frente de Todos con la aparici\u00f3n de un sub bloque integrado por senadores que cargan una <strong>serie de malestares<\/strong>, sobre todo con la Casa Rosada. <\/p>\n<p>Este martes hay prevista una nueva reuni\u00f3n entre el sector disidente. El Gobierno -y Cristina- buscan frenar la eventual fisura.<\/p>\n<div>\n<h2>TEMAS QUE APARECEN EN ESTA NOTA<\/h2>\n<\/div>\n<\/div>\n<nav class=\"navigation post-navigation\" role=\"navigation\" aria-label=\"Continue Reading\">\n<h2 class=\"screen-reader-text\">Continue Reading<\/h2>\n<\/nav>\n","protected":false},"excerpt":{"rendered":"<p>Tras depurar el listado de 116 DNU firmados por Alberto Fern\u00e1ndez en sus casi dos a\u00f1os de gesti\u00f3n, finalmente el bloque del Frente de Todos del Senado resolvi\u00f3 que este jueves s\u00f3lo se buscar\u00e1n aprobar en el recinto 53 de ese conjunto de decretos, es decir menos de la mitad de los que est\u00e1n pendientes. [&hellip;]<\/p>\n","protected":false},"author":1,"featured_media":27135,"comment_status":"closed","ping_status":"closed","sticky":false,"template":"","format":"standard","meta":[],"categories":[2],"tags":[],"_links":{"self":[{"href":"http:\/\/cordobainforma.info\/index.php\/wp-json\/wp\/v2\/posts\/27134"}],"collection":[{"href":"http:\/\/cordobainforma.info\/index.php\/wp-json\/wp\/v2\/posts"}],"about":[{"href":"http:\/\/cordobainforma.info\/index.php\/wp-json\/wp\/v2\/types\/post"}],"author":[{"embeddable":true,"href":"http:\/\/cordobainforma.info\/index.php\/wp-json\/wp\/v2\/users\/1"}],"replies":[{"embeddable":true,"href":"http:\/\/cordobainforma.info\/index.php\/wp-json\/wp\/v2\/comments?post=27134"}],"version-history":[{"count":0,"href":"http:\/\/cordobainforma.info\/index.php\/wp-json\/wp\/v2\/posts\/27134\/revisions"}],"wp:featuredmedia":[{"embeddable":true,"href":"http:\/\/cordobainforma.info\/index.php\/wp-json\/wp\/v2\/media\/27135"}],"wp:attachment":[{"href":"http:\/\/cordobainforma.info\/index.php\/wp-json\/wp\/v2\/media?parent=27134"}],"wp:term":[{"taxonomy":"category","embeddable":true,"href":"http:\/\/cordobainforma.info\/index.php\/wp-json\/wp\/v2\/categories?post=27134"},{"taxonomy":"post_tag","embeddable":true,"href":"http:\/\/cordobainforma.info\/index.php\/wp-json\/wp\/v2\/tags?post=27134"}],"curies":[{"name":"wp","href":"https:\/\/api.w.org\/{rel}","templated":true}]}}