{"id":27061,"date":"2021-12-04T10:27:00","date_gmt":"2021-12-04T10:27:00","guid":{"rendered":"https:\/\/somoscordobeses.com\/2021\/12\/04\/el-parlamento-de-ecuador-aprobo-un-informe-para-discutir-la-ley-de-aborto-por-violacion\/"},"modified":"2021-12-04T10:27:00","modified_gmt":"2021-12-04T10:27:00","slug":"el-parlamento-de-ecuador-aprobo-un-informe-para-discutir-la-ley-de-aborto-por-violacion","status":"publish","type":"post","link":"http:\/\/cordobainforma.info\/index.php\/2021\/12\/04\/el-parlamento-de-ecuador-aprobo-un-informe-para-discutir-la-ley-de-aborto-por-violacion\/","title":{"rendered":"El Parlamento de Ecuador aprob\u00f3 un informe para discutir la ley de aborto por violaci\u00f3n"},"content":{"rendered":"<div>\n<figure><figcaption> La asamblea tiene de plazo hasta el 26 de diciembre para debatir y aprobar la propuesta. <\/figcaption><\/figure>\n<p>La Comisi\u00f3n de Justicia de la Asamblea Nacional de Ecuador aprob\u00f3 el viernes un informe que abre la puerta al primer debate sobre el <strong>proyecto de ley que garantiza la interrupci\u00f3n voluntaria del embarazo en casos de violaci\u00f3n<\/strong>.<\/p>\n<p>Con ocho votos a favor y dos en contra se aprob\u00f3 el documento que permite el primer debate del proyecto de Ley Org\u00e1nica para Garantizar la Interrupci\u00f3n Voluntaria del Embarazo en Caso de Violaci\u00f3n.<\/p>\n<p>En abril pasado, el Tribunal Constitucional (TC) de Ecuador <strong>aprob\u00f3 la despenalizaci\u00f3n del aborto para mujeres v\u00edctimas de violaci\u00f3n al declarar inconstitucionales parte de dos art\u00edculos del C\u00f3digo Integral Penal (COIP)<\/strong> referentes a este aspecto, seg\u00fan inform\u00f3 la agencia DPA.<\/p>\n<p>Seg\u00fan el fallo, la asamblea tiene de plazo hasta el 26 de diciembre para debatir y aprobar la propuesta.<\/p>\n<p>Tras la aprobaci\u00f3n del informe, que <strong>por el momento no especifica el tiempo con el que se podr\u00e1 interrumpir el embarazo<\/strong>, el documento pasa a la presidenta de la Asamblea Nacional, Guadalupe Llori, para que se incluya en el orden del d\u00eda del pleno.<\/p>\n<p><strong>La discusi\u00f3n se deber\u00e1 dar en medio del receso legislativo aprobado por el Consejo de Administraci\u00f3n Legislativa (CAL)<\/strong>, que arrancar\u00e1 el 16 de diciembre y durar\u00e1 quince d\u00edas, recuerda \u2018El Universo\u2019.<\/p>\n<p>El Constitucional opt\u00f3 por modificar el numeral 2 del art\u00edculo 150, en el que se recoge que el aborto no ser\u00e1 punible \u201csi el embarazo es consecuencia de una violaci\u00f3n en una mujer que padezca de discapacidad mental\u201d.<\/p>\n<p>De este apartado se ha eliminado la frase \u201cque padezca de discapacidad mental\u201d, por lo que, una vez que se publique en el Registro Oficial el fallo de la Corte, recoger\u00e1 que no se penalice la interrupci\u00f3n del embarazo si es \u201cconsecuencia de una violaci\u00f3n a una mujer\u201d. <\/p>\n<\/div>\n<nav class=\"navigation post-navigation\" role=\"navigation\" aria-label=\"Continue Reading\">\n<h2 class=\"screen-reader-text\">Continue Reading<\/h2>\n<\/nav>\n","protected":false},"excerpt":{"rendered":"<p>La asamblea tiene de plazo hasta el 26 de diciembre para debatir y aprobar la propuesta. La Comisi\u00f3n de Justicia de la Asamblea Nacional de Ecuador aprob\u00f3 el viernes un informe que abre la puerta al primer debate sobre el proyecto de ley que garantiza la interrupci\u00f3n voluntaria del embarazo en casos de violaci\u00f3n. Con [&hellip;]<\/p>\n","protected":false},"author":1,"featured_media":27062,"comment_status":"closed","ping_status":"closed","sticky":false,"template":"","format":"standard","meta":[],"categories":[2],"tags":[],"_links":{"self":[{"href":"http:\/\/cordobainforma.info\/index.php\/wp-json\/wp\/v2\/posts\/27061"}],"collection":[{"href":"http:\/\/cordobainforma.info\/index.php\/wp-json\/wp\/v2\/posts"}],"about":[{"href":"http:\/\/cordobainforma.info\/index.php\/wp-json\/wp\/v2\/types\/post"}],"author":[{"embeddable":true,"href":"http:\/\/cordobainforma.info\/index.php\/wp-json\/wp\/v2\/users\/1"}],"replies":[{"embeddable":true,"href":"http:\/\/cordobainforma.info\/index.php\/wp-json\/wp\/v2\/comments?post=27061"}],"version-history":[{"count":0,"href":"http:\/\/cordobainforma.info\/index.php\/wp-json\/wp\/v2\/posts\/27061\/revisions"}],"wp:featuredmedia":[{"embeddable":true,"href":"http:\/\/cordobainforma.info\/index.php\/wp-json\/wp\/v2\/media\/27062"}],"wp:attachment":[{"href":"http:\/\/cordobainforma.info\/index.php\/wp-json\/wp\/v2\/media?parent=27061"}],"wp:term":[{"taxonomy":"category","embeddable":true,"href":"http:\/\/cordobainforma.info\/index.php\/wp-json\/wp\/v2\/categories?post=27061"},{"taxonomy":"post_tag","embeddable":true,"href":"http:\/\/cordobainforma.info\/index.php\/wp-json\/wp\/v2\/tags?post=27061"}],"curies":[{"name":"wp","href":"https:\/\/api.w.org\/{rel}","templated":true}]}}