{"id":27044,"date":"2021-12-04T11:49:55","date_gmt":"2021-12-04T11:49:55","guid":{"rendered":"http:\/\/cordobainforma.info\/index.php\/2021\/12\/04\/el-salvador-compra-otros-150-bitcoines-en-medio-de-la-caida-de-las-principales-criptomonedas\/"},"modified":"2021-12-04T11:49:55","modified_gmt":"2021-12-04T11:49:55","slug":"el-salvador-compra-otros-150-bitcoines-en-medio-de-la-caida-de-las-principales-criptomonedas","status":"publish","type":"post","link":"http:\/\/cordobainforma.info\/index.php\/2021\/12\/04\/el-salvador-compra-otros-150-bitcoines-en-medio-de-la-caida-de-las-principales-criptomonedas\/","title":{"rendered":"El Salvador compra otros 150 bitcoines en medio de la ca\u00edda de las principales criptomonedas"},"content":{"rendered":"<div><img src=\"http:\/\/cordobainforma.info\/wp-content\/uploads\/2021\/12\/el-salvador-compra-otros-150-bitcoines-en-medio-de-la-caida-de-las-principales-criptomonedas.jpg\" class=\"ff-og-image-inserted\"><\/div>\n<div readability=\"32\">\n<p><span>Publicado:<\/span><time class=\"Timestamp-root Timestamp-isBlackColor \" datetime=\"2021-12-04T11:49:55+00:00\"> 4 dic 2021 11:49 GMT <\/time><\/p>\n<\/div>\n<div readability=\"42.337278106509\">\n<p>El Gobierno de El Salvador compr\u00f3 este s\u00e1bado otros 150 bitcoines, aprovechando la <a href=\"https:\/\/actualidad.rt.com\/actualidad\/412599-se-derrumben-principales-criptomonedas-bitcoin\" target=\"_blank\" rel=\"noopener noreferrer\">ca\u00edda<\/a> de m\u00e1s del 18% de su valor, seg\u00fan <a href=\"https:\/\/twitter.com\/nayibbukele\/status\/1467000621354135555\" target=\"_blank\" rel=\"noopener noreferrer\">tuite\u00f3<\/a> el presidente del pa\u00eds, Nayib Bukele.<\/p>\n<p>\u00abEl Salvador acaba de comprar en baja. [Adquirimos] 150 monedas a un precio promedio [de] unos 48.670 d\u00f3lares\u00bb, escribi\u00f3 el mandatario.<\/p>\n<p>La semana anterior, la naci\u00f3n centroamericana <a href=\"https:\/\/actualidad.rt.com\/actualidad\/411819-salvador-aprovecha-caida-bitcoin-comprar\" target=\"_blank\" rel=\"noopener noreferrer\">realiz\u00f3<\/a> una operaci\u00f3n similar, en sinton\u00eda con la decisi\u00f3n de Bukele de <a href=\"https:\/\/actualidad.rt.com\/actualidad\/403038-bukele-marcha-atras-bitcoin-el-salvador\" target=\"_blank\" rel=\"noopener noreferrer\">convertir<\/a> la divisa virtual en moneda de curso legal junto con el d\u00f3lar.<\/p>\n<\/div>\n","protected":false},"excerpt":{"rendered":"<p>Publicado: 4 dic 2021 11:49 GMT El Gobierno de El Salvador compr\u00f3 este s\u00e1bado otros 150 bitcoines, aprovechando la ca\u00edda de m\u00e1s del 18% de su valor, seg\u00fan tuite\u00f3 el presidente del pa\u00eds, Nayib Bukele. \u00abEl Salvador acaba de comprar en baja. [Adquirimos] 150 monedas a un precio promedio [de] unos 48.670 d\u00f3lares\u00bb, escribi\u00f3 el [&hellip;]<\/p>\n","protected":false},"author":1,"featured_media":27045,"comment_status":"closed","ping_status":"closed","sticky":false,"template":"","format":"standard","meta":[],"categories":[22],"tags":[],"_links":{"self":[{"href":"http:\/\/cordobainforma.info\/index.php\/wp-json\/wp\/v2\/posts\/27044"}],"collection":[{"href":"http:\/\/cordobainforma.info\/index.php\/wp-json\/wp\/v2\/posts"}],"about":[{"href":"http:\/\/cordobainforma.info\/index.php\/wp-json\/wp\/v2\/types\/post"}],"author":[{"embeddable":true,"href":"http:\/\/cordobainforma.info\/index.php\/wp-json\/wp\/v2\/users\/1"}],"replies":[{"embeddable":true,"href":"http:\/\/cordobainforma.info\/index.php\/wp-json\/wp\/v2\/comments?post=27044"}],"version-history":[{"count":0,"href":"http:\/\/cordobainforma.info\/index.php\/wp-json\/wp\/v2\/posts\/27044\/revisions"}],"wp:featuredmedia":[{"embeddable":true,"href":"http:\/\/cordobainforma.info\/index.php\/wp-json\/wp\/v2\/media\/27045"}],"wp:attachment":[{"href":"http:\/\/cordobainforma.info\/index.php\/wp-json\/wp\/v2\/media?parent=27044"}],"wp:term":[{"taxonomy":"category","embeddable":true,"href":"http:\/\/cordobainforma.info\/index.php\/wp-json\/wp\/v2\/categories?post=27044"},{"taxonomy":"post_tag","embeddable":true,"href":"http:\/\/cordobainforma.info\/index.php\/wp-json\/wp\/v2\/tags?post=27044"}],"curies":[{"name":"wp","href":"https:\/\/api.w.org\/{rel}","templated":true}]}}