{"id":26979,"date":"2021-12-03T18:42:00","date_gmt":"2021-12-03T18:42:00","guid":{"rendered":"https:\/\/somoscordobeses.com\/2021\/12\/03\/todo-el-arco-politico-destaco-el-trabajo-de-medicos-y-medicas-durante-la-pandemia\/"},"modified":"2021-12-03T18:42:00","modified_gmt":"2021-12-03T18:42:00","slug":"todo-el-arco-politico-destaco-el-trabajo-de-medicos-y-medicas-durante-la-pandemia","status":"publish","type":"post","link":"http:\/\/cordobainforma.info\/index.php\/2021\/12\/03\/todo-el-arco-politico-destaco-el-trabajo-de-medicos-y-medicas-durante-la-pandemia\/","title":{"rendered":"Todo el arco pol\u00edtico destac\u00f3 el trabajo de m\u00e9dicos y m\u00e9dicas durante la pandemia"},"content":{"rendered":"<div>\n<figure><figcaption> El D\u00eda Nacional del M\u00e9dico y la M\u00e9dica, fue elegido por la Confederaci\u00f3n M\u00e9dica Panamericana. <\/figcaption><\/figure>\n<p>Funcionarios y dirigentes de todo el arco pol\u00edtico saludaron este viernes en las redes sociales a los m\u00e9dicos y m\u00e9dicas en su d\u00eda y resaltaron su labor durante la pandemia de coronavirus, a la que calificaron de \u201cindispensable para salvar vidas\u201d.<\/p>\n<p>\u201cA los m\u00e9dicos y medicas de todo el pa\u00eds, quiero felicitarlos por la noble tarea de proteger diariamente la salud de nuestro pueblo. Su trabajo durante la pandemia de Covid-19 fue indispensable para salvar vidas y concientizar a la poblaci\u00f3n. De coraz\u00f3n \u00a1Feliz D\u00eda!\u201d, public\u00f3 en su cuenta de Twitter, el jefe de Gabinete, Juan Manzur.<\/p>\n<blockquote>\n<div dir=\"ltr\" lang=\"es\">\n<p>En el D\u00eda de las m\u00e9dicas y los m\u00e9dicos, nuestro reconocimiento a todas y todos los integrantes del sistema de salud.<\/p>\n<p>Antes, durante y despu\u00e9s de la pandemia, contin\u00faan cuidando a todas y todos en cada rinc\u00f3n del pa\u00eds.<\/p>\n<p>\u00a1Feliz d\u00eda! pic.twitter.com\/RCNNRdqkyP<\/p>\n<\/div>\n<p>\u2014 Ministerio de Salud de la Naci\u00f3n (@msalnacion) December 3, 2021<\/p>\n<\/blockquote>\n<p>En tanto, la ministra de Salud, Carla Vizzotti, indic\u00f3: \u201cPorque nos cuidan todos los d\u00edas en cada rinc\u00f3n del pa\u00eds, por su dedicaci\u00f3n y calidad profesional\u201d.<\/p>\n<p>\u201cEn el d\u00eda del m\u00e9dico y la m\u00e9dica, nuestro reconocimiento a todos los y las integrantes del sistema de salud. Son un orgullo para la Argentina\u201d, remarc\u00f3.<\/p>\n<p>Elisa Carri\u00f3, la principal referente de la Coalici\u00f3n C\u00edvica (CC), escribi\u00f3: \u201c\u00a1Feliz d\u00eda del M\u00e9dico! un beso enorme a todos\u201d.<\/p>\n<p>Asimismo, el gobernador mendocino Rodolfo Suarez (UCR) sostuvo: \u201c\u00a1Feliz d\u00eda a todos los m\u00e9dicos de la provincia! Nuestro infinito agradecimiento en nombre del pueblo mendocino\u201d.<\/p>\n<blockquote>\n<p dir=\"ltr\" lang=\"es\">En su d\u00eda, quiero brindar un inmenso agradecimiento a los m\u00e9dicos y m\u00e9dicas por la dedicaci\u00f3n de siempre, pero fundamentalmente por su profesionalismo, responsabilidad y sacrificio ante esta pandemia, siempre en la primera l\u00ednea cuidando del pr\u00f3jimo con gran entrega. \u00a1Feliz d\u00eda! pic.twitter.com\/27Q2ajU2XD<\/p>\n<p>\u2014 Omar Gutierrez (@OmarGutierrezOk) December 3, 2021<\/p>\n<\/blockquote>\n<p>Tambi\u00e9n el gobernador neuquino Omar Guti\u00e9rrez (MPN) se\u00f1al\u00f3: \u201cEn su d\u00eda, quiero brindar un inmenso agradecimiento a los m\u00e9dicos y m\u00e9dicas por la dedicaci\u00f3n de siempre, pero fundamentalmente por su profesionalismo, responsabilidad y sacrificio ante esta pandemia, siempre en la primera l\u00ednea cuidando del pr\u00f3jimo con gran entrega. \u00a1Feliz d\u00eda!\u201d.<\/p>\n<p>En tanto, la mandataria rionegrina Arabela Carreras (Juntos Somos R\u00edo Negro) afirm\u00f3: \u201cFeliz d\u00eda a todos y todas las m\u00e9dicas de la Provincia. Agradezco la enorme vocaci\u00f3n por cuidar a cada persona, m\u00e1s en tiempos de pandemia\u201d.<\/p>\n<p>A su turno, el gobernador de Santiago del Estero, Gerardo Zamora, escribi\u00f3: \u201cUn afectuoso saludo en este d\u00eda, a todos los m\u00e9dicos y medicas por la fundamental tarea que realizan todos los d\u00edas, en especial a los profesionales de nuestra provincia, que en estos tiempos de pandemia, en los que han tenido que redoblar esfuerzos\u201d.<\/p>\n<blockquote>\n<p dir=\"ltr\" lang=\"es\">Feliz d\u00eda a todos y todas las m\u00e9dicas de la Provincia. Agradezco la enorme vocaci\u00f3n por cuidar a cada persona, m\u00e1s en tiempos de pandemia. pic.twitter.com\/u4ZIqccRL1<\/p>\n<p>\u2014 Arabela Carreras (@ArabelaCarreras) December 3, 2021<\/p>\n<\/blockquote>\n<p>El D\u00eda Nacional del M\u00e9dico, una fecha que fue elegida por la Confederaci\u00f3n M\u00e9dica Panamericana, <strong>se conmemora en honor al doctor Carlos Finlay, quien naci\u00f3 en Cuba el 3 de diciembre de 1833, dedic\u00f3 su carrera a buscar la causa de la fiebre amarilla<\/strong> y en 1881 pudo establecer que la enfermedad era transmitida por el mosquito Aedes aegypti. <\/p>\n<\/div>\n<nav class=\"navigation post-navigation\" role=\"navigation\" aria-label=\"Continue Reading\">\n<h2 class=\"screen-reader-text\">Continue Reading<\/h2>\n<\/nav>\n","protected":false},"excerpt":{"rendered":"<p>El D\u00eda Nacional del M\u00e9dico y la M\u00e9dica, fue elegido por la Confederaci\u00f3n M\u00e9dica Panamericana. Funcionarios y dirigentes de todo el arco pol\u00edtico saludaron este viernes en las redes sociales a los m\u00e9dicos y m\u00e9dicas en su d\u00eda y resaltaron su labor durante la pandemia de coronavirus, a la que calificaron de \u201cindispensable para salvar [&hellip;]<\/p>\n","protected":false},"author":1,"featured_media":26980,"comment_status":"closed","ping_status":"closed","sticky":false,"template":"","format":"standard","meta":[],"categories":[2],"tags":[],"_links":{"self":[{"href":"http:\/\/cordobainforma.info\/index.php\/wp-json\/wp\/v2\/posts\/26979"}],"collection":[{"href":"http:\/\/cordobainforma.info\/index.php\/wp-json\/wp\/v2\/posts"}],"about":[{"href":"http:\/\/cordobainforma.info\/index.php\/wp-json\/wp\/v2\/types\/post"}],"author":[{"embeddable":true,"href":"http:\/\/cordobainforma.info\/index.php\/wp-json\/wp\/v2\/users\/1"}],"replies":[{"embeddable":true,"href":"http:\/\/cordobainforma.info\/index.php\/wp-json\/wp\/v2\/comments?post=26979"}],"version-history":[{"count":0,"href":"http:\/\/cordobainforma.info\/index.php\/wp-json\/wp\/v2\/posts\/26979\/revisions"}],"wp:featuredmedia":[{"embeddable":true,"href":"http:\/\/cordobainforma.info\/index.php\/wp-json\/wp\/v2\/media\/26980"}],"wp:attachment":[{"href":"http:\/\/cordobainforma.info\/index.php\/wp-json\/wp\/v2\/media?parent=26979"}],"wp:term":[{"taxonomy":"category","embeddable":true,"href":"http:\/\/cordobainforma.info\/index.php\/wp-json\/wp\/v2\/categories?post=26979"},{"taxonomy":"post_tag","embeddable":true,"href":"http:\/\/cordobainforma.info\/index.php\/wp-json\/wp\/v2\/tags?post=26979"}],"curies":[{"name":"wp","href":"https:\/\/api.w.org\/{rel}","templated":true}]}}