{"id":26962,"date":"2021-12-03T12:09:17","date_gmt":"2021-12-03T12:09:17","guid":{"rendered":"http:\/\/cordobainforma.info\/index.php\/2021\/12\/03\/el-papa-francisco-acepta-la-dimision-del-arzobispo-de-paris-por-su-comportamiento-ambiguo-con-una-mujer\/"},"modified":"2021-12-03T12:09:17","modified_gmt":"2021-12-03T12:09:17","slug":"el-papa-francisco-acepta-la-dimision-del-arzobispo-de-paris-por-su-comportamiento-ambiguo-con-una-mujer","status":"publish","type":"post","link":"http:\/\/cordobainforma.info\/index.php\/2021\/12\/03\/el-papa-francisco-acepta-la-dimision-del-arzobispo-de-paris-por-su-comportamiento-ambiguo-con-una-mujer\/","title":{"rendered":"El papa Francisco acepta la dimisi\u00f3n del arzobispo de Par\u00eds por su comportamiento \u00abambiguo\u00bb con una mujer"},"content":{"rendered":"<div><img src=\"http:\/\/cordobainforma.info\/wp-content\/uploads\/2021\/12\/el-papa-francisco-acepta-la-dimision-del-arzobispo-de-paris-por-su-comportamiento-ambiguo-con-una-mujer.jpg\" class=\"ff-og-image-inserted\"><\/div>\n<div readability=\"32\">\n<p><span>Publicado:<\/span><time class=\"Timestamp-root Timestamp-isBlackColor \" datetime=\"2021-12-03T12:09:17+00:00\"> 3 dic 2021 12:09 GMT <\/time><\/p>\n<\/div>\n<div readability=\"47.855474452555\">\n<p>El papa Francisco <a href=\"https:\/\/www.vaticannews.va\/es\/papa\/news\/2021-12\/dimision-arzobispo-paris-papa-francisco-abusos.html\" target=\"_blank\" rel=\"noopener noreferrer\">acept\u00f3<\/a> este jueves la <a href=\"https:\/\/actualidad.rt.com\/actualidad\/411778-arzobispo-paris-presenta-dimision-comportamiento-ambiguo\" target=\"_blank\" rel=\"noopener noreferrer\">dimisi\u00f3n<\/a> del arzobispo de Par\u00eds, monse\u00f1or Michel Aupetit, presentada el pasado 25 de noviembre por tener un comportamiento que \u00e9l mismo calific\u00f3 de \u00abambiguo\u00bb con una mujer, que se remonta a 2012.<\/p>\n<p>Conocida la decisi\u00f3n, Aupetit emiti\u00f3 un mensaje de despedida en el que reiter\u00f3 que hab\u00eda puesto su mandado en manos del pont\u00edfice \u00abpara preservar a la di\u00f3cesis de la divisi\u00f3n que siempre provocan la sospecha y la p\u00e9rdida de confianza\u00bb.<\/p>\n<p>El monse\u00f1or Georges Pontier, arzobispo em\u00e9rito de la ciudad de Marsella, ha sido nombrado por Francisco para reemplazar al prelado, quien estuvo al frente de la Arquidi\u00f3cesis de Par\u00eds cuatro a\u00f1os.<\/p>\n<\/div>\n","protected":false},"excerpt":{"rendered":"<p>Publicado: 3 dic 2021 12:09 GMT El papa Francisco acept\u00f3 este jueves la dimisi\u00f3n del arzobispo de Par\u00eds, monse\u00f1or Michel Aupetit, presentada el pasado 25 de noviembre por tener un comportamiento que \u00e9l mismo calific\u00f3 de \u00abambiguo\u00bb con una mujer, que se remonta a 2012. Conocida la decisi\u00f3n, Aupetit emiti\u00f3 un mensaje de despedida en [&hellip;]<\/p>\n","protected":false},"author":1,"featured_media":26963,"comment_status":"closed","ping_status":"closed","sticky":false,"template":"","format":"standard","meta":[],"categories":[22],"tags":[],"_links":{"self":[{"href":"http:\/\/cordobainforma.info\/index.php\/wp-json\/wp\/v2\/posts\/26962"}],"collection":[{"href":"http:\/\/cordobainforma.info\/index.php\/wp-json\/wp\/v2\/posts"}],"about":[{"href":"http:\/\/cordobainforma.info\/index.php\/wp-json\/wp\/v2\/types\/post"}],"author":[{"embeddable":true,"href":"http:\/\/cordobainforma.info\/index.php\/wp-json\/wp\/v2\/users\/1"}],"replies":[{"embeddable":true,"href":"http:\/\/cordobainforma.info\/index.php\/wp-json\/wp\/v2\/comments?post=26962"}],"version-history":[{"count":0,"href":"http:\/\/cordobainforma.info\/index.php\/wp-json\/wp\/v2\/posts\/26962\/revisions"}],"wp:featuredmedia":[{"embeddable":true,"href":"http:\/\/cordobainforma.info\/index.php\/wp-json\/wp\/v2\/media\/26963"}],"wp:attachment":[{"href":"http:\/\/cordobainforma.info\/index.php\/wp-json\/wp\/v2\/media?parent=26962"}],"wp:term":[{"taxonomy":"category","embeddable":true,"href":"http:\/\/cordobainforma.info\/index.php\/wp-json\/wp\/v2\/categories?post=26962"},{"taxonomy":"post_tag","embeddable":true,"href":"http:\/\/cordobainforma.info\/index.php\/wp-json\/wp\/v2\/tags?post=26962"}],"curies":[{"name":"wp","href":"https:\/\/api.w.org\/{rel}","templated":true}]}}