{"id":26900,"date":"2021-12-03T01:41:38","date_gmt":"2021-12-03T01:41:38","guid":{"rendered":"https:\/\/ahora.com.ar\/\/la-mama-nazareno-sasia-dijo-que-estan-muy-emocionados-lo-que-esta-logrando-n4252164"},"modified":"2021-12-03T01:41:38","modified_gmt":"2021-12-03T01:41:38","slug":"la-mama-de-nazareno-sasia-dijo-que-estan-muy-emocionados-por-lo-que-esta-logrando","status":"publish","type":"post","link":"http:\/\/cordobainforma.info\/index.php\/2021\/12\/03\/la-mama-de-nazareno-sasia-dijo-que-estan-muy-emocionados-por-lo-que-esta-logrando\/","title":{"rendered":"La mam\u00e1 de Nazareno Sasia dijo que est\u00e1n \u00abmuy emocionados por lo que est\u00e1 logrando\u00bb"},"content":{"rendered":"<div><img src=\"http:\/\/cordobainforma.info\/wp-content\/uploads\/2021\/12\/la-mama-de-nazareno-sasia-dijo-que-estan-muy-emocionados-por-lo-que-esta-logrando.jpg\" class=\"ff-og-image-inserted\"><\/div>\n<div id=\"article-post\">\n<header class=\"article-info-wrapper\" readability=\"29.634868421053\">\n<p><span class=\"fecha-detallenota\">02 de diciembre de 2021 &#8211; 22:12<\/span><\/p>\n<p class=\"interiorCopete\"> El atleta gan\u00f3 recientemente la medalla de Oro en los Juegos Panamericanos Junior, en Colombia, batiendo su propia marca. AHORA dialog\u00f3 con su mam\u00e1<\/p>\n<\/header>\n<\/div>\n<div id=\"article-post\">\n<div class=\"cuerpo\" data-twitter-link=\"https:\/\/twitter.com\/intent\/tweet?url=https:\/\/ahora.com.ar\/c4252164&amp;via=PlataformaAhora&amp;related=Ahora&amp;text=\" readability=\"11.947183098592\">\n<p>Soledad Sasia, la madre del destacado atleta entrerriano <a href=\"http:\/\/ahora.com.ar\/nazareno-sasia-a11812\" class=\"agrupador\" rel=\"11812\">Nazareno Sasia<\/a>, dialog\u00f3 con <strong>AHORA<\/strong>sobre el presente deportivo del joven promesa del <a href=\"http:\/\/ahora.com.ar\/atletismo-a9744\" class=\"agrupador\" rel=\"9744\">atletismo<\/a> argentino. El atleta gan\u00f3 recientemente la medalla de Oro en los Juegos Panamericanos Junior, en Colombia, batiendo su propia marca.<\/p>\n<\/div>\n<\/div>\n<div id=\"article-post\">\n<div class=\"cuerpo\" data-twitter-link=\"https:\/\/twitter.com\/intent\/tweet?url=https:\/\/ahora.com.ar\/c4252164&amp;via=PlataformaAhora&amp;related=Ahora&amp;text=\" readability=\"16\">\n<p>\u00ab<strong>Muy emocionados por lo que est\u00e1 logrando<\/strong>, desde chiquito ha comenzado con el atletismo y lo apoyamos\u00bb, expres\u00f3 la madre del joven oriundo de Cerrito.<\/p>\n<p>\u00ab\u00c9l es muy sencillo, muy humilde, lo que le importa es participar y llegar hasta donde llegue\u00bb, destac\u00f3.<\/p>\n<div contenteditable=\"false\" class=\"embed_cont type_freetext\" rel=\"freetext\" id=\"embed69_wrap\">\n<p> Embed <span onclick=\"parent.parent.TinyMCETdcuerpo.preview_embed('embed69')\" class=\"embed_colapse less\" id=\"embed69_colapse\"><\/span> <span onclick=\"parent.parent.TinyMCETdcuerpo.delete_embed('embed69')\" class=\"embed_delete less\" id=\"embed69_delete\"><\/span><\/p>\n<div id=\"embed69_content\" class=\"embed_content\">\n<p><iframe width=\"1584\" height=\"620\" src=\"https:\/\/www.youtube.com\/embed\/uQig2Y8owT0\" title=\"YouTube video player\" frameborder=\"0\" allow=\"accelerometer; autoplay; clipboard-write; encrypted-media; gyroscope; picture-in-picture\" allowfullscreen>[embedded content]<\/iframe><\/p>\n<\/div><\/div><\/div>\n<\/div>\n","protected":false},"excerpt":{"rendered":"<p>02 de diciembre de 2021 &#8211; 22:12 El atleta gan\u00f3 recientemente la medalla de Oro en los Juegos Panamericanos Junior, en Colombia, batiendo su propia marca. AHORA dialog\u00f3 con su mam\u00e1 Soledad Sasia, la madre del destacado atleta entrerriano Nazareno Sasia, dialog\u00f3 con AHORAsobre el presente deportivo del joven promesa del atletismo argentino. El atleta [&hellip;]<\/p>\n","protected":false},"author":1,"featured_media":26901,"comment_status":"closed","ping_status":"closed","sticky":false,"template":"","format":"standard","meta":[],"categories":[20],"tags":[],"_links":{"self":[{"href":"http:\/\/cordobainforma.info\/index.php\/wp-json\/wp\/v2\/posts\/26900"}],"collection":[{"href":"http:\/\/cordobainforma.info\/index.php\/wp-json\/wp\/v2\/posts"}],"about":[{"href":"http:\/\/cordobainforma.info\/index.php\/wp-json\/wp\/v2\/types\/post"}],"author":[{"embeddable":true,"href":"http:\/\/cordobainforma.info\/index.php\/wp-json\/wp\/v2\/users\/1"}],"replies":[{"embeddable":true,"href":"http:\/\/cordobainforma.info\/index.php\/wp-json\/wp\/v2\/comments?post=26900"}],"version-history":[{"count":0,"href":"http:\/\/cordobainforma.info\/index.php\/wp-json\/wp\/v2\/posts\/26900\/revisions"}],"wp:featuredmedia":[{"embeddable":true,"href":"http:\/\/cordobainforma.info\/index.php\/wp-json\/wp\/v2\/media\/26901"}],"wp:attachment":[{"href":"http:\/\/cordobainforma.info\/index.php\/wp-json\/wp\/v2\/media?parent=26900"}],"wp:term":[{"taxonomy":"category","embeddable":true,"href":"http:\/\/cordobainforma.info\/index.php\/wp-json\/wp\/v2\/categories?post=26900"},{"taxonomy":"post_tag","embeddable":true,"href":"http:\/\/cordobainforma.info\/index.php\/wp-json\/wp\/v2\/tags?post=26900"}],"curies":[{"name":"wp","href":"https:\/\/api.w.org\/{rel}","templated":true}]}}