{"id":26898,"date":"2021-12-03T01:40:00","date_gmt":"2021-12-03T01:40:00","guid":{"rendered":"https:\/\/somoscordobeses.com\/2021\/12\/02\/angel-di-maria-hacer-ese-gol-me-cambio-la-vida\/"},"modified":"2021-12-03T01:40:00","modified_gmt":"2021-12-03T01:40:00","slug":"angel-di-maria-hacer-ese-gol-me-cambio-la-vida","status":"publish","type":"post","link":"http:\/\/cordobainforma.info\/index.php\/2021\/12\/03\/angel-di-maria-hacer-ese-gol-me-cambio-la-vida\/","title":{"rendered":"\u00c1ngel Di Mar\u00eda: \u201cHacer ese gol me cambi\u00f3 la vida\u201d"},"content":{"rendered":"<div id=\"news-body\">\n<p>\u00c1ngel Di Mar\u00eda, en una entrevista con <em>TNT Sports<\/em>, hizo un breve repaso de los momentos que vivi\u00f3 con la Selecci\u00f3n Argentina, despu\u00e9s de anotar el gol del t\u00edtulo de la Copa Am\u00e9rica, lo importante que fue su familia, la admiraci\u00f3n por Lionel Messi y no le cierra la puerta al posible retorno a <strong>Rosario Central<\/strong>.<\/p>\n<h2>El gol ante Brasil para ganar la copa<\/h2>\n<p>\u201c<strong>Hacer ese gol me cambi\u00f3 la vida<\/strong>. Es otra. Tanto sufrimiento que pas\u00e9, que pas\u00f3 mi familia, mi mujer, mis hijas, de verme llorar y sufrir. Ahora es un cambio brutal. <strong>Llegar a Argentina y a Rosario y ver tanta gente que&nbsp;te dice \u2018gracias\u2019 por solo hacer un gol<\/strong>, por haber dado una alegr\u00eda despu\u00e9s de tanto sufrimiento, por todo lo del covid por mucha gente que se les fue familiar.<strong> Es inolvidabl<\/strong>e. Veo fotos y videos, cosas que pasamos con los chicos,<strong> sigo pensando que es un sue\u00f1o que se hizo realidad<\/strong>\u201c.<\/p>\n<h2>Sobre las lesiones que siempre estuvieron en su carrera<\/h2>\n<p>\u201cTodas las cosas que me pasaron en momentos claves y escuchar cr\u00edticas. <strong>Por un lado estaba esa raz\u00f3n pero son cosas del f\u00fatbol<\/strong>. Habl\u00e9 con un psic\u00f3logo, me ten\u00edan que pasar. porque me ten\u00edan que pasar, ten\u00eda que ser de esa manera y <strong>que no ten\u00eda que bajar los brazos y se me termin\u00f3 dando<\/strong>. Haber hablando en la televisi\u00f3n y demostrar que quer\u00eda seguir estando. Me volvi\u00f3 a abrir las puertas de estar otra vez. <strong>Despu\u00e9s se dio como se ten\u00eda que dar, estaba escrito<\/strong>\u201c.<\/p>\n<blockquote>\n<p dir=\"ltr\" lang=\"es\">Yo no estoy llorando, vos est\u00e1s llorando \ud83d\ude2d\ud83c\udde6\ud83c\uddf7 pic.twitter.com\/xGZ37N64kb<\/p>\n<p>\u2014 TNT Sports Argentina (@TNTSportsAR) December 3, 2021<\/p>\n<\/blockquote>\n<h2>El momento que vive la <em>Scaloneta<\/em><\/h2>\n<p>\u201c<strong>No ped\u00ed volver<\/strong>. Estaba intentando decir que estaba vigente. <strong>No quer\u00eda demostrar ning\u00fan peso por haber estado antes<\/strong>. Tambi\u00e9n desmentir los rumores que me hab\u00eda peleado. <strong>Le dije a Lionel&nbsp;Scaloni que quer\u00eda estar, sea como sea<\/strong>. En la Copa Am\u00e9rica, fui suplente y siempre intentaba hacer lo mejor. <strong>Me termine ganando el puesto para la final<\/strong>\u201c.<\/p>\n<h2>Sobre el reconocimiento de los hinchas<\/h2>\n<p>\u201cCada vez que escuchaba el <em>\u2018Fideo, Fideo<\/em>\u2018 era algo inolvidable, algo \u00fanico. <strong>Espere&nbsp; mucho es momento de ganar algo con la Selecci\u00f3n Argentina.<\/strong> Lo deseaba con mi vida. <strong>La \u00faltima vez en el Monumental me hab\u00eda lesionado y sal\u00ed llorando. Esta vez llor\u00e9 de emoci\u00f3n<\/strong>, de ver lo que conseguimos. <strong>Una de las cosas fundamentales fue ganar la copa<\/strong>. Nos dio tranquilidad, de sacar esa \u2018mochila\u2019 que todo el mundo hablaba, de tener una mentalidad positiva. <strong>Cada vez que nos toca estar, es ir como sea\u201d<\/strong>.<\/p>\n<blockquote>\n<p dir=\"ltr\" lang=\"es\">JAJAJA, \u00bfC\u00f3mo va a ganar siete Balones de Oro este pibe? \ud83e\udd2a\ud83c\udde6\ud83c\uddf7 pic.twitter.com\/NLZp35MOSN<\/p>\n<p>\u2014 TNT Sports Argentina (@TNTSportsAR) December 3, 2021<\/p>\n<\/blockquote>\n<h2>La admiraci\u00f3n que le tiene a&nbsp;Lionel Messi<\/h2>\n<p>\u201c<strong>Este pibe est\u00e1 loco, est\u00e1 demente. 7 balones de oro es una locura<\/strong>. Es diferente al resto, no es que solo hace goles, hace cosas que no podes creer. <strong>Tuve la chance de ir al Barcelona, porque quer\u00eda jugar con \u00e9l. Cuando sali\u00f3 que pod\u00eda venir ac\u00e1, fue lo mejor que me pas\u00f3<\/strong>.&nbsp;<em>Leo<\/em> con lo que dijo de <strong>Robert Lewandowski<\/strong>, <strong>es un se\u00f1or con todas las letras<\/strong>. Pedir un premio para que lo tenga en su casa, no lo hace cualquiera. Me parece fenomenal lo que hizo. No creo que piense en los dem\u00e1s, lo de \u00e9l es natural, creo que no se alimenta de otros para ser el mejor. <strong>\u00c9l es el mejor del mundo<\/strong>\u201c.<\/p>\n<h2>Sobre su actualidad en el PSG<\/h2>\n<p>\u201c<strong>El t\u00e9cnico elige su 11 y uno tiene que aceptarlo. Con las figuras que hay puede jugar cualquiera y no cambia el poder\u00edo que tiene el PSG<\/strong>. Se trabaja todo y despu\u00e9s es ir viendo la adaptaci\u00f3n de cada uno. No es f\u00e1cil. <strong>Hay partidos que ten\u00e9s la pelota pero el otro equipo se mete atr\u00e1s y te sale de contra<\/strong>. Hay que acoplarse a eso porque los equipos que trabajan de esa manera, despu\u00e9s hay partidos como con el Manchester City, que son partidos m\u00e1s parejos\u201d.<\/p>\n<blockquote>\n<p dir=\"ltr\" lang=\"es\">Me vuelvo loco \ud83d\ude4f\ud83c\udde6\ud83c\uddf7 pic.twitter.com\/rroqz4yBe5<\/p>\n<p>\u2014 TNT Sports Argentina (@TNTSportsAR) December 3, 2021<\/p>\n<\/blockquote>\n<h2>Sobre su posible regreso a Rosario Central<\/h2>\n<p>\u201cMe quedan estos 6 meses y tengo que arreglar por un a\u00f1o m\u00e1s. Estoy muy feliz y mi familia tambi\u00e9n. <strong>Me gustar\u00eda irme con la puerta grande y si me voy, me voy al f\u00fatbol argentino<\/strong>. <strong>Rosario Central est\u00e1 siempre presente<\/strong>. No quiero ir&nbsp;a retirarme, quiero ir en plenitud para darle lo mejor a Central. <strong>Siempre estuve ah\u00ed, pero por cosas de f\u00fatbol sigo ac\u00e1<\/strong> (Francia) tengo mis amigos y mi familia que me mandan mensajes diciendo \u2018<em>\u00bfcu\u00e1nto falta?<\/em>\u2018 y <strong>como est\u00e1 ahora Argentina, de hace pensar todo, esos miedos, pero el coraz\u00f3n tira<\/strong> mucho por eso siempre est\u00e1 dando vueltas de uno.<\/p>\n<blockquote>\n<p dir=\"ltr\" lang=\"es\">SALUDO DE ANGELITO. \u00c1ngel Di Mar\u00eda no quiso perder la oportunidad de saludar a Marco Ruben por convertirse en el m\u00e1ximo goleador de Central en la era profesional. Desde Par\u00eds, Fideo hizo un posteo en su red social Instagram para felicitar a MR9 por su logro personal pic.twitter.com\/EJO6QcPvlo<\/p>\n<p>\u2014 Guillermo Ferretti (@FerrettiGuille) November 29, 2021<\/p>\n<\/blockquote>\n<h2>Habl\u00f3 sobre Emiliano Vecchio y Marco Ruben<\/h2>\n<p>\u201cMe pone contento por el buen momento que tiene&nbsp;Emiliano en Central. <strong>Y por Marco me sac\u00f3 el sombrero<\/strong> porque haber superado ese r\u00e9cord de goles y haber compartido vestuario con \u00e9l, s\u00e9 que lo merece m\u00e1s que nadie\u201d.&nbsp;<\/p>\n<\/div>\n<nav class=\"navigation post-navigation\" role=\"navigation\" aria-label=\"Continue Reading\">\n<h2 class=\"screen-reader-text\">Continue Reading<\/h2>\n<\/nav>\n","protected":false},"excerpt":{"rendered":"<p>\u00c1ngel Di Mar\u00eda, en una entrevista con TNT Sports, hizo un breve repaso de los momentos que vivi\u00f3 con la Selecci\u00f3n Argentina, despu\u00e9s de anotar el gol del t\u00edtulo de la Copa Am\u00e9rica, lo importante que fue su familia, la admiraci\u00f3n por Lionel Messi y no le cierra la puerta al posible retorno a Rosario [&hellip;]<\/p>\n","protected":false},"author":1,"featured_media":26899,"comment_status":"closed","ping_status":"closed","sticky":false,"template":"","format":"standard","meta":[],"categories":[20,2],"tags":[],"_links":{"self":[{"href":"http:\/\/cordobainforma.info\/index.php\/wp-json\/wp\/v2\/posts\/26898"}],"collection":[{"href":"http:\/\/cordobainforma.info\/index.php\/wp-json\/wp\/v2\/posts"}],"about":[{"href":"http:\/\/cordobainforma.info\/index.php\/wp-json\/wp\/v2\/types\/post"}],"author":[{"embeddable":true,"href":"http:\/\/cordobainforma.info\/index.php\/wp-json\/wp\/v2\/users\/1"}],"replies":[{"embeddable":true,"href":"http:\/\/cordobainforma.info\/index.php\/wp-json\/wp\/v2\/comments?post=26898"}],"version-history":[{"count":0,"href":"http:\/\/cordobainforma.info\/index.php\/wp-json\/wp\/v2\/posts\/26898\/revisions"}],"wp:featuredmedia":[{"embeddable":true,"href":"http:\/\/cordobainforma.info\/index.php\/wp-json\/wp\/v2\/media\/26899"}],"wp:attachment":[{"href":"http:\/\/cordobainforma.info\/index.php\/wp-json\/wp\/v2\/media?parent=26898"}],"wp:term":[{"taxonomy":"category","embeddable":true,"href":"http:\/\/cordobainforma.info\/index.php\/wp-json\/wp\/v2\/categories?post=26898"},{"taxonomy":"post_tag","embeddable":true,"href":"http:\/\/cordobainforma.info\/index.php\/wp-json\/wp\/v2\/tags?post=26898"}],"curies":[{"name":"wp","href":"https:\/\/api.w.org\/{rel}","templated":true}]}}