{"id":26896,"date":"2021-12-03T01:44:00","date_gmt":"2021-12-03T01:44:00","guid":{"rendered":"https:\/\/somoscordobeses.com\/2021\/12\/02\/solicitan-apoyo-del-ministerio-de-la-mujer-para-evitar-la-asuncion-de-un-diputado\/"},"modified":"2021-12-03T01:44:00","modified_gmt":"2021-12-03T01:44:00","slug":"solicitan-apoyo-del-ministerio-de-la-mujer-para-evitar-la-asuncion-de-un-diputado","status":"publish","type":"post","link":"http:\/\/cordobainforma.info\/index.php\/2021\/12\/03\/solicitan-apoyo-del-ministerio-de-la-mujer-para-evitar-la-asuncion-de-un-diputado\/","title":{"rendered":"Solicitan apoyo del Ministerio de la Mujer para evitar la asunci\u00f3n de un diputado"},"content":{"rendered":"<div>\n<figure><figcaption> Comunicado de organizaciones feministas: \u201cQuien ha cometido abuso sexual no puede formar parte de un \u00f3rgano que representa a nuestra provincia\u201d (Foto Twitter) <\/figcaption><\/figure>\n<p>Integrantes del movimiento feminista de Santiago del Estero solicitaron el acompa\u00f1amiento del Ministerio de las Mujeres, G\u00e9neros y Diversidad de la Naci\u00f3n (MMGyD) en sus reclamos para impedir la asunci\u00f3n como diputado provincial de H\u00e9ctor Eduardo Ruiz, condenado por delitos de abuso sexual contra mujeres.<\/p>\n<p>Ruiz, que result\u00f3 <strong>electo por la lista Frente Patri\u00f3tico Laborista en las elecciones<\/strong> del pasado 14 de noviembre, fue <strong>condenado por distintos delitos de abuso sexual mientras se desempe\u00f1aba como Intendente de La Banda<\/strong> y en la actualidad existe una causa judicial en curso.<\/p>\n<blockquote class>\n<p>\u201cQuien ha cometido abuso sexual no puede formar parte de un \u00f3rgano que representa a nuestra provincia\u201d<\/p>\n<\/blockquote>\n<p>El encuentro de las representantes feministas con funcionarias del MMGyD se realiz\u00f3 en la sede de la Universidad Nacional de Santiago del Estero, con la presencia de Romina Chiesa, directora nacional de Protecci\u00f3n de V\u00edctimas de Violencia por Razones de G\u00e9neros; Florencia Sotelo, directora nacional de Fortalecimiento del Acceso a la Justicia en Casos de Violencia por Razones de G\u00e9nero; Martha Linares, directora nacional de Asistencia Integral a las V\u00edctimas de Violencia por Razones de G\u00e9nero y Mariana Seghezzo, directora de Programas Especiales.<\/p>\n<p>\u201cQuien ha cometido abuso sexual no puede formar parte de un \u00f3rgano que representa a nuestra provincia, as\u00ed como tampoco ser parte de la toma de decisiones que marcan el rumbo de la pol\u00edtica y en definitiva el destino de nuestras vidas\u201d, expresaron las organizaciones en un comunicado.<\/p>\n<p><strong>Este viernes representantes de las organizaciones feministas santiague\u00f1as viajar\u00e1n a la Ciudad de Buenos Aires para reunirse con la ministra<\/strong> de las Mujeres, G\u00e9neros y Diversidad, Elizabeth G\u00f3mez Alcorta.<\/p>\n<ul>\n<li>\n<h3>Atenci\u00f3n, contenci\u00f3n y asesoramiento en situaciones de violencia de g\u00e9nero<\/h3>\n<\/li>\n<li>Por llamada gratuita las 24 hs L\u00ednea 144<\/li>\n<li>Por WhatsApp +5491127716463<\/li>\n<li>Por mail a <a href=\"https:\/\/somoscordobeses.com\/cdn-cgi\/l\/email-protection\" class=\"__cf_email__\" data-cfemail=\"4c202522292d7d78780c2125222b2922293e233f622b232e622d3e\">[email&nbsp;protected]<\/a><\/li>\n<li>Descargando la app<\/li>\n<\/ul>\n<\/div>\n<nav class=\"navigation post-navigation\" role=\"navigation\" aria-label=\"Continue Reading\">\n<h2 class=\"screen-reader-text\">Continue Reading<\/h2>\n<\/nav>\n","protected":false},"excerpt":{"rendered":"<p>Comunicado de organizaciones feministas: \u201cQuien ha cometido abuso sexual no puede formar parte de un \u00f3rgano que representa a nuestra provincia\u201d (Foto Twitter) Integrantes del movimiento feminista de Santiago del Estero solicitaron el acompa\u00f1amiento del Ministerio de las Mujeres, G\u00e9neros y Diversidad de la Naci\u00f3n (MMGyD) en sus reclamos para impedir la asunci\u00f3n como diputado [&hellip;]<\/p>\n","protected":false},"author":1,"featured_media":26897,"comment_status":"closed","ping_status":"closed","sticky":false,"template":"","format":"standard","meta":[],"categories":[2],"tags":[],"_links":{"self":[{"href":"http:\/\/cordobainforma.info\/index.php\/wp-json\/wp\/v2\/posts\/26896"}],"collection":[{"href":"http:\/\/cordobainforma.info\/index.php\/wp-json\/wp\/v2\/posts"}],"about":[{"href":"http:\/\/cordobainforma.info\/index.php\/wp-json\/wp\/v2\/types\/post"}],"author":[{"embeddable":true,"href":"http:\/\/cordobainforma.info\/index.php\/wp-json\/wp\/v2\/users\/1"}],"replies":[{"embeddable":true,"href":"http:\/\/cordobainforma.info\/index.php\/wp-json\/wp\/v2\/comments?post=26896"}],"version-history":[{"count":0,"href":"http:\/\/cordobainforma.info\/index.php\/wp-json\/wp\/v2\/posts\/26896\/revisions"}],"wp:featuredmedia":[{"embeddable":true,"href":"http:\/\/cordobainforma.info\/index.php\/wp-json\/wp\/v2\/media\/26897"}],"wp:attachment":[{"href":"http:\/\/cordobainforma.info\/index.php\/wp-json\/wp\/v2\/media?parent=26896"}],"wp:term":[{"taxonomy":"category","embeddable":true,"href":"http:\/\/cordobainforma.info\/index.php\/wp-json\/wp\/v2\/categories?post=26896"},{"taxonomy":"post_tag","embeddable":true,"href":"http:\/\/cordobainforma.info\/index.php\/wp-json\/wp\/v2\/tags?post=26896"}],"curies":[{"name":"wp","href":"https:\/\/api.w.org\/{rel}","templated":true}]}}