{"id":26823,"date":"2021-12-02T05:20:00","date_gmt":"2021-12-02T05:20:00","guid":{"rendered":"https:\/\/somoscordobeses.com\/2021\/12\/02\/luis-tagliapietra-nego-que-sea-una-causa-politica-la-mayoria-de-las-familias-son-votantes-de-macri\/"},"modified":"2021-12-02T05:20:00","modified_gmt":"2021-12-02T05:20:00","slug":"luis-tagliapietra-nego-que-sea-una-causa-politica-la-mayoria-de-las-familias-son-votantes-de-macri","status":"publish","type":"post","link":"http:\/\/cordobainforma.info\/index.php\/2021\/12\/02\/luis-tagliapietra-nego-que-sea-una-causa-politica-la-mayoria-de-las-familias-son-votantes-de-macri\/","title":{"rendered":"Luis Tagliapietra neg\u00f3 que sea una causa pol\u00edtica: \u201cLa mayor\u00eda de las familias son votantes de Macri\u201d"},"content":{"rendered":"<div>\n<p>Tras ser <strong>procesado&nbsp;por supuesto espionaje ilegal<\/strong>, el expresidente&nbsp;<strong>Mauricio Macri<\/strong>&nbsp;reiter\u00f3 que es&nbsp;v\u00edctima una \u201c<strong>persecuci\u00f3n pol\u00edtica<\/strong>\u201d por el&nbsp;juez federal de Dolores, <strong>Mart\u00edn Bava.<\/strong>&nbsp;Ante estas declaraciones, el abogado de&nbsp;familiares de los tripulantes fallecidos del submarino ARA San Juan,&nbsp;<strong>Luis Tagliapietra<\/strong>, descart\u00f3 que sea una&nbsp;causa pol\u00edtica porque&nbsp;\u201c<strong>la mayor\u00eda de las familias son votantes de Macri<\/strong>\u201c.<\/p>\n<p>Entrevistado en <em>TN<\/em>, cuando le consultaron si la causa por espionaje ilegal se trata de una causa pol\u00edtica, <em>Tagliapietra <\/em>respondi\u00f3: \u201cDe ninguna manera lo es, <strong>la mayor\u00eda de las v\u00edctimas son votantes de Macri y lo siguen siendo<\/strong>, jam\u00e1s levantamos una bandera pol\u00edtica. Para nosotros esto no es una cuesti\u00f3n pol\u00edtica, est\u00e1n nuestros hijos de por medio y lo \u00fanico que queremos es saber qu\u00e9 pas\u00f3 con ellos, a cuatro a\u00f1os de la desaparici\u00f3n todav\u00eda no sabemos por qu\u00e9 se hundi\u00f3\u201d.<\/p>\n<p>En ese sentido, el abogado defendi\u00f3 la decisi\u00f3n del juez Bava de procesar a Macri porque&nbsp;\u201cla prueba que hay en el expediente es contundente y abrumadora\u201d.&nbsp;\u201cNosotros ya pedimos, en su momento, la detenci\u00f3n de Mauricio Macri cuando claramente entr\u00f3 en rebeld\u00eda por no acatar el llamado a indagatoria.&nbsp;El juez entendi\u00f3 que no era necesario. Pero ahora es lo que corresponder\u00eda\u201d, dijo.<\/p>\n<p>\u201cEsperamos que vuelva al pa\u00eds y se ponga a disposici\u00f3n de la Justicia. As\u00ed demostrar su inocencia. Tanto el ex presidente como su entorno deben plantear lo que dicen ante la Justicia. <strong>Cuando le toc\u00f3 hacer su descargo ante el juez y el fiscal, decidi\u00f3 callar<\/strong> y present\u00f3 pruebas y testigos que lo complicaron a\u00fan m\u00e1s. <strong>Macri habl\u00f3 en los medios pero no ante el juez\u201d,<\/strong>&nbsp;agreg\u00f3 Tagliapietra.<\/p>\n<p>\u201cPersecuci\u00f3n pol\u00edtica\u201d, \u201cverg\u00fcenza\u201d y \u201cfarsa\u201d: repercusiones del procesamiento de Mauricio Macri<\/p>\n<p>Asimismo, asegur\u00f3: \u201c<strong>Sufrimos espionaje.&nbsp;<\/strong>En el expediente hay un tr\u00edpode probatorio: el material audiovisual muy grande y extenso que dan cuenta de las actividades de espionaje, los documentos dirigidos al entonces presidente Macri y, a la hora de sentarnos con \u00e9l el 4 de febrero de 2018, sab\u00eda y estaba preparado para nuestras demandas\u201d:<\/p>\n<p>Tambi\u00e9n apunt\u00f3 contra algunos dirigentes de Juntos por el Cambio: \u201cY encima nos espiaron ilegalmente, nos dividieron, atacaron en redes sociales, muchas perversidades. Queremos saber por qu\u00e9. Gente como <strong>Hern\u00e1n Lombardi o Patricia Bullrich<\/strong> hablan en redes sociales pero nunca hablaron con nosotros\u201d:<\/p>\n<div>\n<figure><figcaption>El abogado de&nbsp;familiares de los tripulantes fallecidos del submarino ARA San Juan,&nbsp;Luis Tagliapietra.<\/figcaption><\/figure>\n<\/div>\n<p>Sobre las pruebas de la causa, el abogado coment\u00f3: \u201cEl expediente reservado es m\u00e1s abultado.&nbsp;Esto empez\u00f3 en marzo de 2018 y termin\u00f3 en esto. Pido respeto a la Justicia. Esto no tiene nada que ver con lo pol\u00edtico. <strong>Me hubiera encantado que el presidente Macri hubiera ejercido su defensa y nos convenciera a nosotros, las familias, de su inocencia\u201d.<\/strong><\/p>\n<p>\u201cPidi\u00f3 el relevamiento del deber de secreto de Estado para negarse a declarar despu\u00e9s. <strong>Gan\u00f3 tiempo por cuestiones electorales.&nbsp;<\/strong>Realmente basado en la prueba, el <strong>fallo es impecable.&nbsp;<\/strong>Ellos hacen pol\u00edtica, nosotros no. Macri apelar\u00e1 e ir\u00e1n a Casaci\u00f3n. Nosotros queremos saber la verdad\u201d, concluy\u00f3.<\/p>\n<p><em>ED<\/em><\/p>\n<div>\n<p>Tambi\u00e9n te puede interesar<\/p>\n<\/div>\n<\/div>\n<nav class=\"navigation post-navigation\" role=\"navigation\" aria-label=\"Continue Reading\">\n<h2 class=\"screen-reader-text\">Continue Reading<\/h2>\n<\/nav>\n","protected":false},"excerpt":{"rendered":"<p>Tras ser procesado&nbsp;por supuesto espionaje ilegal, el expresidente&nbsp;Mauricio Macri&nbsp;reiter\u00f3 que es&nbsp;v\u00edctima una \u201cpersecuci\u00f3n pol\u00edtica\u201d por el&nbsp;juez federal de Dolores, Mart\u00edn Bava.&nbsp;Ante estas declaraciones, el abogado de&nbsp;familiares de los tripulantes fallecidos del submarino ARA San Juan,&nbsp;Luis Tagliapietra, descart\u00f3 que sea una&nbsp;causa pol\u00edtica porque&nbsp;\u201cla mayor\u00eda de las familias son votantes de Macri\u201c. Entrevistado en TN, cuando le [&hellip;]<\/p>\n","protected":false},"author":1,"featured_media":26824,"comment_status":"closed","ping_status":"closed","sticky":false,"template":"","format":"standard","meta":[],"categories":[2],"tags":[],"_links":{"self":[{"href":"http:\/\/cordobainforma.info\/index.php\/wp-json\/wp\/v2\/posts\/26823"}],"collection":[{"href":"http:\/\/cordobainforma.info\/index.php\/wp-json\/wp\/v2\/posts"}],"about":[{"href":"http:\/\/cordobainforma.info\/index.php\/wp-json\/wp\/v2\/types\/post"}],"author":[{"embeddable":true,"href":"http:\/\/cordobainforma.info\/index.php\/wp-json\/wp\/v2\/users\/1"}],"replies":[{"embeddable":true,"href":"http:\/\/cordobainforma.info\/index.php\/wp-json\/wp\/v2\/comments?post=26823"}],"version-history":[{"count":0,"href":"http:\/\/cordobainforma.info\/index.php\/wp-json\/wp\/v2\/posts\/26823\/revisions"}],"wp:featuredmedia":[{"embeddable":true,"href":"http:\/\/cordobainforma.info\/index.php\/wp-json\/wp\/v2\/media\/26824"}],"wp:attachment":[{"href":"http:\/\/cordobainforma.info\/index.php\/wp-json\/wp\/v2\/media?parent=26823"}],"wp:term":[{"taxonomy":"category","embeddable":true,"href":"http:\/\/cordobainforma.info\/index.php\/wp-json\/wp\/v2\/categories?post=26823"},{"taxonomy":"post_tag","embeddable":true,"href":"http:\/\/cordobainforma.info\/index.php\/wp-json\/wp\/v2\/tags?post=26823"}],"curies":[{"name":"wp","href":"https:\/\/api.w.org\/{rel}","templated":true}]}}