{"id":26819,"date":"2021-12-01T14:22:00","date_gmt":"2021-12-01T14:22:00","guid":{"rendered":"https:\/\/somoscordobeses.com\/2021\/12\/01\/declaran-calu-rivero-y-anita-co-en-el-juicio-contra-juan-darthes-por-abuso-sexual\/"},"modified":"2021-12-01T14:22:00","modified_gmt":"2021-12-01T14:22:00","slug":"declaran-calu-rivero-y-anita-co-en-el-juicio-contra-juan-darthes-por-abuso-sexual","status":"publish","type":"post","link":"http:\/\/cordobainforma.info\/index.php\/2021\/12\/01\/declaran-calu-rivero-y-anita-co-en-el-juicio-contra-juan-darthes-por-abuso-sexual\/","title":{"rendered":"Declaran Calu Rivero y Anita Co en el juicio contra Juan Darth\u00e9s por abuso sexual"},"content":{"rendered":"<div>\n<p>El juicio que se le sigue a Juan Darth\u00e9s en Brasil, acusado de abuso sexual por Thelma Fard\u00edn, continuar\u00e1 este mi\u00e9rcoles con los testimonios de las actrices Calu Rivero y Anita Co.<\/p>\n<p>Seg\u00fan informaron fuentes judiciales, y luego de escuchar el testimonio de Fard\u00edn el martes, Darth\u00e9s estar\u00e1 en el banquillo de los acusados para presenciar la declaraci\u00f3n de las actrices Calu \u201cDignity\u201d Rivero y Anita Co, quienes tambi\u00e9n lo hab\u00edan denunciado&nbsp;por <strong>acoso en el primer caso y por abuso sexual en el segundo<\/strong>.<\/p>\n<p>Calu Rivero declarar\u00e1 este mi\u00e9rcoles a las 14 desde el consulado argentino en Roma, porque se encuentra en Italia trabajando, en tanto que Anita Co brindar\u00e1 su testimonio media hora m\u00e1s tarde&nbsp;desde la sede de la Unidad Fiscal Especializada en Violencia contra las Mujeres (UFEM), ubicada en el Centro porte\u00f1o.<\/p>\n<p>En 2018, el actor le inici\u00f3 a Rivero una causa por <strong>\u201cda\u00f1os y perjuicios\u201d <\/strong>luego de que ella lo denunciara por acoso sexual. Rivero se hab\u00eda referido p\u00fablicamente por primera vez a&nbsp;su repentina salida de la novela Dulce Amor, en 2012, en la que ella era protagonista junto con Darth\u00e9s.<\/p>\n<div>\n<div> <picture><source media=\"(min-width: 720px)\"><\/picture><figcaption>\n<p>Anita Co. tambi\u00e9n denunci\u00f3 p\u00fablicamente al actor. <\/p>\n<\/figcaption><\/div>\n<\/div>\n<p>En el caso de Anita Co, Darth\u00e9s la denunci\u00f3 penalmente y querell\u00f3 por injurias, dado que&nbsp;ella hab\u00eda relatado en sus redes sociales un abuso que sufri\u00f3 de parte del actor cuando, en 1999, grababan la tira \u201cGasoleros\u201d. Sin embargo,<strong>&nbsp;la actriz fue sobrese\u00edda<\/strong>.&nbsp;<\/p>\n<p>El martes, durante la primera jornada del juicio por<strong> \u201cestupro agravado\u201d<\/strong>, que es el delito por el que est\u00e1 acusado Darth\u00e9s en Brasil, Fardin declar\u00f3 de manera virtual ante la Justicia local durante cuatro horas,&nbsp;por la denuncia de violaci\u00f3n que realiz\u00f3 contra el actor en 2018.<\/p>\n<p>\u201cEstoy muy cansada, muy contenta y orgullosa de que hayamos podido&nbsp;no solo yo, sino todas, llegar hasta ac\u00e1 y agradecida de haber sido escuchada en la justicia\u201d, dijo Fardin a la salida de la Unidad Fiscal Especializada en Violencia contra las Mujeres (UFEM).<\/p>\n<p>\u201cYa pas\u00f3. <strong>Todo lo que yo ten\u00eda en mis manos, todo lo que yo pod\u00eda hacer, lo hice<\/strong>. Hoy vine y me saqu\u00e9 esta mochila que se la dejo a la Justicia; quiero tener confianza en la Justicia\u201d, agreg\u00f3.<\/p>\n<p>El actor vive escondido en Brasil desde 2018 porque tiene esa nacionalidad. Pero la justicia de su pa\u00eds, si bien no acept\u00f3 extraditarlo, s\u00ed estuvo de acuerdo en realizar el juicio junto a Nicaragua y Argentina.<\/p>\n<div>\n<div> <picture><source media=\"(min-width: 720px)\"><\/picture><figcaption>\n<p>Thelma Fardin declar\u00f3 el martes. <\/p>\n<\/figcaption><\/div>\n<\/div>\n<p>Al igual que en diciembre de 2018, el colectivo Actrices Argentinas volvi\u00f3 a apoyar a Thelma Fardin en el inicio del juicio. Frente al edificio de la Unidad Fiscal Especializada en Violencia contra las Mujeres -donde se presentaron Thelma y una decena de testigos- el colectivo remarc\u00f3 que el proceso judicial \u201cconstituye un triunfo en s\u00ed mismo\u201d y pidi\u00f3 que se \u201ccondene\u201d al actor.<\/p>\n<p>Para conocer el veredicto habr\u00e1 que esperar hasta febrero de 2022. Si el actor es condenado por estupro, podr\u00eda recibir una pena de 12 a\u00f1os prisi\u00f3n.<\/p>\n<p><em>AFG<\/em><\/p>\n<div>\n<h2>TEMAS QUE APARECEN EN ESTA NOTA<\/h2>\n<\/div>\n<\/div>\n<nav class=\"navigation post-navigation\" role=\"navigation\" aria-label=\"Continue Reading\">\n<h2 class=\"screen-reader-text\">Continue Reading<\/h2>\n<\/nav>\n","protected":false},"excerpt":{"rendered":"<p>El juicio que se le sigue a Juan Darth\u00e9s en Brasil, acusado de abuso sexual por Thelma Fard\u00edn, continuar\u00e1 este mi\u00e9rcoles con los testimonios de las actrices Calu Rivero y Anita Co. Seg\u00fan informaron fuentes judiciales, y luego de escuchar el testimonio de Fard\u00edn el martes, Darth\u00e9s estar\u00e1 en el banquillo de los acusados para [&hellip;]<\/p>\n","protected":false},"author":1,"featured_media":26820,"comment_status":"closed","ping_status":"closed","sticky":false,"template":"","format":"standard","meta":[],"categories":[2],"tags":[],"_links":{"self":[{"href":"http:\/\/cordobainforma.info\/index.php\/wp-json\/wp\/v2\/posts\/26819"}],"collection":[{"href":"http:\/\/cordobainforma.info\/index.php\/wp-json\/wp\/v2\/posts"}],"about":[{"href":"http:\/\/cordobainforma.info\/index.php\/wp-json\/wp\/v2\/types\/post"}],"author":[{"embeddable":true,"href":"http:\/\/cordobainforma.info\/index.php\/wp-json\/wp\/v2\/users\/1"}],"replies":[{"embeddable":true,"href":"http:\/\/cordobainforma.info\/index.php\/wp-json\/wp\/v2\/comments?post=26819"}],"version-history":[{"count":0,"href":"http:\/\/cordobainforma.info\/index.php\/wp-json\/wp\/v2\/posts\/26819\/revisions"}],"wp:featuredmedia":[{"embeddable":true,"href":"http:\/\/cordobainforma.info\/index.php\/wp-json\/wp\/v2\/media\/26820"}],"wp:attachment":[{"href":"http:\/\/cordobainforma.info\/index.php\/wp-json\/wp\/v2\/media?parent=26819"}],"wp:term":[{"taxonomy":"category","embeddable":true,"href":"http:\/\/cordobainforma.info\/index.php\/wp-json\/wp\/v2\/categories?post=26819"},{"taxonomy":"post_tag","embeddable":true,"href":"http:\/\/cordobainforma.info\/index.php\/wp-json\/wp\/v2\/tags?post=26819"}],"curies":[{"name":"wp","href":"https:\/\/api.w.org\/{rel}","templated":true}]}}