{"id":26817,"date":"2021-12-01T14:41:00","date_gmt":"2021-12-01T14:41:00","guid":{"rendered":"https:\/\/somoscordobeses.com\/2021\/12\/01\/ricardo-gareca-se-refirio-a-las-chances-de-dirigir-a-boca-te-tiene-que-agarrar-en-el-momento-justo\/"},"modified":"2021-12-01T14:41:00","modified_gmt":"2021-12-01T14:41:00","slug":"ricardo-gareca-se-refirio-a-las-chances-de-dirigir-a-boca-te-tiene-que-agarrar-en-el-momento-justo","status":"publish","type":"post","link":"http:\/\/cordobainforma.info\/index.php\/2021\/12\/01\/ricardo-gareca-se-refirio-a-las-chances-de-dirigir-a-boca-te-tiene-que-agarrar-en-el-momento-justo\/","title":{"rendered":"Ricardo Gareca se refiri\u00f3 a las chances de dirigir a Boca: \u201cTe tiene que agarrar en el momento justo\u201d"},"content":{"rendered":"<div id=\"news-body\">\n<p><strong>Ricardo Gareca<\/strong> es una de las debilidades de <strong>Juan Rom\u00e1n Riquelme <\/strong>para dirigir en alg\u00fan momento a <strong>Boca <\/strong>y el actual director t\u00e9cnico de la selecci\u00f3n de Per\u00fa se refiri\u00f3 al tema en una entrevista con el programa<em> ESPN 360<\/em>.&nbsp;&nbsp;<\/p>\n<p><strong>\u201c\u00bfSab\u00e9s que sos el sue\u00f1o de Riquelme?\u201d<\/strong>, le cont\u00f3 el periodista <strong>Leo Gentili <\/strong>a <strong>Gareca<\/strong>, quien qued\u00f3 sorprendido ante la informaci\u00f3n. \u201cEl f\u00fatbol argentino siempre es <strong>una meta<\/strong> para m\u00ed. Hace a\u00f1os que estoy afuera y soy <strong>super fan\u00e1tico<\/strong> del f\u00fatbol argentino\u201d, se\u00f1al\u00f3 el <em>Tigre<\/em>, quien tuvo un glorioso paso por <strong>V\u00e9lez<\/strong>.&nbsp;<\/p>\n<h2>\u00bfGareca puede dirigir a Boca?<\/h2>\n<p><strong>Ricardo Gareca<\/strong> ya conoce lo que significa estar en el mundo <strong>Boca<\/strong>, ya que fue jugador en la d\u00e9cada del 80. Luego, pas\u00f3 a<strong> River<\/strong> junto con<strong> Oscar Ruggeri <\/strong>en uno de los peores momentos institucionales del <em>Xeneize<\/em>.&nbsp;<\/p>\n<p>\u201cNo s\u00e9 en qu\u00e9 momento se puede llegar a dar. Boca te tiene que agarrar <strong>en el momento justo<\/strong>, sin trabajo y que est\u00e9n buscando t\u00e9cnico. <strong>Eso es muy dif\u00edcil que se de\u201d<\/strong>, se sincer\u00f3 el <em>Flaco<\/em>.&nbsp;<\/p>\n<\/div>\n<nav class=\"navigation post-navigation\" role=\"navigation\" aria-label=\"Continue Reading\">\n<h2 class=\"screen-reader-text\">Continue Reading<\/h2>\n<\/nav>\n","protected":false},"excerpt":{"rendered":"<p>Ricardo Gareca es una de las debilidades de Juan Rom\u00e1n Riquelme para dirigir en alg\u00fan momento a Boca y el actual director t\u00e9cnico de la selecci\u00f3n de Per\u00fa se refiri\u00f3 al tema en una entrevista con el programa ESPN 360.&nbsp;&nbsp; \u201c\u00bfSab\u00e9s que sos el sue\u00f1o de Riquelme?\u201d, le cont\u00f3 el periodista Leo Gentili a Gareca, [&hellip;]<\/p>\n","protected":false},"author":1,"featured_media":26818,"comment_status":"closed","ping_status":"closed","sticky":false,"template":"","format":"standard","meta":[],"categories":[20,2],"tags":[],"_links":{"self":[{"href":"http:\/\/cordobainforma.info\/index.php\/wp-json\/wp\/v2\/posts\/26817"}],"collection":[{"href":"http:\/\/cordobainforma.info\/index.php\/wp-json\/wp\/v2\/posts"}],"about":[{"href":"http:\/\/cordobainforma.info\/index.php\/wp-json\/wp\/v2\/types\/post"}],"author":[{"embeddable":true,"href":"http:\/\/cordobainforma.info\/index.php\/wp-json\/wp\/v2\/users\/1"}],"replies":[{"embeddable":true,"href":"http:\/\/cordobainforma.info\/index.php\/wp-json\/wp\/v2\/comments?post=26817"}],"version-history":[{"count":0,"href":"http:\/\/cordobainforma.info\/index.php\/wp-json\/wp\/v2\/posts\/26817\/revisions"}],"wp:featuredmedia":[{"embeddable":true,"href":"http:\/\/cordobainforma.info\/index.php\/wp-json\/wp\/v2\/media\/26818"}],"wp:attachment":[{"href":"http:\/\/cordobainforma.info\/index.php\/wp-json\/wp\/v2\/media?parent=26817"}],"wp:term":[{"taxonomy":"category","embeddable":true,"href":"http:\/\/cordobainforma.info\/index.php\/wp-json\/wp\/v2\/categories?post=26817"},{"taxonomy":"post_tag","embeddable":true,"href":"http:\/\/cordobainforma.info\/index.php\/wp-json\/wp\/v2\/tags?post=26817"}],"curies":[{"name":"wp","href":"https:\/\/api.w.org\/{rel}","templated":true}]}}