{"id":26794,"date":"2021-12-01T09:26:39","date_gmt":"2021-12-01T09:26:39","guid":{"rendered":"https:\/\/www.mujerhoy.com\/moda\/no-te-pierdas\/carmen-lomana-vestido-verde-truco-estiliza-sienta-bien-look-rejuvenecedor-20211201084419-nt.html"},"modified":"2021-12-01T09:26:39","modified_gmt":"2021-12-01T09:26:39","slug":"carmen-lomana-triunfa-en-los-premios-mujerhoy-2021-con-un-vestido-con-truco-rejuvenecedor-que-sienta-de-maravilla-y-tiene-sorpresa-en-la-espalda","status":"publish","type":"post","link":"http:\/\/cordobainforma.info\/index.php\/2021\/12\/01\/carmen-lomana-triunfa-en-los-premios-mujerhoy-2021-con-un-vestido-con-truco-rejuvenecedor-que-sienta-de-maravilla-y-tiene-sorpresa-en-la-espalda\/","title":{"rendered":"Carmen Lomana triunfa en los Premios Mujerhoy 2021 con un vestido con truco rejuvenecedor que sienta de maravilla (y tiene sorpresa en la espalda)"},"content":{"rendered":"<p><!-- AUTHOR --><!-- COMPONENTS --><\/p>\n<p class=\"voc-paragraph\">Nos encanta cuando <strong>Carmen Lomana <\/strong>escoge prendas low cost y f\u00e1ciles de copiar como hizo hace unos d\u00edas con <a data-voc-vtm-id=\"in-text-traffic\" href=\"https:\/\/www.mujerhoy.com\/moda\/no-te-pierdas\/carmen-lomana-pantalones-cuadros-zara-baratos-look-rejuvenecedor-invierno-comodo-ponible-20211121143713-nt.html\">estos pantalones de cuadros de Zara<\/a>, sin embargo, son <strong>sus looks de alfombra roja <\/strong>los que la colocan entre nuestras mujeres favoritas a las que seguirle la pista. Y, como no pod\u00eda ser de otra forma, el estilismo escogido para asistir a <strong>los Premios Mujerhoy 2021<\/strong> &#8211;<br \/>\n<a data-voc-vtm-id=\"in-text-traffic\" href=\"https:\/\/www.mujerhoy.com\/actualidad\/ganadores-premios-mujerhoy-2021-20211130104742-nt.html\">estos son los ganadores<\/a> y <a data-voc-vtm-id=\"in-text-traffic\" href=\"https:\/\/www.mujerhoy.com\/actualidad\/aitana-sanchez-gijon-actrices-reencuentro-emotivo-premios-mujerhoy-cronica-social-20211201083327-nt.html\">aqu\u00ed todos los detalles de esta noche<\/a> tan especial- ya es uno de los mejores de la velada. Estilo y elegancia son dos caracter\u00edsticas innatas en ella y, una vez m\u00e1s, la socialit\u00e9 hizo alarde de ello con un <strong>vestido verde <\/strong>que tienes que ver, porque nos dej\u00f3 sin palabras.\n<\/p>\n<div class=\"voc-detail-photo-zoom\"><picture data-toggle=\"modal\" data-target=\"#photoZoomModal-655\" target=\"modal\">\n<div class=\"voc-img-icon-link\"><img loading=\"lazy\" data-original=\"\/\/static2.mujerhoy.com\/www\/multimedia\/202112\/01\/media\/cortadas\/carmen-lomanapremios-mujerhoy-eduardo-casanova-kLYF--460x637@MujerHoy.jpg\" class=\"lazy\" alt=\"GTRES\"><noscript><img src=\"http:\/\/cordobainforma.info\/wp-content\/uploads\/2021\/12\/carmen-lomana-triunfa-en-los-premios-mujerhoy-2021-con-un-vestido-con-truco-rejuvenecedor-que-sienta-de-maravilla-y-tiene-sorpresa-en-la-espalda.jpg\" alt=\"GTRES\"><\/noscript><i class=\"voc-icons zoom voc-multimedia-box voc-ico-l\"><\/i><\/div><figcaption class=\"figure-caption\">GTRES<\/figcaption><\/picture><\/div>\n<div id=\"photoZoomModal-655\" class=\"voc-lightbox modal fade voc-lightbox--photo-zoom\" role=\"dialog\" data-voc-photozoom-lightbox>\n<div class=\"voc-lightbox__dialog\" role=\"document\">\n<div class=\"voc-lightbox__content\"><!-- Modal header --><\/p>\n<header class=\"voc-lightbox__header\"><span class=\"voc-lightbox__title\">GTRES<\/span><\/header>\n<p><!-- Modal content --><\/p>\n<div class=\"voc-lightbox__photo-container\"><picture class><img loading=\"lazy\" data-original=\"\/\/static2.mujerhoy.com\/www\/multimedia\/202112\/01\/media\/cortadas\/carmen-lomanapremios-mujerhoy-eduardo-casanova-kLYF--460x637@MujerHoy.jpg\" alt=\"GTRES\" class=\"lazy\"><noscript><img src=\"http:\/\/cordobainforma.info\/wp-content\/uploads\/2021\/12\/carmen-lomana-triunfa-en-los-premios-mujerhoy-2021-con-un-vestido-con-truco-rejuvenecedor-que-sienta-de-maravilla-y-tiene-sorpresa-en-la-espalda.jpg\" alt=\"GTRES\"><\/noscript><\/picture><\/div>\n<\/div>\n<\/div>\n<\/div>\n<p class=\"voc-paragraph\">Carmen escogi\u00f3 para esta cita un vestido largo, de corte ajustado y manga larga protagonizado por un <strong>bonito y elegante tejido de terciopelo en color verde botella<\/strong>. Un dise\u00f1o sencillo que estaba adornado \u00fanicamente por unos <strong>apliques dorados<\/strong> en el hombro izquierdo. La prenda ten\u00eda tambi\u00e9n un <strong>cuello abierto <\/strong>que no llegaba a ser de tipo bardot, pero con el que luci\u00f3 los hombros ligeramente destapados.\n<\/p>\n<div class=\"voc-detail__cmp\">\n<div class=\"voc-article-container\">\n<article class=\"voc-article voc-article--cmp-photo-text\">\n<div class=\"voc-img-container\"><picture>\n<div class=\"voc-horizontal voc-img-icon-link\"><img class=\"lazy\" loading=\"lazy\" data-original=\"\/\/static2.mujerhoy.com\/www\/multimedia\/202112\/01\/media\/cortadas\/carmen-lomana-look-rejuvenecedor-kLYF--624x624@MujerHoy.jpg\" alt><\/div>\n<\/picture>\n<p class=\"figure-caption \"><span class=\"voc-photo-author\"> gtres <\/span><\/p>\n<\/div>\n<\/article>\n<\/div>\n<\/div>\n<p class=\"voc-paragraph\">Pero los detalles dorados no eran lo mejor de la prenda, sino un <strong>pronunciado escote trasero<\/strong> que dejaba la espalda de Carmen al descubierto y con el que confirmaba que este tipo de aberturas son de las m\u00e1s elegantes. Un truco con el que tambi\u00e9n dio un <strong>toque rejuvenecedor y fresco<\/strong> a su outfit -que tienes que fichar para tu pr\u00f3ximo look de invitada- y con el que se convirti\u00f3 en <strong>una de las mujeres mejor vestidas de la noche<\/strong>.\n<\/p>\n<div class=\"voc-detail__cmp\">\n<div class=\"voc-article-container\">\n<article class=\"voc-article voc-article--cmp-photo-text\">\n<div class=\"voc-img-container\"><picture>\n<div class=\"voc-horizontal voc-img-icon-link\"><img class=\"lazy\" loading=\"lazy\" data-original=\"\/\/static.mujerhoy.com\/www\/multimedia\/202112\/01\/media\/cortadas\/carmen-lomana-edad-vestido-verde-kLYF--624x624@MujerHoy.jpg\" alt><\/div>\n<\/picture>\n<p class=\"figure-caption \"><span class=\"voc-photo-author\"> gtres <\/span><\/p>\n<\/div>\n<\/article>\n<\/div>\n<\/div>\n<p class=\"voc-paragraph\">Por \u00faltimo, combin\u00f3 este dise\u00f1o con unos <strong>pendientes XL<\/strong> dorados, unos <strong>salones de tac\u00f3n fino <\/strong>con aplique joya en el empeine y un<br \/>\n<strong> bolso de lentejuelas<\/strong> a juego. Su melena suelta y ligeramente ondulada y un maquillaje sencillo protagonizado por un labial nude completaban este estilismo que se ha convertido en uno de los favoritos y que ha confirmado, una vez m\u00e1s, que a Carmen, en cuanto<br \/>\n<strong> a estilo y elegancia, no le gana nadie<\/strong>.\n<\/p>\n<div class=\"voc-detail__cmp voc-detail__cmp--pad-lr voc-detail__cmp--pad-lr--bdr\">\n<div class=\"voc-ficha-detail__wrapper\">\n<section class=\"voc-ficha-detail\">\n<h4 class=\"voc-ficha-detail-title voc-title-section\">te recomendamos<\/h4>\n<\/section>\n<\/div>\n<\/div>\n<p><!-- TOPICS --><\/p>\n","protected":false},"excerpt":{"rendered":"<p>Nos encanta cuando Carmen Lomana escoge prendas low cost y f\u00e1ciles de copiar como hizo hace unos d\u00edas con estos pantalones de cuadros de Zara, sin embargo, son sus looks de alfombra roja los que la colocan entre nuestras mujeres favoritas a las que seguirle la pista. Y, como no pod\u00eda ser de otra forma, [&hellip;]<\/p>\n","protected":false},"author":1,"featured_media":26795,"comment_status":"closed","ping_status":"closed","sticky":false,"template":"","format":"standard","meta":[],"categories":[24],"tags":[],"_links":{"self":[{"href":"http:\/\/cordobainforma.info\/index.php\/wp-json\/wp\/v2\/posts\/26794"}],"collection":[{"href":"http:\/\/cordobainforma.info\/index.php\/wp-json\/wp\/v2\/posts"}],"about":[{"href":"http:\/\/cordobainforma.info\/index.php\/wp-json\/wp\/v2\/types\/post"}],"author":[{"embeddable":true,"href":"http:\/\/cordobainforma.info\/index.php\/wp-json\/wp\/v2\/users\/1"}],"replies":[{"embeddable":true,"href":"http:\/\/cordobainforma.info\/index.php\/wp-json\/wp\/v2\/comments?post=26794"}],"version-history":[{"count":0,"href":"http:\/\/cordobainforma.info\/index.php\/wp-json\/wp\/v2\/posts\/26794\/revisions"}],"wp:featuredmedia":[{"embeddable":true,"href":"http:\/\/cordobainforma.info\/index.php\/wp-json\/wp\/v2\/media\/26795"}],"wp:attachment":[{"href":"http:\/\/cordobainforma.info\/index.php\/wp-json\/wp\/v2\/media?parent=26794"}],"wp:term":[{"taxonomy":"category","embeddable":true,"href":"http:\/\/cordobainforma.info\/index.php\/wp-json\/wp\/v2\/categories?post=26794"},{"taxonomy":"post_tag","embeddable":true,"href":"http:\/\/cordobainforma.info\/index.php\/wp-json\/wp\/v2\/tags?post=26794"}],"curies":[{"name":"wp","href":"https:\/\/api.w.org\/{rel}","templated":true}]}}