{"id":26682,"date":"2021-11-30T02:04:00","date_gmt":"2021-11-30T02:04:00","guid":{"rendered":"https:\/\/somoscordobeses.com\/2021\/11\/29\/de-pedro-la-patagonia-debe-transformarse-en-la-gran-region-energetica-del-pais\/"},"modified":"2021-11-30T02:04:00","modified_gmt":"2021-11-30T02:04:00","slug":"de-pedro-la-patagonia-debe-transformarse-en-la-gran-region-energetica-del-pais","status":"publish","type":"post","link":"http:\/\/cordobainforma.info\/index.php\/2021\/11\/30\/de-pedro-la-patagonia-debe-transformarse-en-la-gran-region-energetica-del-pais\/","title":{"rendered":"De Pedro: \u201cLa Patagonia debe transformarse en la gran regi\u00f3n energ\u00e9tica del pa\u00eds\u201d"},"content":{"rendered":"<div>\n<figure><figcaption> \u201cLa Patagonia debe transformarse en la gran regi\u00f3n energ\u00e9tica del pa\u00eds\u201d, expres\u00f3 De Pedro. (Foto: David Sanchez) <\/figcaption><\/figure>\n<p>El ministro del Interior, <strong>Eduardo \u201cWado\u201d De Pedro<\/strong>, abog\u00f3 este lunes en <strong>Neuqu\u00e9n <\/strong>por \u201calcanzar grandes acuerdos nacionales con iniciativas y consensos\u201d para potenciar a la Patagonia, una zona que debe \u201ctransformarse en la gran regi\u00f3n energ\u00e9tica del pa\u00eds\u201d, seg\u00fan consider\u00f3.<\/p>\n<p>El funcionario encabez\u00f3 la reuni\u00f3n del <strong>Parlamento Patag\u00f3nic<\/strong>o junto a vicegobernadores y m\u00e1s de 60 legisladores de las seis provincias que componen la regi\u00f3n, con el objetivo de continuar con las estrategias de desarrollo e infraestructura de los distritos y regiones argentinas.<\/p>\n<p>De Pedro se\u00f1al\u00f3 adem\u00e1s que el Gobierno nacional est\u00e1 \u201cdiscutiendo la necesidad de que <strong>YPF relocalice la administraci\u00f3n central en alguna de las provincias productoras<\/strong>\u201d como parte de \u201cun redise\u00f1o de la Argentina m\u00e1s justa, igualitaria y democr\u00e1tica\u201d.<\/p>\n<p>\u201cEl federalismo es la posibilidad de que los argentinos puedan desarrollarse y vivir en el lugar donde nacieron, y eso no se puede hacer si no hay empleo genuino, trabajo, industria, comercio y producci\u00f3n en cada una de las regiones\u201d, expuso el titular de la cartera pol\u00edtica.<\/p>\n<blockquote>\n<p dir=\"ltr\" lang=\"es\">La Patagonia es hermosa, diversa y est\u00e1 llena de oportunidades. Debe tener tambi\u00e9n condiciones para que cualquier argentino o argentina pueda crecer, porque eso es el federalismo. Con @MartinSoria_ y @OscarParrilli participamos del encuentro del Parlamento Patag\u00f3nico en Neuqu\u00e9n. pic.twitter.com\/iUuy1VBqMO<\/p>\n<p>\u2014 Wado de Pedro \ud83c\udde6\ud83c\uddf7 (@wadodecorrido) November 29, 2021<\/p>\n<\/blockquote>\n<p>De Pedro resalt\u00f3 que \u201clos pa\u00edses del mundo que se desarrollaron bien y en serio tienen divididos sus pa\u00edses en regiones\u201d, por lo que, dijo, \u201c<strong>la regi\u00f3n petrolera en Argentina tiene que ser la regi\u00f3n patag\u00f3nica, y aqu\u00ed debemos generar grandes acuerdos nacionales con leyes, iniciativas y consensos, para que en esta regi\u00f3n funcionen los bancos, el sistema financiero vinculado a la energ\u00eda y las sedes de las compa\u00f1\u00edas<\/strong>\u201c.<\/p>\n<p>Tambi\u00e9n aclar\u00f3 que \u201cse trata de una propuesta para \u201cdescentralizar y ubicar en la geograf\u00eda nacional cada \u00e1rea de la administraci\u00f3n p\u00fablica que tenga que ver con la actividad concreta que se hace en el territorio. No puede ser que el sector energ\u00e9tico tenga todas las sedes en la ciudad de Buenos Aires\u201d, advirti\u00f3.<\/p>\n<p>En este nuevo encuentro del Parlamento Patag\u00f3nico, que celebr\u00f3 sus 30 a\u00f1os de sesiones, tambi\u00e9n participaron el vicegobernador de La Pampa, Mariano Fern\u00e1ndez; de R\u00edo Negro, Alejandro Palmieri, y de Santa Cruz, Eugenio Quiroga, junto a unos 60 legisladores de La Pampa, Neuqu\u00e9n, R\u00edo Negro, Chubut, Santa Cruz y Tierra del Fuego.<\/p>\n<blockquote class>\n<p>\u201cEl federalismo es la posibilidad de que los argentinos puedan desarrollarse y vivir en el lugar donde nacieron, y eso no se puede hacer si no hay empleo genuino, trabajo, industria, comercio y producci\u00f3n en cada una de las regiones\u201d.<cite>Eduardo \u201cWado\u201d De Pedro<\/cite><\/p>\n<\/blockquote>\n<p>\u201cMuchos miembros del Gabinete nacional empezamos a dise\u00f1ar un Plan de Infraestructura para el Desarrollo Federal; y delineamos un m\u00e9todo para comenzar a escuchar y analizar las pol\u00edticas nacionales en funci\u00f3n de las necesidades de cada una de las provincias, y despu\u00e9s pensar en las necesidades regionales\u201d, sostuvo De Pedro, quien estuvo acompa\u00f1ado por el ministro de Justicia, Mart\u00edn Soria, y el secretario de Energ\u00eda, Dar\u00edo Mart\u00ednez.<\/p>\n<p>\u201cEn esa instancia generamos reuniones con todos los gobernadores, analizamos los planes de desarrollo de cada una de las provincias, reunimos a todos los ministros del Gobierno nacional, y nuestra secretaria de Provincias, Silvina Batakis, y su equipo, escucharon a todos los gabinetes nacionales\u201d, agreg\u00f3.<\/p>\n<blockquote>\n<p dir=\"ltr\" lang=\"es\">Junto a @wadodecorrido participamos del Parlamento Patag\u00f3nico, para trabajar por el futuro de nuestra regi\u00f3n. A 3 a\u00f1os del hist\u00f3rico \u201cPatagonazo\u201d, ya no tenemos un Gobierno Nacional que quiere endeudarnos ni someternos a ajustes que no elegimos. Debemos aprovechar la oportunidad. pic.twitter.com\/SYlI7bvsyL<\/p>\n<p>\u2014 Martin Soria (@MartinSoria_) November 30, 2021<\/p>\n<\/blockquote>\n<p>El titular de Interior indic\u00f3 que de esa tarea \u201csurgi\u00f3 un listado de 1.100 obras necesarias y b\u00e1sicas, que propiciar\u00e1n el aumento de la producci\u00f3n, con el objetivo de generar empleo a lo largo y ancho de Argentina\u201d.<\/p>\n<p>\u201cCuando nos toc\u00f3 definir qu\u00e9 era federalismo para nosotros, m\u00e1s all\u00e1 de un conjunto de normas que hacen al sistema, entendimos que ten\u00eda que ver con algo que ven\u00eda diciendo el Presidente (<strong>Alberto Fern\u00e1ndez<\/strong>), que es <strong>que cada argentino y argentina se pudieran desarrollar y vivir en el lugar donde nacieron<\/strong>\u201c, explic\u00f3.<\/p>\n<p>\u201c<strong>La Patagonia debe transformarse en la gran regi\u00f3n energ\u00e9tica del pa\u00eds<\/strong>\u201c, expres\u00f3 De Pedro, se inform\u00f3 en un comunicado.<\/p>\n<p>Previamente, De Pedro y Soria mantuvieron un almuerzo junto con el gobernador de Neuqu\u00e9n, Omar Guti\u00e9rrez; el senador Oscar Parrilli; la diputada electa Tanya Bertoldi, y los vicegobernadores de Neuqu\u00e9n, Marcos Koopmann Irizar, y de Santa Cruz, Eugenio Quiroga, adem\u00e1s del presidente del Parlamento Patag\u00f3nico y legislador de Santa Cruz, Emanuel Frentino.<\/p>\n<p>Por su parte, Soria record\u00f3 que \u201cen 2015 se dejaron de celebrar las reuniones del Parlamento Patag\u00f3nico\u201d y cuestion\u00f3 que ante la quita \u201cinequitativa\u201d del plus por zona desfavorable para las asignaciones familiares se reunieron \u201ctodas las provincias patag\u00f3nicas para plantarse\u201d.<\/p>\n<p>\u201cPor eso debemos recordar ese momento que nos llev\u00f3 a todos los patag\u00f3nicos a juntarnos con una visi\u00f3n estrat\u00e9gica com\u00fan: defendernos y celebrar, al mismo tiempo, la invitaci\u00f3n de todos los vicegobernadores\u201d, subray\u00f3 Soria. <\/p>\n<\/div>\n<nav class=\"navigation post-navigation\" role=\"navigation\" aria-label=\"Continue Reading\">\n<h2 class=\"screen-reader-text\">Continue Reading<\/h2>\n<\/nav>\n","protected":false},"excerpt":{"rendered":"<p>\u201cLa Patagonia debe transformarse en la gran regi\u00f3n energ\u00e9tica del pa\u00eds\u201d, expres\u00f3 De Pedro. (Foto: David Sanchez) El ministro del Interior, Eduardo \u201cWado\u201d De Pedro, abog\u00f3 este lunes en Neuqu\u00e9n por \u201calcanzar grandes acuerdos nacionales con iniciativas y consensos\u201d para potenciar a la Patagonia, una zona que debe \u201ctransformarse en la gran regi\u00f3n energ\u00e9tica del [&hellip;]<\/p>\n","protected":false},"author":1,"featured_media":26683,"comment_status":"closed","ping_status":"closed","sticky":false,"template":"","format":"standard","meta":[],"categories":[2],"tags":[],"_links":{"self":[{"href":"http:\/\/cordobainforma.info\/index.php\/wp-json\/wp\/v2\/posts\/26682"}],"collection":[{"href":"http:\/\/cordobainforma.info\/index.php\/wp-json\/wp\/v2\/posts"}],"about":[{"href":"http:\/\/cordobainforma.info\/index.php\/wp-json\/wp\/v2\/types\/post"}],"author":[{"embeddable":true,"href":"http:\/\/cordobainforma.info\/index.php\/wp-json\/wp\/v2\/users\/1"}],"replies":[{"embeddable":true,"href":"http:\/\/cordobainforma.info\/index.php\/wp-json\/wp\/v2\/comments?post=26682"}],"version-history":[{"count":0,"href":"http:\/\/cordobainforma.info\/index.php\/wp-json\/wp\/v2\/posts\/26682\/revisions"}],"wp:featuredmedia":[{"embeddable":true,"href":"http:\/\/cordobainforma.info\/index.php\/wp-json\/wp\/v2\/media\/26683"}],"wp:attachment":[{"href":"http:\/\/cordobainforma.info\/index.php\/wp-json\/wp\/v2\/media?parent=26682"}],"wp:term":[{"taxonomy":"category","embeddable":true,"href":"http:\/\/cordobainforma.info\/index.php\/wp-json\/wp\/v2\/categories?post=26682"},{"taxonomy":"post_tag","embeddable":true,"href":"http:\/\/cordobainforma.info\/index.php\/wp-json\/wp\/v2\/tags?post=26682"}],"curies":[{"name":"wp","href":"https:\/\/api.w.org\/{rel}","templated":true}]}}