{"id":242,"date":"2020-08-26T14:47:45","date_gmt":"2020-08-26T14:47:45","guid":{"rendered":"http:\/\/playfmradio.com\/?p=13420"},"modified":"2020-08-26T14:47:45","modified_gmt":"2020-08-26T14:47:45","slug":"cierra-el-orfeo-superdomo","status":"publish","type":"post","link":"http:\/\/cordobainforma.info\/index.php\/2020\/08\/26\/cierra-el-orfeo-superdomo\/","title":{"rendered":"Cierra el Orfeo Superdomo"},"content":{"rendered":"<p class=\"nota-bajada\"><em>Los responsables del lugar sostienen que el espacio no volver\u00e1 abrir.<\/em><\/p>\n<p class=\"nota-bajada\">A cinco meses de la cuarentena en Argentina y de un parate global de la industria del espect\u00e1culo, su due\u00f1o, el empresario Euclides Bugliotti dijo a <em>Punto a Punto<\/em>: \u00abAl Orfeo no lo abro m\u00e1s. Voy a ver qu\u00e9 se puede hacer\u201d.<\/p>\n<p class=\"nota-bajada\">El pr\u00f3ximo paso es reunirse con los funcionarios de la Municipalidad para ver si existe la posibilidad de que se cambie, en la zona del Orfeo, el uso del suelo, para convertirlo en un emprendimiento inmobiliario.<\/p>\n<p>Por el Orfeo pasaron artistas y eventos m\u00faltiples de talla internacional como Ricky Mart\u00edn (\u00faltimo recital realizado \u00e9ste a\u00f1o), Matallica, Paulo Londra, Luis Miguel, Luciano Pereyra, Gustavo Cerati, entre otros.<\/p>\n<p>Por: Cynthia Oliva<\/p>\n<p><a class=\"synved-social-button synved-social-button-share synved-social-size-32 synved-social-resolution-single synved-social-provider-facebook nolightbox\" data-provider=\"facebook\" target=\"_blank\" rel=\"nofollow noopener noreferrer\" title=\"Share on Facebook\" href=\"http:\/\/www.facebook.com\/sharer.php?u=http%3A%2F%2Fplayfmradio.com%2Fcierra-el-orfeo-superdomo%2F&amp;t=Cierra%20el%20Orfeo%20Superdomo&amp;s=100&amp;p[url]=http%3A%2F%2Fplayfmradio.com%2Fcierra-el-orfeo-superdomo%2F&amp;p[images][0]=http%3A%2F%2Fplayfmradio.com%2Fwp-content%2Fuploads%2F2020%2F08%2Forfeo-superdomo-cordoba-1577720486.-1x1780.jpg&amp;p[title]=Cierra%20el%20Orfeo%20Superdomo\"><img loading=\"lazy\" alt=\"Facebook\" title=\"Share on Facebook\" class=\"synved-share-image synved-social-image synved-social-image-share\" width=\"32\" height=\"32\" src=\"http:\/\/cordobainforma.info\/wp-content\/uploads\/2020\/08\/cierra-el-orfeo-superdomo.png\"><\/a><a class=\"synved-social-button synved-social-button-share synved-social-size-32 synved-social-resolution-single synved-social-provider-twitter nolightbox\" data-provider=\"twitter\" target=\"_blank\" rel=\"nofollow noopener noreferrer\" title=\"Share on Twitter\" href=\"https:\/\/twitter.com\/intent\/tweet?url=http%3A%2F%2Fplayfmradio.com%2Fcierra-el-orfeo-superdomo%2F&amp;text=Compartido%20de%20Playfmradio.com\"><img loading=\"lazy\" alt=\"twitter\" title=\"Share on Twitter\" class=\"synved-share-image synved-social-image synved-social-image-share\" width=\"32\" height=\"32\" src=\"http:\/\/cordobainforma.info\/wp-content\/uploads\/2020\/08\/cierra-el-orfeo-superdomo-1.png\"><\/a><a class=\"synved-social-button synved-social-button-share synved-social-size-32 synved-social-resolution-single synved-social-provider-pinterest nolightbox\" data-provider=\"pinterest\" target=\"_blank\" rel=\"nofollow noopener noreferrer\" title=\"Pin it with Pinterest\" href=\"http:\/\/pinterest.com\/pin\/create\/button\/?url=http%3A%2F%2Fplayfmradio.com%2Fcierra-el-orfeo-superdomo%2F&amp;media=http%3A%2F%2Fplayfmradio.com%2Fwp-content%2Fuploads%2F2020%2F08%2Forfeo-superdomo-cordoba-1577720486.-1x1780.jpg&amp;description=Cierra%20el%20Orfeo%20Superdomo\"><img loading=\"lazy\" alt=\"pinterest\" title=\"Pin it with Pinterest\" class=\"synved-share-image synved-social-image synved-social-image-share\" width=\"32\" height=\"32\" src=\"http:\/\/cordobainforma.info\/wp-content\/uploads\/2020\/08\/cierra-el-orfeo-superdomo-2.png\"><\/a><a class=\"synved-social-button synved-social-button-share synved-social-size-32 synved-social-resolution-single synved-social-provider-tumblr nolightbox\" data-provider=\"tumblr\" target=\"_blank\" rel=\"nofollow noopener noreferrer\" title=\"Share on tumblr\" href=\"http:\/\/tumblr.com\/share?s=&amp;v=3&amp;t=Cierra%20el%20Orfeo%20Superdomo&amp;u=http%3A%2F%2Fplayfmradio.com%2Fcierra-el-orfeo-superdomo%2F\"><img loading=\"lazy\" alt=\"tumblr\" title=\"Share on tumblr\" class=\"synved-share-image synved-social-image synved-social-image-share\" width=\"32\" height=\"32\" src=\"http:\/\/cordobainforma.info\/wp-content\/uploads\/2020\/08\/cierra-el-orfeo-superdomo-3.png\"><\/a><a class=\"synved-social-button synved-social-button-share synved-social-size-32 synved-social-resolution-single synved-social-provider-mail nolightbox\" data-provider=\"mail\" rel=\"nofollow\" title=\"Share by email\" href=\"mailto:?subject=Cierra%20el%20Orfeo%20Superdomo&amp;body=Compartido%20de%20Playfmradio.com:%20http%3A%2F%2Fplayfmradio.com%2Fcierra-el-orfeo-superdomo%2F\"><img loading=\"lazy\" alt=\"mail\" title=\"Share by email\" class=\"synved-share-image synved-social-image synved-social-image-share\" width=\"32\" height=\"32\" src=\"http:\/\/cordobainforma.info\/wp-content\/uploads\/2020\/08\/cierra-el-orfeo-superdomo-4.png\"><\/a> <!-- AUTHOR PART ========================= --> <!-- AUTHOR PART END ========================= --> <\/p>\n","protected":false},"excerpt":{"rendered":"<p>Los responsables del lugar sostienen que el espacio no volver\u00e1 abrir. A cinco meses de la cuarentena en Argentina y de un parate global de la industria del espect\u00e1culo, su due\u00f1o, el empresario Euclides Bugliotti dijo a Punto a Punto: \u00abAl Orfeo no lo abro m\u00e1s. Voy a ver qu\u00e9 se puede hacer\u201d. El pr\u00f3ximo [&hellip;]<\/p>\n","protected":false},"author":1,"featured_media":243,"comment_status":"closed","ping_status":"closed","sticky":false,"template":"","format":"standard","meta":[],"categories":[23],"tags":[],"_links":{"self":[{"href":"http:\/\/cordobainforma.info\/index.php\/wp-json\/wp\/v2\/posts\/242"}],"collection":[{"href":"http:\/\/cordobainforma.info\/index.php\/wp-json\/wp\/v2\/posts"}],"about":[{"href":"http:\/\/cordobainforma.info\/index.php\/wp-json\/wp\/v2\/types\/post"}],"author":[{"embeddable":true,"href":"http:\/\/cordobainforma.info\/index.php\/wp-json\/wp\/v2\/users\/1"}],"replies":[{"embeddable":true,"href":"http:\/\/cordobainforma.info\/index.php\/wp-json\/wp\/v2\/comments?post=242"}],"version-history":[{"count":0,"href":"http:\/\/cordobainforma.info\/index.php\/wp-json\/wp\/v2\/posts\/242\/revisions"}],"wp:featuredmedia":[{"embeddable":true,"href":"http:\/\/cordobainforma.info\/index.php\/wp-json\/wp\/v2\/media\/243"}],"wp:attachment":[{"href":"http:\/\/cordobainforma.info\/index.php\/wp-json\/wp\/v2\/media?parent=242"}],"wp:term":[{"taxonomy":"category","embeddable":true,"href":"http:\/\/cordobainforma.info\/index.php\/wp-json\/wp\/v2\/categories?post=242"},{"taxonomy":"post_tag","embeddable":true,"href":"http:\/\/cordobainforma.info\/index.php\/wp-json\/wp\/v2\/tags?post=242"}],"curies":[{"name":"wp","href":"https:\/\/api.w.org\/{rel}","templated":true}]}}