{"id":2330,"date":"2020-10-19T16:29:47","date_gmt":"2020-10-19T16:29:47","guid":{"rendered":"https:\/\/www.perfil.com\/noticias\/politica\/el-foyel-el-juez-de-revision-autorizo-el-desalojo-de-los-mapuches.phtml"},"modified":"2020-10-19T16:29:47","modified_gmt":"2020-10-19T16:29:47","slug":"el-foyel-el-juez-de-revision-autorizo-el-desalojo-de-los-mapuches","status":"publish","type":"post","link":"http:\/\/cordobainforma.info\/index.php\/2020\/10\/19\/el-foyel-el-juez-de-revision-autorizo-el-desalojo-de-los-mapuches\/","title":{"rendered":"El Foyel: el juez de revisi\u00f3n autoriz\u00f3 el desalojo de los mapuches"},"content":{"rendered":"<p><img src=\"http:\/\/cordobainforma.info\/wp-content\/uploads\/2020\/10\/el-foyel-el-juez-de-revision-autorizo-el-desalojo-de-los-mapuches.jpg\"><\/p>\n<div><img src=\"http:\/\/cordobainforma.info\/wp-content\/uploads\/2020\/10\/el-foyel-el-juez-de-revision-autorizo-el-desalojo-de-los-mapuches-2.jpg\" class=\"ff-og-image-inserted\"><\/div>\n<aside class=\"relatedPost\">\n<h3>Noticias Relacionadas<\/h3>\n<\/aside>\n<p>Este jueves 19 de octubre de 2020 el juez Marcelo \u00c1lvarez Melinger <strong><a target=\"_blank\" href=\"https:\/\/www.perfil.com\/noticias\/sociedad\/nueva-toma-bariloche-comunidad-mapuche-usurpo-predio-600-hectareas-el-foyel.phtml\" rel=\"noopener noreferrer\">autoriz\u00f3 el desalojo de los grupos mapuches<\/a><\/strong> <strong>que mantienen de rehenes<\/strong> a dos hermanos en un campo ubicado en el paraje El Foyel. Pablo y D\u00e9bora Maier est\u00e1n dentro de la propiedad y los grupos encolumnados en la Comunidad Lof Gallardo Calf\u00fa no los dejan salir.&nbsp;<\/p>\n<p>Hay m\u00e1s de un centenar de polic\u00edas de R\u00edo Negro en las inmediaciones esperando la orden de desalojo de esta toma, que lleva casi una semana. El juez de primera instancia se hab\u00eda opuesto, por una ley existente, al desalojo. Pero en la revisi\u00f3n, esa decisi\u00f3n fue revocada.&nbsp;<\/p>\n<p>El desalojo debe hacerse de d\u00eda y con buen clima para evitar incidentes y que el procedimiento sea transparente.&nbsp;<\/p>\n<p class=\"destacadoNota\"><a target=\"_blank\" href=\"https:\/\/www.perfil.com\/noticias\/reperfilar\/el-intendente-de-bariloche-sobre-las-tomas-de-tierras-si-hay-una-ley-hay-que-ejecutarla.phtml\" rel=\"noopener noreferrer\">El intendente de Bariloche, sobre las tomas de tierras: \u00abSi hay una ley, hay que ejecutarla\u00bb<\/a><\/p>\n<p>El abogado defensor de los mapuches, Manuel Mansilla, recus\u00f3 al juez con el argumento de que el magistrado no le dio la oportunidad de expresarse, pero su pedido fue desestimado, porque, seg\u00fan describieron medios locales, se ausent\u00f3 de la audiencia \u00abde manera deliberada\u00bb.&nbsp;<\/p>\n<p>El predio tiene 600 hect\u00e1reas y pertenece a la familia Soriani. El due\u00f1o del campo, Mart\u00edn Soriani, dijo que son rehenes, que no los dejan moverse de adentro porque les bloquearon los caminos.&nbsp;<\/p>\n<p>La propiedad est\u00e1 a casi 80 kil\u00f3metros de Bariloche y a 40 kil\u00f3metros de El Bols\u00f3n. Ahora, la polic\u00eda espera la orden de las autoridades para proceder. \u00abEstamos muy contentos\u00bb, dijo al canal TN la hija del propietario, Claudia.&nbsp;<\/p>\n<p><strong>MC<\/strong><\/p>\n","protected":false},"excerpt":{"rendered":"<p>Noticias Relacionadas Este jueves 19 de octubre de 2020 el juez Marcelo \u00c1lvarez Melinger autoriz\u00f3 el desalojo de los grupos mapuches que mantienen de rehenes a dos hermanos en un campo ubicado en el paraje El Foyel. Pablo y D\u00e9bora Maier est\u00e1n dentro de la propiedad y los grupos encolumnados en la Comunidad Lof Gallardo [&hellip;]<\/p>\n","protected":false},"author":1,"featured_media":2331,"comment_status":"open","ping_status":"closed","sticky":false,"template":"","format":"standard","meta":[],"categories":[2],"tags":[],"_links":{"self":[{"href":"http:\/\/cordobainforma.info\/index.php\/wp-json\/wp\/v2\/posts\/2330"}],"collection":[{"href":"http:\/\/cordobainforma.info\/index.php\/wp-json\/wp\/v2\/posts"}],"about":[{"href":"http:\/\/cordobainforma.info\/index.php\/wp-json\/wp\/v2\/types\/post"}],"author":[{"embeddable":true,"href":"http:\/\/cordobainforma.info\/index.php\/wp-json\/wp\/v2\/users\/1"}],"replies":[{"embeddable":true,"href":"http:\/\/cordobainforma.info\/index.php\/wp-json\/wp\/v2\/comments?post=2330"}],"version-history":[{"count":0,"href":"http:\/\/cordobainforma.info\/index.php\/wp-json\/wp\/v2\/posts\/2330\/revisions"}],"wp:featuredmedia":[{"embeddable":true,"href":"http:\/\/cordobainforma.info\/index.php\/wp-json\/wp\/v2\/media\/2331"}],"wp:attachment":[{"href":"http:\/\/cordobainforma.info\/index.php\/wp-json\/wp\/v2\/media?parent=2330"}],"wp:term":[{"taxonomy":"category","embeddable":true,"href":"http:\/\/cordobainforma.info\/index.php\/wp-json\/wp\/v2\/categories?post=2330"},{"taxonomy":"post_tag","embeddable":true,"href":"http:\/\/cordobainforma.info\/index.php\/wp-json\/wp\/v2\/tags?post=2330"}],"curies":[{"name":"wp","href":"https:\/\/api.w.org\/{rel}","templated":true}]}}