{"id":2328,"date":"2020-10-19T17:15:00","date_gmt":"2020-10-19T17:15:00","guid":{"rendered":"https:\/\/www.perfil.com\/noticias\/actualidad\/aerolineas-argentinas-vuelos-de-cabotaje-desde-el-22-de-octubre.phtml"},"modified":"2020-10-19T17:15:00","modified_gmt":"2020-10-19T17:15:00","slug":"aerolineas-argentinas-anuncio-su-oferta-de-vuelos-de-cabotaje-desde-el-22-de-octubre","status":"publish","type":"post","link":"http:\/\/cordobainforma.info\/index.php\/2020\/10\/19\/aerolineas-argentinas-anuncio-su-oferta-de-vuelos-de-cabotaje-desde-el-22-de-octubre\/","title":{"rendered":"Aerol\u00edneas Argentinas anunci\u00f3 su oferta de vuelos de cabotaje desde el 22 de octubre"},"content":{"rendered":"<p><img src=\"http:\/\/cordobainforma.info\/wp-content\/uploads\/2020\/10\/aerolineas-argentinas-anuncio-su-oferta-de-vuelos-de-cabotaje-desde-el-22-de-octubre.jpg\"><\/p>\n<div><img src=\"http:\/\/cordobainforma.info\/wp-content\/uploads\/2020\/10\/aerolineas-argentinas-anuncio-su-oferta-de-vuelos-de-cabotaje-desde-el-22-de-octubre-2.jpg\" class=\"ff-og-image-inserted\"><\/div>\n<aside class=\"relatedPost\">\n<h3>Noticias Relacionadas<\/h3>\n<\/aside>\n<p>La empresa <a target=\"_blank\" href=\"https:\/\/www.perfil.com\/tags\/aerolineas-argentinas?rd=1\" rel=\"noopener noreferrer\">Aerol\u00edneas Argentinas<\/a> volver\u00e1 a operar&nbsp;en el territorio nacional con vuelos dom\u00e9sticos hacia 14 ciudades en esta primera etapa, a&nbsp;partir de este jueves 22 de octubre. Ser\u00e1 una&nbsp;oferta de vuelos para <a target=\"_blank\" href=\"https:\/\/www.perfil.com\/noticias\/politica\/el-regreso-de-los-vuelos-pide-pista-anuncian-la-reactivacion-del-transporte.phtml\" rel=\"noopener noreferrer\">el reinicio progresivo de la actividad<\/a>.<\/p>\n<p>El primer servicio comenzar\u00e1 el mismo jueves con un vuelo regular desde <strong>Ezeiza a Jujuy<\/strong>.&nbsp;M\u00e1s tarde, habr\u00e1 partidas hacia <strong>Corrientes, Iguaz\u00fa, Mendoza, San Luis y Ushuaia<\/strong>. El viernes habr\u00e1 vuelos hacia y desde <strong>C\u00f3rdoba, La Rioja, Salta, Resistencia, Posadas, Bariloche, Comodoro Rivadavia y Neuqu\u00e9n<\/strong>.<\/p>\n<p>El resto de los destinos se incorporar\u00e1n de manera escalonada en los pr\u00f3ximos d\u00edas, al igual que la frecuencia diaria para cada destino.&nbsp;El incremento de los vuelos ser\u00e1 paulatino y en funci\u00f3n de la demanda, seg\u00fan anunci\u00f3 la compa\u00f1\u00eda.<\/p>\n<p>El servicio est\u00e1&nbsp;sujeto&nbsp;a la aprobaci\u00f3n de los gobiernos provinciales, quienes pueden&nbsp;deshabilitarlos en el caso de considerarlo&nbsp;conveniente. En esta l\u00ednea, cada provincia fija los requerimientos espec\u00edficos para el ingreso de los pasajeros, m\u00e1s all\u00e1 de lo estipulado como regla general por las autoridades aeron\u00e1uticas.<\/p>\n<blockquote class=\"twitter-tweet\" readability=\"7.1724137931034\">\n<p lang=\"es\" dir=\"ltr\">Estamos muy entusiasmados por volver a operar regularmente, los vuelos son muy seguros si se siguen las normas y el riesgo de contagio es muy bajo. En <a href=\"https:\/\/twitter.com\/Aerolineas_AR?ref_src=twsrc%5Etfw\">@Aerolineas_AR<\/a> contamos con protocolos de higiene y seguridad para cada etapa del vuelo.<\/p>\n<p>\u2014 Pablo Ceriani (@ceriani_pablo) <a href=\"https:\/\/twitter.com\/ceriani_pablo\/status\/1316786694742585346?ref_src=twsrc%5Etfw\">October 15, 2020<\/a><\/p><\/blockquote>\n<p>A fines de la semana pasada, el presidente de la empresa Pablo Ceriani hab\u00eda hecho el anuncio de los vuelos regulares&nbsp;a trav\u00e9s de Twitter y advirti\u00f3 que \u00ablos vuelos son muy seguros si se siguen las normas y el riesgo de contagio es bajo\u00bb, en referencia a la prevenci\u00f3n del coronavirus.<\/p>\n<p>La compa\u00f1\u00eda public\u00f3&nbsp;en su sitio web&nbsp;la programaci\u00f3n detallada por destino y&nbsp; los requisitos generales para el embarque. Los pasajeros podr\u00e1n tramitar su permiso de viaje en: <a target=\"_blank\" href=\"https:\/\/www.argentina.gob.ar\/circular\" rel=\"noopener noreferrer\">https:\/\/www.argentina.gob.ar\/circular<\/a>.<\/p>\n<p>Aerol\u00edneas Argentinas&nbsp;dijo en su comunicado que \u00abno ha dejado de volar\u00bb y ha operado una gran cantidad de vuelos bajo la modalidad \u00abespecial\u00bb con un protocolo de bioseguridad estricto, <strong>adaptado a las regulaciones y recomendaciones de salud de los organismos de control nacionales e internacionales\u00bb.<\/strong><\/p>\n<p>\u00abEsto le ha permitido operar con un alto grado de eficiencia y un casi nulo \u00edndice de contagiosidad tanto en sus pasajeros como en sus trabajadores\u00bb, inform\u00f3 la firma.<\/p>\n","protected":false},"excerpt":{"rendered":"<p>Noticias Relacionadas La empresa Aerol\u00edneas Argentinas volver\u00e1 a operar&nbsp;en el territorio nacional con vuelos dom\u00e9sticos hacia 14 ciudades en esta primera etapa, a&nbsp;partir de este jueves 22 de octubre. Ser\u00e1 una&nbsp;oferta de vuelos para el reinicio progresivo de la actividad. El primer servicio comenzar\u00e1 el mismo jueves con un vuelo regular desde Ezeiza a Jujuy.&nbsp;M\u00e1s [&hellip;]<\/p>\n","protected":false},"author":1,"featured_media":2329,"comment_status":"open","ping_status":"closed","sticky":false,"template":"","format":"standard","meta":[],"categories":[2],"tags":[],"_links":{"self":[{"href":"http:\/\/cordobainforma.info\/index.php\/wp-json\/wp\/v2\/posts\/2328"}],"collection":[{"href":"http:\/\/cordobainforma.info\/index.php\/wp-json\/wp\/v2\/posts"}],"about":[{"href":"http:\/\/cordobainforma.info\/index.php\/wp-json\/wp\/v2\/types\/post"}],"author":[{"embeddable":true,"href":"http:\/\/cordobainforma.info\/index.php\/wp-json\/wp\/v2\/users\/1"}],"replies":[{"embeddable":true,"href":"http:\/\/cordobainforma.info\/index.php\/wp-json\/wp\/v2\/comments?post=2328"}],"version-history":[{"count":0,"href":"http:\/\/cordobainforma.info\/index.php\/wp-json\/wp\/v2\/posts\/2328\/revisions"}],"wp:featuredmedia":[{"embeddable":true,"href":"http:\/\/cordobainforma.info\/index.php\/wp-json\/wp\/v2\/media\/2329"}],"wp:attachment":[{"href":"http:\/\/cordobainforma.info\/index.php\/wp-json\/wp\/v2\/media?parent=2328"}],"wp:term":[{"taxonomy":"category","embeddable":true,"href":"http:\/\/cordobainforma.info\/index.php\/wp-json\/wp\/v2\/categories?post=2328"},{"taxonomy":"post_tag","embeddable":true,"href":"http:\/\/cordobainforma.info\/index.php\/wp-json\/wp\/v2\/tags?post=2328"}],"curies":[{"name":"wp","href":"https:\/\/api.w.org\/{rel}","templated":true}]}}