{"id":228,"date":"2020-08-27T11:54:11","date_gmt":"2020-08-27T11:54:11","guid":{"rendered":"https:\/\/www.modapunta.com\/noticia\/6393\/moda\/la-venta-de-ropa-acumula-una-caida-del-431-respecto-a-2019.html"},"modified":"2020-08-27T11:54:11","modified_gmt":"2020-08-27T11:54:11","slug":"la-venta-de-ropa-acumula-una-caida-del-431-respecto-a-2019","status":"publish","type":"post","link":"http:\/\/cordobainforma.info\/index.php\/2020\/08\/27\/la-venta-de-ropa-acumula-una-caida-del-431-respecto-a-2019\/","title":{"rendered":"La venta de ropa acumula una ca\u00edda del 43,1% respecto a 2019"},"content":{"rendered":"<div class=\"media_block\"><\/div>\n<div><img src=\"http:\/\/cordobainforma.info\/wp-content\/uploads\/2020\/08\/la-venta-de-ropa-acumula-una-caida-del-431-respecto-a-2019.jpg\" class=\"ff-og-image-inserted\"><\/div>\n<p>La organizaci\u00f3n destac\u00f3 que el motivo de la ca\u00edda de las ventas contin\u00faa siendo la crisis generada por el Covid-19 y subray\u00f3 que \u00abtal como apuntaban las previsiones\u00bb las rebajas de verano \u00abno han sido buenas\u00bb.<\/p>\n<p>La entidad tambi\u00e9n destac\u00f3 que este a\u00f1o se han observado estrategias distintas y que algunos comercios han realizado descuentos agresivos, mientras que otros, con la intenci\u00f3n de aguantar la campa\u00f1a de primavera-verano hasta octubre, han sido \u00abm\u00e1s contenidos en los descuentos\u00bb. Asimismo, Acotex revel\u00f3 que, a pesar de que el Gobierno levant\u00f3 la prohibici\u00f3n de abrir las tiendas, alrededor del 15% de los establecimientos siguen cerrados.<\/p>\n<p>El comercio textil y de complementos se encuentra en una \u00absituaci\u00f3n muy delicada\u00bb, asever\u00f3 la organizaci\u00f3n, que sigue reclamando al Gobierno que se pongan en marcha medidas urgentes y espec\u00edficas para el sector que garanticen la continuidad de los negocios y salvar \u00ablos casi 200.000 puestos de trabajo\u00bb que genera el sector.<\/p>\n<p>\u00abCon este descenso tan importante de ventas no nos valen moratorias en los impuestos, tasas, tributos o en las cuotas de la Seguridad Social. Es necesario la condonaci\u00f3n de los mismos y la reducci\u00f3n del IVA para incentivar el consumo\u201d, afirm\u00f3 el presidente de Acotex, Eduado Zam\u00e1cola.<\/p>\n<p>\u00abEl sector necesita liquidez y no m\u00e1s endeudamiento. Necesitamos una soluci\u00f3n para el pago de los alquileres comerciales a los que no podemos hacer frente mientras sigamos con estos niveles tan bajos de ventas y es fundamental tener mayor flexibilizaci\u00f3n y extender los ERTE, al menos, hasta fin de a\u00f1o\u00bb, a\u00f1adi\u00f3.<\/p>\n","protected":false},"excerpt":{"rendered":"<p>La organizaci\u00f3n destac\u00f3 que el motivo de la ca\u00edda de las ventas contin\u00faa siendo la crisis generada por el Covid-19 y subray\u00f3 que \u00abtal como apuntaban las previsiones\u00bb las rebajas de verano \u00abno han sido buenas\u00bb. La entidad tambi\u00e9n destac\u00f3 que este a\u00f1o se han observado estrategias distintas y que algunos comercios han realizado descuentos [&hellip;]<\/p>\n","protected":false},"author":1,"featured_media":229,"comment_status":"open","ping_status":"closed","sticky":false,"template":"","format":"standard","meta":[],"categories":[24],"tags":[],"_links":{"self":[{"href":"http:\/\/cordobainforma.info\/index.php\/wp-json\/wp\/v2\/posts\/228"}],"collection":[{"href":"http:\/\/cordobainforma.info\/index.php\/wp-json\/wp\/v2\/posts"}],"about":[{"href":"http:\/\/cordobainforma.info\/index.php\/wp-json\/wp\/v2\/types\/post"}],"author":[{"embeddable":true,"href":"http:\/\/cordobainforma.info\/index.php\/wp-json\/wp\/v2\/users\/1"}],"replies":[{"embeddable":true,"href":"http:\/\/cordobainforma.info\/index.php\/wp-json\/wp\/v2\/comments?post=228"}],"version-history":[{"count":0,"href":"http:\/\/cordobainforma.info\/index.php\/wp-json\/wp\/v2\/posts\/228\/revisions"}],"wp:featuredmedia":[{"embeddable":true,"href":"http:\/\/cordobainforma.info\/index.php\/wp-json\/wp\/v2\/media\/229"}],"wp:attachment":[{"href":"http:\/\/cordobainforma.info\/index.php\/wp-json\/wp\/v2\/media?parent=228"}],"wp:term":[{"taxonomy":"category","embeddable":true,"href":"http:\/\/cordobainforma.info\/index.php\/wp-json\/wp\/v2\/categories?post=228"},{"taxonomy":"post_tag","embeddable":true,"href":"http:\/\/cordobainforma.info\/index.php\/wp-json\/wp\/v2\/tags?post=228"}],"curies":[{"name":"wp","href":"https:\/\/api.w.org\/{rel}","templated":true}]}}