{"id":210,"date":"2020-08-27T00:59:24","date_gmt":"2020-08-27T00:59:24","guid":{"rendered":"https:\/\/www.perfil.com\/noticias\/reperfilar\/nicolas-trotta-queremos-volver-a-las-clases-donde-la-salud-lo-permite.phtml"},"modified":"2020-08-27T00:59:24","modified_gmt":"2020-08-27T00:59:24","slug":"nicolas-trotta-queremos-volver-a-las-clases-donde-la-salud-lo-permite","status":"publish","type":"post","link":"http:\/\/cordobainforma.info\/index.php\/2020\/08\/27\/nicolas-trotta-queremos-volver-a-las-clases-donde-la-salud-lo-permite\/","title":{"rendered":"Nicol\u00e1s Trotta: \u00abQueremos volver a las clases donde la salud lo permite\u00bb"},"content":{"rendered":"<p><img src=\"http:\/\/cordobainforma.info\/wp-content\/uploads\/2020\/08\/nicolas-trotta-queremos-volver-a-las-clases-donde-la-salud-lo-permite.jpg\"><\/p>\n<div><img src=\"http:\/\/cordobainforma.info\/wp-content\/uploads\/2020\/08\/nicolas-trotta-queremos-volver-a-las-clases-donde-la-salud-lo-permite-2.jpg\" class=\"ff-og-image-inserted\"><\/div>\n<aside class=\"relatedPost\">\n<h3>Noticias Relacionadas<\/h3>\n<\/aside>\n<p>Hay pelea en Naci\u00f3n y Ciudad de Buenos Aires por la <strong>reapertura de las escuelas<\/strong>. El Gobierno Nacional <strong>rechaz\u00f3 el protocolo<\/strong> presentado por el Gobierno de la Ciudad de Buenos Aires para reabrir los <strong>nuevos gabinetes tecnol\u00f3gicos en las escuelas<\/strong> para que los 5 mil chicos que perdieron contacto&nbsp;con la escolaridad puedan ir a el colegio y tomar<strong> contacto con sus profesores de forma virtual<\/strong>.&nbsp;<\/p>\n<p>En <strong>RePerfilAr<\/strong>, <strong>Carlos Cl\u00e1<\/strong> tuvo un mano a mano con el <a target=\"_blank\" href=\"http:\/\/www.perfil.com\/tags\/nicolas-trotta\" rel=\"noopener noreferrer\"><strong>Ministro de Educaci\u00f3n de la Naci\u00f3n, Nicol\u00e1s Trotta<\/strong><\/a> con respecto a un audio controversial que circul\u00f3 en las \u00faltimas horas.<\/p>\n<p><strong>\u2014 Dec\u00eda usted que es una parte de un audio completo. La pregunta es si este rechazo al protocolo de ciudad es por cuestiones sanitarias o por cuestiones que tienen que ver con la pol\u00edtica.<\/strong><\/p>\n<p><strong>\u2014 <\/strong>Se vincula a cuestiones epidemiol\u00f3gicas y pedag\u00f3gicas. Nosotros para tomar la decisi\u00f3n, que ha trabajado una comisi\u00f3n ad hoc, hemos cumplido cada uno de los pasos. No solo el que establece el decreto de necesidad y urgencia, vinculada a la situaci\u00f3n de la pandemia que transitamos, sino tambi\u00e9n a los <strong>protocolos que aprobamos<\/strong> en el marco del Consejo Federal de Educaci\u00f3n de manera un\u00e1nime por las 23 provincias y por la propia Ciudad de Buenos Aires. \u00bfQu\u00e9 establecen estos protocolos? Los procedimientos y establecen un <strong>requisito primario central<\/strong> que para cualquier regreso a la actividad escolar tiene que haber <strong>un nivel nulo o muy bajo del COVID 19<\/strong>. Este procedimiento, que llevamos adelante, fue repetido con otras jurisdicciones, con las provincias que logramos que regresen a las aulas que fueron San Juan, Catamarca, Formosa y Santiago del Estero. En dos de ellas tuvimos que retroceder porque cambio la realidad epidemiol\u00f3gica. \u00bfCu\u00e1l es nuestro compromiso? <strong>Promover el regreso a las aulas cuando la salud lo permite<\/strong> y eso es lo que hemos hecho en muchas provincias. Claramente lo que tenemos es una mirada distinta. Dejamos en claro, a partir de nuestra respuesta, que no est\u00e1n dadas las condiciones epidemiol\u00f3gicas aprobadas por las 23 provincias y la propia Ciudad. En las \u00faltimas 72 horas tuve reuniones con un mont\u00f3n de organizaciones que me pidieron conversar en el marco de la incertidumbre y preocupaci\u00f3n que ten\u00edan frente a la respuesta que nosotros le ten\u00edamos que dar al Gobierno de la Ciudad de Buenos Aires. Este audio fue extra\u00eddo de una conversaci\u00f3n de una hora y veinte con mam\u00e1s, personas que est\u00e1n a cargo de comedores en las villas o barrios populares de la Ciudad de Buenos Aires, cooperadoras escolares, donde ten\u00edan una posici\u00f3n distinta. Una de las madres, al borde del llanto, planteaba \u201cMinistro no permita que pongan en riesgo a nuestros ni\u00f1os y ni\u00f1as\u201d. Lo que les planteo ah\u00ed es que el Gobierno de la Ciudad quiere discutir con los sindicatos. Yo no quiero que discuta con los sindicatos, quiero que discuta con ellos.<\/p>\n<p class=\"destacadoNota\"><a target=\"_self\" href=\"https:\/\/www.perfil.com\/noticias\/politica\/horacio-rodriguez-larreta-busca-bajar-tono-pelea-con-nacion-insiste-en-reabrir-escuelas.phtml\" rel=\"noopener noreferrer\">Larreta busca bajar el tono a la pelea con Naci\u00f3n pero insiste en reabrir escuelas<\/a><\/p>\n<p><strong>\u2014 Y de este protocolo en particular usted dec\u00eda hay 15 de 25 puntos que est\u00e1n incompletos. En t\u00e9rminos generales, \u00bfqu\u00e9 deber\u00eda hacer el Gobierno de la Ciudad para completarlos?&nbsp;<\/strong><\/p>\n<p><strong>\u2014 <\/strong>Primero tenemos que ser conscientes que si no cambia la realidad epidemiol\u00f3gica&nbsp;esta segunda instancia no tiene validez porque no podemos regresar. Y&nbsp;es lo que hab\u00edamos acordado entre todas las provincias y la ciudad de Buenos Aires. Ah\u00ed&nbsp;tiene que clarificar varios <strong>aspectos del protocolo<\/strong> que fue aprobado. Tiene que clarificar sobre la propuesta pedag\u00f3gica, sobre la poblaci\u00f3n a la que se va a dirigir esta propuesta que ellos llaman \u201c<strong>Conectate en la escuela<\/strong>\u201d. C\u00f3mo va a ser la <strong>manera que van a llegar los chicos<\/strong> y las chicas a la escuela, cu\u00e1l va a ser el <strong>personal que va a trabajar<\/strong> con cada uno de ellos, c\u00f3mo va a ser el despliegue de los estudiantes que est\u00e1n fuera de el territorio de la Ciudad de Buenos Aires, en el primero y segundo cord\u00f3n de la Provincia que hay muchos que viven all\u00ed y vienen a la escuela a la Ciudad como tambi\u00e9n ocurre con los docentes. Y&nbsp;otro punto central, que para nosotros es muy importante, es el di\u00e1logo social para el regreso a las escuelas. El reclamo que he tenido de muchas de estas organizaciones es que no han sido escuchados por el <strong>Gobierno de la Ciudad<\/strong>. Volver a las clases ha implicado momentos de <strong>turbulencia<\/strong> en todas las jurisdicciones pero lograron resolverlo. Entre otros aspectos porque la realidad epidemiol\u00f3gica es distinta. El regreso a las escuelas fue optativo y fue el 80% de los chicos a la escuela en esas jurisdicciones y departamentos porque la realidad epidemiol\u00f3gica es distinta a esta Ciudad. San Juan cuando autorizamos con el Gobernador el regreso, hab\u00eda tenido 22 casos en 5 meses. A partir de un proceso de circulaci\u00f3n el Gobierno tom\u00f3 la decisi\u00f3n de volver a la fase 1 frente al temor de la situaci\u00f3n que se empezaba a atravesar por 69 casos positivos. La Ciudad de Buenos Aires seg\u00fan el d\u00eda tiene 700, 1000 casos por d\u00eda. \u00bfVamos a exponer a nuestros hijos a esa situaci\u00f3n? \u00bfD\u00f3nde est\u00e1 la <strong>irresponsabilidad<\/strong>? Yo no tengo problema en dialogar como lo venimos haciendo y seguir trabajando pero nuestra consigna es clara. Queremos volver a las clases donde la salud lo permite.<br \/>CC: Ministro muchas gracias.<\/p>\n<p><strong>I. R. A \/ DS<\/strong><\/p>\n","protected":false},"excerpt":{"rendered":"<p>Noticias Relacionadas Hay pelea en Naci\u00f3n y Ciudad de Buenos Aires por la reapertura de las escuelas. El Gobierno Nacional rechaz\u00f3 el protocolo presentado por el Gobierno de la Ciudad de Buenos Aires para reabrir los nuevos gabinetes tecnol\u00f3gicos en las escuelas para que los 5 mil chicos que perdieron contacto&nbsp;con la escolaridad puedan ir [&hellip;]<\/p>\n","protected":false},"author":1,"featured_media":211,"comment_status":"open","ping_status":"closed","sticky":false,"template":"","format":"standard","meta":[],"categories":[2],"tags":[],"_links":{"self":[{"href":"http:\/\/cordobainforma.info\/index.php\/wp-json\/wp\/v2\/posts\/210"}],"collection":[{"href":"http:\/\/cordobainforma.info\/index.php\/wp-json\/wp\/v2\/posts"}],"about":[{"href":"http:\/\/cordobainforma.info\/index.php\/wp-json\/wp\/v2\/types\/post"}],"author":[{"embeddable":true,"href":"http:\/\/cordobainforma.info\/index.php\/wp-json\/wp\/v2\/users\/1"}],"replies":[{"embeddable":true,"href":"http:\/\/cordobainforma.info\/index.php\/wp-json\/wp\/v2\/comments?post=210"}],"version-history":[{"count":0,"href":"http:\/\/cordobainforma.info\/index.php\/wp-json\/wp\/v2\/posts\/210\/revisions"}],"wp:featuredmedia":[{"embeddable":true,"href":"http:\/\/cordobainforma.info\/index.php\/wp-json\/wp\/v2\/media\/211"}],"wp:attachment":[{"href":"http:\/\/cordobainforma.info\/index.php\/wp-json\/wp\/v2\/media?parent=210"}],"wp:term":[{"taxonomy":"category","embeddable":true,"href":"http:\/\/cordobainforma.info\/index.php\/wp-json\/wp\/v2\/categories?post=210"},{"taxonomy":"post_tag","embeddable":true,"href":"http:\/\/cordobainforma.info\/index.php\/wp-json\/wp\/v2\/tags?post=210"}],"curies":[{"name":"wp","href":"https:\/\/api.w.org\/{rel}","templated":true}]}}