{"id":208,"date":"2020-08-27T01:02:00","date_gmt":"2020-08-27T01:02:00","guid":{"rendered":"https:\/\/www.perfil.com\/noticias\/economia\/los-shoppings-piden-que-les-permitan-abrir-a-fin-de-mes.phtml"},"modified":"2020-08-27T01:02:00","modified_gmt":"2020-08-27T01:02:00","slug":"los-shoppings-del-amba-piden-que-les-permitan-abrir-a-fin-de-mes","status":"publish","type":"post","link":"http:\/\/cordobainforma.info\/index.php\/2020\/08\/27\/los-shoppings-del-amba-piden-que-les-permitan-abrir-a-fin-de-mes\/","title":{"rendered":"Los shoppings del AMBA piden que les permitan abrir a fin de mes"},"content":{"rendered":"<p><img src=\"http:\/\/cordobainforma.info\/wp-content\/uploads\/2020\/08\/los-shoppings-del-amba-piden-que-les-permitan-abrir-a-fin-de-mes.jpg\"><\/p>\n<div><img src=\"http:\/\/cordobainforma.info\/wp-content\/uploads\/2020\/08\/los-shoppings-del-amba-piden-que-les-permitan-abrir-a-fin-de-mes-2.jpg\" class=\"ff-og-image-inserted\"><\/div>\n<aside class=\"relatedPost\">\n<h3>Noticias Relacionadas<\/h3>\n<\/aside>\n<p>En medio de <a target=\"_blank\" href=\"https:\/\/www.perfil.com\/noticias\/coronavirus\/alerta-roja-coronavirus-10-mil-contagios-diario.phtml\" rel=\"noopener noreferrer\"><strong>nuevos r\u00e9cords de contagio de coronavirus<\/strong><\/a>, los centro de compras o shopping centers <strong>volvieron a reclamar que se permita su reapertura y le pusieron fecha: el pr\u00f3ximo 31 de agosto<\/strong>.&nbsp;<\/p>\n<p><strong>\u00abSolicitamos desde el comienzo mismo de la pandemia, la apertura de los Centros Comerciales sin que esta petici\u00f3n haya encontrado eco favorable hasta la fecha, en las autoridades competentes.&nbsp;Se nos escucha pero no se atiende a nuestros reclamos\u00bb, plantea la <em>C\u00e1mara de Shopping Centers<\/em> en un comunicado.<\/strong><\/p>\n<p>\u00abLa gravedad de la crisis generada por m\u00e1s de ciento cincuenta d\u00edas de inactividad, ha provocado el cierre de m\u00e1s del 25% de las empresas locatarias, cifra que se incrementa d\u00eda a d\u00eda. <strong>El empleo cae en igual medida, afectando a 10.000 puestos de trabajo en CABA y en el Gran Buenos Aires\u00bb<\/strong>, agregan y marcan que si bien reciben el ATP, el programa de asistencia para el trabajo y la producci\u00f3n, \u00abno alcanza para sostener a las locatarias\u00bb. Adem\u00e1s, aseguran que&nbsp;<strong>sin actividad, est\u00e1n dejando de operar, muchas de ellas en forma definitiva.<\/strong><\/p>\n<p class=\"destacadoNota\"><a target=\"_blank\" href=\"https:\/\/www.perfil.com\/noticias\/sociedad\/reabrieron-negocios-avellaneda-gran-control-policial.phtml\" rel=\"noopener noreferrer\">Con la apertura de la avenida Avellaneda, la Ciudad ya reactiv\u00f3 casi todo su comercio<\/a><\/p>\n<p>Pese a que el pa\u00eds bate r\u00e9cord de casos de coronavirus, con eje en el \u00e1rea metropolitana de Buenos Aires, el reclamo es acompa\u00f1ado por la <strong>Federaci\u00f3n Argentina de Empleados de Comercio y Servicios<\/strong>, que se lo plantearon tanto a las autoridades de CABA y de la Provincia de Buenos Aires, que empresarios y representantes de los trabajadores tenemos la misma imperiosa necesidad, dado que no es posible postergar un d\u00eda m\u00e1s la apertura de los Shoppings.<\/p>\n<p>\u00abNo hay actividad econ\u00f3mica alguna que pueda sostener el pago de salarios, impuestos y servicios, sin ingresos durante un lapso de cierre tan prolongado\u00bb, remarca la carta que lleva las firmas de <strong>Mario&nbsp;Nirenberg&nbsp;y Ram\u00f3n Villaveir\u00e1n, gerente general y presidente<\/strong>, respectivamente, de la C\u00e1mara de centros de compras.<br \/>&nbsp;<\/p>\n<p class=\"destacadoNota\"><a target=\"_self\" href=\"https:\/\/www.perfil.com\/noticias\/reperfilar\/aunque-los-hoteles-portenos-ya-pudieron-abrir-advierten-que-el-sector-se-reactivara-en-marzo-del-2021.phtml\" rel=\"noopener noreferrer\">Aunque los hoteles porte\u00f1os abrieron, el sector se reactivar\u00e1 en marzo del 2021<\/a><\/p>\n<p>\u00abCelebramos la reapertura de los centros de transferencias de pasajeros de las grandes terminales ferroviarias de la CABA, al igual que las galer\u00edas comerciales, pero <strong>no podemos dejar de preguntarnos qu\u00e9 raz\u00f3n existe para que nuestros shoppings sean postergados: aquellos centros tienen locales, escaleras mec\u00e1nicas, etc. y convocan decenas de miles de personas\u00bb<\/strong>, plantean los shoppings<strong>, que aseguran que los protocolos de salud fueron presentados con anticipaci\u00f3n.<\/strong><\/p>\n<h2><u><strong>Online<\/strong><\/u><\/h2>\n<p>Para otros sectores, la pandemia se convirti\u00f3 en escenario para desarrollar alternativas de<strong> ventas por whatsapp e internet.&nbsp;<\/strong>El&nbsp;<strong>San Justo&nbsp;Shopping<\/strong>, desarroll\u00f3 su marketplace con Avenida+ y se convirti\u00f3 en&nbsp;<strong>el primer&nbsp;shopping&nbsp;online de Argentina<\/strong>.<\/p>\n<p class=\"destacadoNota\"><a target=\"_blank\" href=\"http:\/\/https:\/\/www.perfil.com\/noticias\/politica\/gobierno-alberto-fernandez-elaboro-protocolo-para-despedir-enfermos-coronavirus.phtml\" rel=\"noopener noreferrer\">El Gobierno habilita \u00abel \u00faltimo adi\u00f3s\u00bb para enfermos de coronavirus<\/a><\/p>\n<p>\u00abTen\u00edamos previsto el lanzamiento de nuestra tienda online para septiembre, pero el contexto pandemia nos oblig\u00f3 a recalcular nuestros planes y salir en pocas semanas. Luego de unos meses de crecimiento y consolidaci\u00f3n, tuvimos un Hot Sale excelente a nivel ventas. A futuro, nuestros planes incluyen una estrategia de omnicanalidad\u201d, explic\u00f3&nbsp;<strong>Julieta Naldi<\/strong>, Marketplace Manager del&nbsp;shopping. <strong><em>\u00ab<\/em>El mundo f\u00edsico no va a desaparecer<\/strong>, nuestra misi\u00f3n es que podamos seguir evolucionando y usar el canal online como medio para potenciar y complementar la experiencia de compra\u201d, agreg\u00f3.<\/p>\n<p><strong>PV \/ DS<\/strong><\/p>\n","protected":false},"excerpt":{"rendered":"<p>Noticias Relacionadas En medio de nuevos r\u00e9cords de contagio de coronavirus, los centro de compras o shopping centers volvieron a reclamar que se permita su reapertura y le pusieron fecha: el pr\u00f3ximo 31 de agosto.&nbsp; \u00abSolicitamos desde el comienzo mismo de la pandemia, la apertura de los Centros Comerciales sin que esta petici\u00f3n haya encontrado [&hellip;]<\/p>\n","protected":false},"author":1,"featured_media":209,"comment_status":"open","ping_status":"closed","sticky":false,"template":"","format":"standard","meta":[],"categories":[2],"tags":[],"_links":{"self":[{"href":"http:\/\/cordobainforma.info\/index.php\/wp-json\/wp\/v2\/posts\/208"}],"collection":[{"href":"http:\/\/cordobainforma.info\/index.php\/wp-json\/wp\/v2\/posts"}],"about":[{"href":"http:\/\/cordobainforma.info\/index.php\/wp-json\/wp\/v2\/types\/post"}],"author":[{"embeddable":true,"href":"http:\/\/cordobainforma.info\/index.php\/wp-json\/wp\/v2\/users\/1"}],"replies":[{"embeddable":true,"href":"http:\/\/cordobainforma.info\/index.php\/wp-json\/wp\/v2\/comments?post=208"}],"version-history":[{"count":0,"href":"http:\/\/cordobainforma.info\/index.php\/wp-json\/wp\/v2\/posts\/208\/revisions"}],"wp:featuredmedia":[{"embeddable":true,"href":"http:\/\/cordobainforma.info\/index.php\/wp-json\/wp\/v2\/media\/209"}],"wp:attachment":[{"href":"http:\/\/cordobainforma.info\/index.php\/wp-json\/wp\/v2\/media?parent=208"}],"wp:term":[{"taxonomy":"category","embeddable":true,"href":"http:\/\/cordobainforma.info\/index.php\/wp-json\/wp\/v2\/categories?post=208"},{"taxonomy":"post_tag","embeddable":true,"href":"http:\/\/cordobainforma.info\/index.php\/wp-json\/wp\/v2\/tags?post=208"}],"curies":[{"name":"wp","href":"https:\/\/api.w.org\/{rel}","templated":true}]}}