{"id":20593,"date":"2021-09-06T07:30:06","date_gmt":"2021-09-06T07:30:06","guid":{"rendered":"https:\/\/www.welife.es\/mente\/neurociencia-corporal-que-es-influencia-meditacion-nazareth-castellanos-mercedes-eq-welife-festival\/"},"modified":"2021-09-06T07:30:06","modified_gmt":"2021-09-06T07:30:06","slug":"que-es-la-neurociencia-corporal-segun-nazareth-castellanos-de-la-teoria-a-la-practica","status":"publish","type":"post","link":"http:\/\/cordobainforma.info\/index.php\/2021\/09\/06\/que-es-la-neurociencia-corporal-segun-nazareth-castellanos-de-la-teoria-a-la-practica\/","title":{"rendered":"Qu\u00e9 es la neurociencia corporal, seg\u00fan Nazareth Castellanos: de la teor\u00eda a la pr\u00e1ctica"},"content":{"rendered":"<section class=\"grid-item g-izq container cabecera-texto\" readability=\"27.788888888889\">\n<div class=\"imagen ico-general\" readability=\"7\"> <img class=\"mb-4\" src=\"http:\/\/cordobainforma.info\/wp-content\/uploads\/2021\/09\/que-es-la-neurociencia-corporal-segun-nazareth-castellanos-de-la-teoria-a-la-practica.jpg\"> <\/p>\n<p class=\"pie-foto mb-12\">Mercedes-EQ Welife Festival<\/p>\n<\/p><\/div>\n<div class=\"wrap-content lg-mb-8\" readability=\"35.275862068966\">\n<p class=\"subtit\">Mercedes-EQ Welife Festival <\/p>\n<p class=\"text\">\u00bfQu\u00e9 relaci\u00f3n existe entre la neurociencia y la meditaci\u00f3n? Nazareth Castellanos, f\u00edsica te\u00f3rica y doctora en Neurociencia, lo explicar\u00e1 ampliamente en Mercedes-EQ Welife Festival. <\/p>\n<p class=\"autor\">Por <a href=\"https:\/\/www.welife.es\/autor\/dtorres\/\"> Diana Torres <\/a> <\/p>\n<p class=\"fecha\">24 de agosto de 2021 \/ 18:00<\/p>\n<p><!-- Simple Share Buttons Adder (8.1.2) simplesharebuttons.com --><\/div>\n<\/section>\n<p><strong>\u00bfAlguna vez te hab\u00edas parado a pensar en que tu postura y tu cuerpo podr\u00edan estar influyendo directamente en tu mente?<\/strong> Esto es lo que estudia la <strong>neurociencia corporal,<\/strong> una investigaci\u00f3n en la que se demuestra que el cerebro debe relacionarse con el resto de \u00f3rganos, por lo que la mente no solo depende de \u00e9ste, sino de todo el cuerpo.<\/p>\n<blockquote readability=\"2.6433566433566\">\n<p>Descubre la relaci\u00f3n entre la neurociencia y la meditaci\u00f3n y <a href=\"https:\/\/www.welifefestival.es\/\" target=\"_blank\" rel=\"noopener noreferrer\">no te pierdas la ponencia de Nazareth Castellanos en Mercedes-EQ Welife Festival<\/a><\/p>\n<\/blockquote>\n<h2 class=\"ladillo\"><strong>Nazareth Castellanos, experta en neurociencia<\/strong><\/h2>\n<p>Experta en este tema es Nazareth Castellanos. La licenciada en f\u00edsica te\u00f3rica y doctora en Neurociencia ha dedicado m\u00e1s de 20 a\u00f1os de su vida a investigar c\u00f3mo la meditaci\u00f3n moldea la relaci\u00f3n del cerebro con el resto del cuerpo. Para ello, desarrolla las bases cient\u00edficas de la <strong>influencia del intestino, la respiraci\u00f3n, el coraz\u00f3n o la postura corporal sobre la din\u00e1mica neuronal.<\/strong><\/p>\n<p>Nazareth es Directora de investigaci\u00f3n de Nirakara-Lab, c\u00e1tedra de mindfulness y ciencias cognitivas de la Universidad Complutense de Madrid y directora del proyecto de investigaci\u00f3n interacci\u00f3n cerebro\u2013cuerpo en meditadores. Una motivaci\u00f3n por la ciencia que la ha llevado a querer trasladar este conocimiento con el fin de que todos nos conozcamos mejor y aprendamos a estar mejor con nosotros mismos. Por ello, tambi\u00e9n ha dise\u00f1ado unos cursos en los que se exponen las bases cient\u00edficas, se practica y se reflexiona sobre este \u00e1mbito.<\/p>\n<p>Adem\u00e1s de dar la posibilidad de seguir sus cursos, en su p\u00e1gina web Nazareth Castellanos aprovecha para explicarnos algo m\u00e1s sobre la neurociencia corporal. Una peque\u00f1a toma de contacto con este tema que nos ayuda a entender mejor la revoluci\u00f3n cient\u00edfica que estamos viviendo.<\/p>\n<blockquote class=\"instagram-media\" data-instgrm-permalink=\"https:\/\/www.instagram.com\/p\/COKvCRxjRWz\/?utm_source=ig_web_copy_link\" data-instgrm-version=\"13\"><\/blockquote>\n<h2><\/h2>\n<h2 class=\"ladillo\"><strong>\u00bfQu\u00e9 es la neurociencia corporal?<\/strong><\/h2>\n<p>Aunque hace 3 o 4 a\u00f1os la neurociencia se basaba en el estudio de la actividad de las neuronas o \u00e1reas cerebrales, el grupo de la investigadora <strong>Catherine Tallon-Baudry<\/strong> en Par\u00eds se convirti\u00f3 en pionera a la hora de estudiar la relaci\u00f3n cerebro\u2013coraz\u00f3n. Ellos fueron quienes demostraron que <strong>percibimos las im\u00e1genes que llegan a nuestros ojos cuando el cerebro responde al latido cardiaco<\/strong>. De hecho, cuanto m\u00e1s fuerte responde nuestro cerebro a los latidos del coraz\u00f3n, m\u00e1s pensamos en nosotros mismos.<\/p>\n<p>El <a href=\"https:\/\/www.welife.es\/cuerpo\/beneficios-yoga-salud-tipos-posturas-respiracion-cuerpo-mente\/\">yoga<\/a> ya nos adelantaba la influencia de la respiraci\u00f3n en los estados mentales, pero en el caso de la ciencia ha sido ahora cuando se ha empezado a conocer la relaci\u00f3n entre la respiraci\u00f3n y el cerebro. Y es que un estudio ya demostr\u00f3 que <strong>la respiraci\u00f3n modula una zona muy profunda del cerebro<\/strong>, denominada \u2018locus coerulus\u2019, \u00e1rea especialmente relevante para la atenci\u00f3n y la memoria.<\/p>\n<p>Hace 4 a\u00f1os, el Instituto Max Planck de Alemania indic\u00f3 que el cerebro integra la informaci\u00f3n que llega desde el intestino. Un descubrimiento de lo m\u00e1s relevante de los \u00faltimos a\u00f1os, ya que<strong> la dieta influye en los neurotransmisores<\/strong>, siendo capaz de cambiar la estructura neuronal y hacer que las \u00e1reas cerebrales sean m\u00e1s activas que otras.<\/p>\n<p>La postura cobra tambi\u00e9n un papel muy importante en nuestro sistema nervioso. <strong>Antonio Damasio,<\/strong> uno de los grandes neurocient\u00edficos del siglo dice que nuestro cuerpo \u201csabe lo que la mente a\u00fan no se ha dado cuenta\u201d, y es que las sensaciones de nuestro cuerpo influyen en nuestra toma de decisiones.<\/p>\n<p>El cuidado de la postura corporal tiene beneficios tanto en la musculatura como en la mente. Investigadores alemanes lo corroboraron en 2014, cuando demostraron que <strong>el n\u00famero de palabras negativas que recordamos es mayor cuando estamos en una posici\u00f3n inclinada<\/strong> o encorvada. Por el contrario, recordamos m\u00e1s palabras positivas cuando estamos rectos.<\/p>\n<p>La postura en la que dormimos tambi\u00e9n influye en el sistema de limpieza cerebral, ya que <strong>dormir de lado es la mejor manera de depurar el l\u00edquido extracelular<\/strong>.<\/p>\n<blockquote class=\"instagram-media\" data-instgrm-permalink=\"https:\/\/www.instagram.com\/p\/CSqxlwgD0qK\/?utm_source=ig_web_copy_link\" data-instgrm-version=\"13\"><\/blockquote>\n<h2><\/h2>\n<h2 class=\"ladillo\"><strong>Neurociencia en Mercedes-EQ Welife Festival<\/strong><\/h2>\n<p>Si quieres saber la gran influencia que tiene nuestro cuerpo y todos los \u00f3rganos que la componen sobre nuestra mente, no te pierdas la ponencia de la propia Nazareth Castellanos en <a href=\"https:\/\/www.welife.es\/sostenibilidad\/apuntate-a-nuestro-evento-mercedes-eq-welife-festival\/\">Mercedes-EQ Welife Festival<\/a>. La experta en el tema acudir\u00e1 el pr\u00f3ximo domingo 26 de septiembre al Green Patio de Madrid, donde tendr\u00e1 la oportunidad de explicarnos c\u00f3mo influye de manera positiva la neurociencia a la hora de meditar.<\/p>\n<p>Al igual que Nazareth, otros profesionales como <a href=\"https:\/\/www.welife.es\/alimentacion\/gemma-bes-que-comer-en-vacaciones-para-no-engordar-mercedes-eq-welife-festival\/\">Gemma Bes<\/a> o <a href=\"https:\/\/www.welife.es\/sostenibilidad\/jane-goodall-activismo-medioambiental-mercedes-eq-welife-festival\/\">Jane Goodall<\/a> estar\u00e1n presentes en el evento del a\u00f1o en lo que se refiere a sostenibilidad y vida saludable. No te lo pierdas y <a href=\"https:\/\/www.welifefestival.es\/\" target=\"_blank\" rel=\"noopener noreferrer\">adquiere ahora tu entrada aqu\u00ed antes de que se agoten<\/a>.<\/p>\n<section class=\"grid-item g-izq publi-native-dos container\"> <\/section>\n<section class=\"grid-item g-izq not-column mt-20 temas\">\n<h3 class=\"tit line bg mb-10\"><span>Temas<\/span><\/h3>\n<p> <span class=\"container flex column2-margin \"><a href=\"https:\/\/www.welife.es\/tema\/mercedes-eq-welife-festival\/\" class=\"subtit bg-t1\">Mercedes-EQ Welife Festival<\/a><a href=\"https:\/\/www.welife.es\/tema\/mindfulness\/\" class=\"subtit bg-t2\">Mindfulness<\/a><\/span> <\/section>\n<section class=\"mobile-flex flex columnX bg-lBr enlaces\">\n<p>Welife hoy<\/p>\n<p><a href=\"https:\/\/www.welifefestival.es\/\" class>MERCEDES-EQ WELIFE FESTIVAL<\/a><a href=\"https:\/\/www.welife.es\/tema\/moda-sostenible\/\" class>MODA SOSTENIBLE<\/a><a href=\"https:\/\/www.welife.es\/tema\/yoga\/\" class>YOGA <\/a><a href=\"https:\/\/www.welife.es\/tema\/mindfulness\/\" class>MINDFULNESS<\/a><\/section>\n<section class=\"mobile-flex fix-height-img-large flex column3\">\n<h3 class=\"tit line mb-15\"><span>Otros temas de Mente <\/span><\/h3>\n<article class=\"ico-general px-8\" readability=\"0\"> <a href=\"https:\/\/www.welife.es\/mente\/mantener-motivacion-felicidad-labora-tras-vacaciones-claves\/\" readability=\"2\"> <img class=\"mb-4\" src=\"http:\/\/cordobainforma.info\/wp-content\/uploads\/2021\/09\/que-es-la-neurociencia-corporal-segun-nazareth-castellanos-de-la-teoria-a-la-practica-1.jpg\"> <\/p>\n<p class=\"tit f18 px-8\">\u00bfMantener la motivaci\u00f3n y la felicidad laboral tras las vacaciones? Con estas 5 claves es posible<\/p>\n<p class=\"subtit t-center mb-0\">Mente<\/p>\n<p> <\/a> <\/article>\n<article class=\"ico-general px-8\" readability=\"0\"> <a href=\"https:\/\/www.welife.es\/mente\/consejos-para-activarse-tras-las-vacaciones-mercedes-de-la-rosa-yoga-directo-instagram\/\" readability=\"3\"> <img class=\"mb-4\" src=\"http:\/\/cordobainforma.info\/wp-content\/uploads\/2021\/09\/que-es-la-neurociencia-corporal-segun-nazareth-castellanos-de-la-teoria-a-la-practica-2.jpg\"> <\/p>\n<p class=\"tit f18 px-8\">\u00a1Act\u00edvate tras las vacaciones! Sigue nuestro directo en Instagram, con Mercedes de la Rosa<\/p>\n<p class=\"subtit t-center mb-0\">Mente<\/p>\n<p> <\/a> <\/article>\n<article class=\"ico-general px-8\" readability=\"0\"> <a href=\"https:\/\/www.welife.es\/mente\/como-evitar-depresion-postvacacional-consejos-sabiduria-oriental\/\" readability=\"2\"> <img class=\"mb-4\" src=\"http:\/\/cordobainforma.info\/wp-content\/uploads\/2021\/09\/que-es-la-neurociencia-corporal-segun-nazareth-castellanos-de-la-teoria-a-la-practica-3.jpg\"> <\/p>\n<p class=\"tit f18 px-8\">Depresi\u00f3n postvacacional: 12 consejos de la sabidur\u00eda oriental que no fallan<\/p>\n<p class=\"subtit t-center mb-0\">Mente<\/p>\n<p> <\/a> <\/article>\n<\/section>\n<section class=\"grid-item g-dcha banner-in publi-roba\"> <\/section>\n<section class=\"grid-item g-dcha banner-in ord4 suscribete \" readability=\"6.9425675675676\"> <\/section>\n<section class=\"grid-item g-dcha publi-native\"><\/section>\n<section class=\"grid-item g-dcha banner-in publi-roba-dos\"> <\/section>\n<section class=\"grid-item g-dcha container lo-mas-visto\"> <\/section>\n<section class=\"grid-item g-dcha banner-in publi-roba-tres\"> <\/section>\n<section class=\"grid-item g-dcha banner-in publi-roba-cuatro\"> <\/section>\n<section class=\"grid-item g-dcha container otras-noticias\"> <\/section>\n<section class=\"grid-item g-dcha container instagram\"><\/section>\n<section class=\"grid-item g-dcha banner-in publi-roba-cinco\"> <\/section>\n","protected":false},"excerpt":{"rendered":"<p>Mercedes-EQ Welife Festival Mercedes-EQ Welife Festival \u00bfQu\u00e9 relaci\u00f3n existe entre la neurociencia y la meditaci\u00f3n? Nazareth Castellanos, f\u00edsica te\u00f3rica y doctora en Neurociencia, lo explicar\u00e1 ampliamente en Mercedes-EQ Welife Festival. Por Diana Torres 24 de agosto de 2021 \/ 18:00 \u00bfAlguna vez te hab\u00edas parado a pensar en que tu postura y tu cuerpo podr\u00edan [&hellip;]<\/p>\n","protected":false},"author":1,"featured_media":20594,"comment_status":"open","ping_status":"closed","sticky":false,"template":"","format":"standard","meta":[],"categories":[18],"tags":[],"_links":{"self":[{"href":"http:\/\/cordobainforma.info\/index.php\/wp-json\/wp\/v2\/posts\/20593"}],"collection":[{"href":"http:\/\/cordobainforma.info\/index.php\/wp-json\/wp\/v2\/posts"}],"about":[{"href":"http:\/\/cordobainforma.info\/index.php\/wp-json\/wp\/v2\/types\/post"}],"author":[{"embeddable":true,"href":"http:\/\/cordobainforma.info\/index.php\/wp-json\/wp\/v2\/users\/1"}],"replies":[{"embeddable":true,"href":"http:\/\/cordobainforma.info\/index.php\/wp-json\/wp\/v2\/comments?post=20593"}],"version-history":[{"count":0,"href":"http:\/\/cordobainforma.info\/index.php\/wp-json\/wp\/v2\/posts\/20593\/revisions"}],"wp:featuredmedia":[{"embeddable":true,"href":"http:\/\/cordobainforma.info\/index.php\/wp-json\/wp\/v2\/media\/20594"}],"wp:attachment":[{"href":"http:\/\/cordobainforma.info\/index.php\/wp-json\/wp\/v2\/media?parent=20593"}],"wp:term":[{"taxonomy":"category","embeddable":true,"href":"http:\/\/cordobainforma.info\/index.php\/wp-json\/wp\/v2\/categories?post=20593"},{"taxonomy":"post_tag","embeddable":true,"href":"http:\/\/cordobainforma.info\/index.php\/wp-json\/wp\/v2\/tags?post=20593"}],"curies":[{"name":"wp","href":"https:\/\/api.w.org\/{rel}","templated":true}]}}