{"id":20514,"date":"2021-09-06T02:04:42","date_gmt":"2021-09-06T02:04:42","guid":{"rendered":"http:\/\/cordobainforma.info\/index.php\/2021\/09\/06\/viajamos-hacia-el-futuro-con-el-nuevo-eqg-mercedes-benz-presenta-su-nuevo-todoterreno-electrico-video\/"},"modified":"2021-09-06T02:04:42","modified_gmt":"2021-09-06T02:04:42","slug":"viajamos-hacia-el-futuro-con-el-nuevo-eqg-mercedes-benz-presenta-su-nuevo-todoterreno-electrico-video","status":"publish","type":"post","link":"http:\/\/cordobainforma.info\/index.php\/2021\/09\/06\/viajamos-hacia-el-futuro-con-el-nuevo-eqg-mercedes-benz-presenta-su-nuevo-todoterreno-electrico-video\/","title":{"rendered":"\u00ab\u00a1Viajamos hacia el futuro con el nuevo EQG!\u00bb: Mercedes-Benz presenta su nuevo todoterreno el\u00e9ctrico (VIDEO)"},"content":{"rendered":"<p><img src=\"http:\/\/cordobainforma.info\/wp-content\/uploads\/2021\/09\/viajamos-hacia-el-futuro-con-el-nuevo-eqg-mercedes-benz-presenta-su-nuevo-todoterreno-electrico-video.jpg\"><\/p>\n<div readability=\"32\">\n<p><span>Publicado:<\/span><time class=\"Timestamp-root Timestamp-isBlackColor \" datetime=\"2021-09-06T02:04:42+00:00\"> 6 sep 2021 02:04 GMT <\/time><\/p>\n<\/div>\n<div readability=\"34\">\n<p> El veh\u00edculo posee unas llantas de aleaci\u00f3n de aluminio pulido de 55,88 cent\u00edmetros y es \u00abextremadamente apto\u00bb para conducir en cualquier terreno. <\/p>\n<\/div>\n<div readability=\"81.245784363822\">\n<p>El fabricante de veh\u00edculos alem\u00e1n Mercedes-Benz&nbsp;<a href=\"https:\/\/twitter.com\/MercedesBenz\/status\/1434546172778074120\" target=\"_blank\" rel=\"noopener noreferrer\">ha presentado<\/a> este domingo cuatro nuevos modelos en el Sal\u00f3n Internacional del Autom\u00f3vil, que tiene lugar entre el 7 y el 12 de septiembre en M\u00fanich, entre ellos el <strong>Concept EQG<\/strong>, un todoterreno el\u00e9ctrico de la Clase G.&nbsp;<br \/><strong><\/strong><\/p>\n<p>Este autom\u00f3vil <a href=\"https:\/\/media.mercedes-benz.com\/article\/6ba2a3a4-1ea9-4d50-8d98-99fd1bf19703\" target=\"_blank\" rel=\"noopener noreferrer\">posee<\/a> unas llantas de aleaci\u00f3n de aluminio pulido de 55,88 cent\u00edmetros con un <strong>\u00abdise\u00f1o exclusivo\u00bb<\/strong>. En la parte trasera, en lugar de la habitual rueda de repuesto, lleva una caja que puede utilizarse para guardar el cable para cargar el autom\u00f3vil.<\/p>\n<p>Desde el fabricante alem\u00e1n destacan su portaequipajes plano de color negro, el dise\u00f1o del chasis, as\u00ed como la&nbsp;suspensi\u00f3n independiente en el eje delantero y el eje r\u00edgido de la parte trasera, lo que lo hace \u00abextremadamente apto\u00bb para conducir en cualquier terreno.<\/p>\n<p>\u00ab\u00a1Viajamos hacia el futuro con el nuevo EQG!\u00bb, proclama Gorden Wagener, director de dise\u00f1o de Daimler AG, de la que es filial Mercedes-Benz, en un comunicado. \u00abEste autom\u00f3vil personifica la fusi\u00f3n de las capacidades todoterreno de \u00faltima generaci\u00f3n con el comienzo de la movilidad el\u00e9ctrica por la que todos debemos luchar\u00bb, a\u00f1ade.<\/p>\n<h3><strong>\u00abAbsolutamente fascinante\u00bb<\/strong><\/h3>\n<div class=\"ReadMore-root Section-root Section-is1to3-xs_is1to1\" data-widgets=\"ReadMore\">\n<div class=\"Section-container Section-isRow-isTop-isWrap\">\n<article class=\"Card-root Card-is1to1 \">\n<div class=\"Card-imageWrap\">\n<div class=\"Card-picture\"> <picture class=\"Picture-root Picture-default\"><!--[if IE 9]><video style=\"display: none;\"><![endif]--><source media=\"(-webkit-min-device-pixel-ratio: 2) and (min-resolution: 120dpi)\" srcset=\"http:\/\/cordobainforma.info\/wp-content\/uploads\/2021\/09\/viajamos-hacia-el-futuro-con-el-nuevo-eqg-mercedes-benz-presenta-su-nuevo-todoterreno-electrico-video-2.jpg 850w, http:\/\/cordobainforma.info\/wp-content\/uploads\/2021\/09\/viajamos-hacia-el-futuro-con-el-nuevo-eqg-mercedes-benz-presenta-su-nuevo-todoterreno-electrico-video-3.jpg 1960w\"><source srcset=\"http:\/\/cordobainforma.info\/wp-content\/uploads\/2021\/09\/viajamos-hacia-el-futuro-con-el-nuevo-eqg-mercedes-benz-presenta-su-nuevo-todoterreno-electrico-video-2.jpg 460w, http:\/\/cordobainforma.info\/wp-content\/uploads\/2021\/09\/viajamos-hacia-el-futuro-con-el-nuevo-eqg-mercedes-benz-presenta-su-nuevo-todoterreno-electrico-video-3.jpg 980w\"><!--[if IE 9]><\/video><![endif]--><img data-sizes=\"auto\" src=\"http:\/\/cordobainforma.info\/wp-content\/uploads\/2021\/09\/viajamos-hacia-el-futuro-con-el-nuevo-eqg-mercedes-benz-presenta-su-nuevo-todoterreno-electrico-video-2.jpg\" class=\"Picture-root Picture-default lazyload\" alt=\"El coche el\u00e9ctrico EQS de Mercedes-Benz adelanta al Tesla Model S en dos caracter\u00edsticas clave\"><\/picture><!-- noscript pattern --><noscript><img src=\"http:\/\/cordobainforma.info\/wp-content\/uploads\/2021\/09\/viajamos-hacia-el-futuro-con-el-nuevo-eqg-mercedes-benz-presenta-su-nuevo-todoterreno-electrico-video-3.jpg\" alt=\"El coche el\u00e9ctrico EQS de Mercedes-Benz adelanta al Tesla Model S en dos caracter\u00edsticas clave\"><\/noscript> <\/div><\/div>\n<\/article><\/div><\/div>\n<p>En este sentido, asegura el principal objetivo a la hora de dise\u00f1ar el nuevo modelo ha sido mantener el ADN completo de la Clase G, fabricado desde 1978, complement\u00e1ndolo con la \u00faltima tecnolog\u00eda.<\/p>\n<p>\u00ab<strong>Estamos orgullosos<\/strong> de los m\u00e1s de 400.000 &#8216;G&#8217; que hemos producido hasta la fecha\u00bb, declar\u00f3 por su parte Emmerich Schiller, director gerente de Mercedes-Benz y jefe de la divisi\u00f3n de productos de veh\u00edculos todoterreno de la compa\u00f1\u00eda.<\/p>\n<p>Schiller se\u00f1al\u00f3 que en sus m\u00e1s de cuatro d\u00e9cadas de historia, el Clase G siempre ha utilizado la tecnolog\u00eda de propulsi\u00f3n m\u00e1s moderna y adecuada disponible en cada momento. En este sentido, no dud\u00f3 en describir el nuevo Concept EQG como \u00ababsolutamente fascinante\u00bb.<\/p>\n<p><strong><em>\u00bfTe ha parecido interesante? \u00a1D\u00e9janos tu opini\u00f3n en los comentarios!<\/em><\/strong><\/p>\n<\/div>\n","protected":false},"excerpt":{"rendered":"<p>Publicado: 6 sep 2021 02:04 GMT El veh\u00edculo posee unas llantas de aleaci\u00f3n de aluminio pulido de 55,88 cent\u00edmetros y es \u00abextremadamente apto\u00bb para conducir en cualquier terreno. El fabricante de veh\u00edculos alem\u00e1n Mercedes-Benz&nbsp;ha presentado este domingo cuatro nuevos modelos en el Sal\u00f3n Internacional del Autom\u00f3vil, que tiene lugar entre el 7 y el 12 [&hellip;]<\/p>\n","protected":false},"author":1,"featured_media":20515,"comment_status":"closed","ping_status":"closed","sticky":false,"template":"","format":"standard","meta":[],"categories":[22],"tags":[],"_links":{"self":[{"href":"http:\/\/cordobainforma.info\/index.php\/wp-json\/wp\/v2\/posts\/20514"}],"collection":[{"href":"http:\/\/cordobainforma.info\/index.php\/wp-json\/wp\/v2\/posts"}],"about":[{"href":"http:\/\/cordobainforma.info\/index.php\/wp-json\/wp\/v2\/types\/post"}],"author":[{"embeddable":true,"href":"http:\/\/cordobainforma.info\/index.php\/wp-json\/wp\/v2\/users\/1"}],"replies":[{"embeddable":true,"href":"http:\/\/cordobainforma.info\/index.php\/wp-json\/wp\/v2\/comments?post=20514"}],"version-history":[{"count":0,"href":"http:\/\/cordobainforma.info\/index.php\/wp-json\/wp\/v2\/posts\/20514\/revisions"}],"wp:featuredmedia":[{"embeddable":true,"href":"http:\/\/cordobainforma.info\/index.php\/wp-json\/wp\/v2\/media\/20515"}],"wp:attachment":[{"href":"http:\/\/cordobainforma.info\/index.php\/wp-json\/wp\/v2\/media?parent=20514"}],"wp:term":[{"taxonomy":"category","embeddable":true,"href":"http:\/\/cordobainforma.info\/index.php\/wp-json\/wp\/v2\/categories?post=20514"},{"taxonomy":"post_tag","embeddable":true,"href":"http:\/\/cordobainforma.info\/index.php\/wp-json\/wp\/v2\/tags?post=20514"}],"curies":[{"name":"wp","href":"https:\/\/api.w.org\/{rel}","templated":true}]}}