{"id":2051,"date":"2020-10-13T12:04:44","date_gmt":"2020-10-13T12:04:44","guid":{"rendered":"https:\/\/www.perfil.com\/noticias\/politica\/diputados-avanza-en-la-discusion-del-presupuesto-2021.phtml"},"modified":"2020-10-13T12:04:44","modified_gmt":"2020-10-13T12:04:44","slug":"diputados-avanza-en-la-discusion-del-presupuesto-2021","status":"publish","type":"post","link":"http:\/\/cordobainforma.info\/index.php\/2020\/10\/13\/diputados-avanza-en-la-discusion-del-presupuesto-2021\/","title":{"rendered":"Diputados avanza en la discusi\u00f3n del Presupuesto 2021"},"content":{"rendered":"<p><img src=\"http:\/\/cordobainforma.info\/wp-content\/uploads\/2020\/10\/diputados-avanza-en-la-discusion-del-presupuesto-2021.jpg\"><\/p>\n<div><img src=\"http:\/\/cordobainforma.info\/wp-content\/uploads\/2020\/10\/diputados-avanza-en-la-discusion-del-presupuesto-2021-2.jpg\" class=\"ff-og-image-inserted\"><\/div>\n<aside class=\"relatedPost\">\n<h3>Noticias Relacionadas<\/h3>\n<\/aside>\n<p>La <strong>Comisi\u00f3n de Presupuesto y Hacienda de Diputados<\/strong> comenzar\u00e1 a discutir este martes 13 de octubre los <strong>aspectos centrales del Presupuesto 2021<\/strong>, que contempla un gasto total de m\u00e1s de $ 8 billones y un crecimiento de la econom\u00eda del 5,5%, y que el oficialismo aspira a sancionar antes de fin de mes.<\/p>\n<p>La reuni\u00f3n de la comisi\u00f3n que preside<strong> Carlos Heller (Frente de Todos) fue citada a partir de las 11 <\/strong>para comenzar a tratar cada uno de los 93 art\u00edculos del proyecto, que detallan los gastos y recursos previstos en el primer presupuesto dise\u00f1ado por el Gobierno nacional.<\/p>\n<p>De acuerdo con el esquema de trabajo,<strong> se requerir\u00e1n al menos dos reuniones previas a emitir el dictamen<\/strong>, dado que se buscar\u00e1 alcanzar acuerdos con los bloques provinciales a fin de asegurar la mayor\u00eda para la sanci\u00f3n de esta iniciativa, teniendo en cuenta la paridad que existe entre el Frente de Todos y Juntos por el Cambio.<\/p>\n<p class=\"destacadoNota\"><a target=\"_blank\" href=\"https:\/\/www.perfil.com\/noticias\/economia\/15-septiembre-el-gobierno-presentara-el-proyecto-de-presupuesto-2021-en-el-congreso.phtml\" rel=\"noopener noreferrer\">Presupuesto: los tres temas econ\u00f3micos clave que el Ejecutivo llev\u00f3 al Congreso<\/a><\/p>\n<p>La intenci\u00f3n del <strong>presidente de la C\u00e1mara, Sergio Massa<\/strong>, es votar el proyecto en octubre, pero en forma previa deber\u00e1 definir c\u00f3mo se har\u00e1 esa sesi\u00f3n, ya que Juntos por el Cambio pidi\u00f3 hacerlo en forma presencial en lugar de virtual, como se realiza desde el comienzo de la pandemia.<\/p>\n<p>Junto al Presupuesto 2021 se tratar\u00e1 el proyecto de <strong>Aporte Solidario y Extraordinario de las grandes fortunas<\/strong>, que establece un pago por \u00fanica vez a los patrimonios superiores a $ 200 millones, con el fin de recaudar unos $ 303.000 millones para reforzar planes sanitarios, productivos y educacionales.<\/p>\n<p>La redacci\u00f3n del dictamen del Presupuesto 2021 <strong>tendr\u00e1 lugar tras las reuniones informativas <\/strong>con los ministros de Econom\u00eda, Mart\u00edn Guzm\u00e1n; de Desarrollo Productivo, Mat\u00edas Kulfas; de Desarrollo Social, Daniel Arroyo; de Obras P\u00fablicas, Gabriel Katopodis; y funcionarios del equipo econ\u00f3mico.<\/p>\n<p>El <strong>Frente de Todos tiene 117 votos propios<\/strong>, teniendo en cuenta la licencia del presidente del BICE, Jos\u00e9 Ignacio De Mendiguren, y que el presidente de la C\u00e1mara, Sergio Massa, s\u00f3lo vota en caso de desempate, mientras Juntos por el Cambio suma 116.<\/p>\n<p class=\"destacadoNota\"><a target=\"_blank\" href=\"https:\/\/www.perfil.com\/noticias\/economia\/el-problema-del-presupuesto-argentino-es-que-resulta-tan-solo-una-ficcion.phtml\" rel=\"noopener noreferrer\">El problema del presupuesto argentino es que resulta tan s\u00f3lo una ficci\u00f3n<\/a><\/p>\n<p>En ese marco, los votos de los interbloques <strong>Federal y Federal para el Desarrollo <\/strong>adquieren una fuerte relevancia, al convertirse en los \u00e1rbitros para definir la aprobaci\u00f3n del Presupuesto y as\u00ed no depender de la decisi\u00f3n de Juntos por el Cambio.<\/p>\n<p>Como se pudo observar en las <strong>primeras reuniones informativas, el principal reclamo,<\/strong> no s\u00f3lo de los diputados opositores sino del propio oficialismo, est\u00e1 centrado en las obras p\u00fablicas previstas en el Presupuesto, ya que todos los legisladores quieren asegurar que sus distritos cuenten con esos recursos.<\/p>\n<p>El Gobierno dar\u00e1<strong> un fuerte impulso a las obras de infraestructura<\/strong> como clave para el desarrollo econ\u00f3mico y la generaci\u00f3n de empleo, en un momento de crisis como consecuencia de la pandemia de Covid-19.<\/p>\n","protected":false},"excerpt":{"rendered":"<p>Noticias Relacionadas La Comisi\u00f3n de Presupuesto y Hacienda de Diputados comenzar\u00e1 a discutir este martes 13 de octubre los aspectos centrales del Presupuesto 2021, que contempla un gasto total de m\u00e1s de $ 8 billones y un crecimiento de la econom\u00eda del 5,5%, y que el oficialismo aspira a sancionar antes de fin de mes. [&hellip;]<\/p>\n","protected":false},"author":1,"featured_media":2052,"comment_status":"open","ping_status":"closed","sticky":false,"template":"","format":"standard","meta":[],"categories":[2],"tags":[],"_links":{"self":[{"href":"http:\/\/cordobainforma.info\/index.php\/wp-json\/wp\/v2\/posts\/2051"}],"collection":[{"href":"http:\/\/cordobainforma.info\/index.php\/wp-json\/wp\/v2\/posts"}],"about":[{"href":"http:\/\/cordobainforma.info\/index.php\/wp-json\/wp\/v2\/types\/post"}],"author":[{"embeddable":true,"href":"http:\/\/cordobainforma.info\/index.php\/wp-json\/wp\/v2\/users\/1"}],"replies":[{"embeddable":true,"href":"http:\/\/cordobainforma.info\/index.php\/wp-json\/wp\/v2\/comments?post=2051"}],"version-history":[{"count":0,"href":"http:\/\/cordobainforma.info\/index.php\/wp-json\/wp\/v2\/posts\/2051\/revisions"}],"wp:featuredmedia":[{"embeddable":true,"href":"http:\/\/cordobainforma.info\/index.php\/wp-json\/wp\/v2\/media\/2052"}],"wp:attachment":[{"href":"http:\/\/cordobainforma.info\/index.php\/wp-json\/wp\/v2\/media?parent=2051"}],"wp:term":[{"taxonomy":"category","embeddable":true,"href":"http:\/\/cordobainforma.info\/index.php\/wp-json\/wp\/v2\/categories?post=2051"},{"taxonomy":"post_tag","embeddable":true,"href":"http:\/\/cordobainforma.info\/index.php\/wp-json\/wp\/v2\/tags?post=2051"}],"curies":[{"name":"wp","href":"https:\/\/api.w.org\/{rel}","templated":true}]}}