{"id":20409,"date":"2021-09-04T14:15:00","date_gmt":"2021-09-04T14:15:00","guid":{"rendered":"https:\/\/elobjetivo.com.ar\/contenido\/38903\/que-dijo-scaloni-sobre-el-equipo-para-enfrentar-a-brasil-y-el-estado-de-messi-tr"},"modified":"2021-09-04T14:15:00","modified_gmt":"2021-09-04T14:15:00","slug":"que-dijo-scaloni-sobre-el-equipo-para-enfrentar-a-brasil-y-el-estado-de-messi-tras-la-patada","status":"publish","type":"post","link":"http:\/\/cordobainforma.info\/index.php\/2021\/09\/04\/que-dijo-scaloni-sobre-el-equipo-para-enfrentar-a-brasil-y-el-estado-de-messi-tras-la-patada\/","title":{"rendered":"Qu\u00e9 dijo Scaloni sobre el equipo para enfrentar a Brasil y el estado de Messi tras la patada"},"content":{"rendered":"<p><img src=\"http:\/\/cordobainforma.info\/wp-content\/uploads\/2021\/09\/que-dijo-scaloni-sobre-el-equipo-para-enfrentar-a-brasil-y-el-estado-de-messi-tras-la-patada.jpg\"><\/p>\n<div><img src=\"http:\/\/cordobainforma.info\/wp-content\/uploads\/2021\/09\/que-dijo-scaloni-sobre-el-equipo-para-enfrentar-a-brasil-y-el-estado-de-messi-tras-la-patada.jpg\" class=\"ff-og-image-inserted\"><\/div>\n<p>El entrenador de la Selecci\u00f3n argentina, Lionel Scaloni, evit\u00f3 este s\u00e1bado confirmar el equipo para visitar este domingo a Brasil, aunque anticip\u00f3 \u00abalgunos cambios\u00bb debido a la seguidilla de partidos de esta ventana de las Eliminatorias sudamericanas.<\/p>\n<p>Adem\u00e1s, Scaloni argument\u00f3 que luego de la goleada ante Venezuela no pudo realizar un entrenamiento con quienes jugaron ese duelo, ya que el viernes descansaron e hicieron trabajos regenerativos, entre ellos el capit\u00e1n Lionel Messi, que reconoci\u00f3 que est\u00e1 \u00abbien\u00bb, luego de la brutal patada que recibi\u00f3 en Caracas.<\/p>\n<p>\u00abTengo una idea de c\u00f3mo formar\u00e1 el equipo, pero todav\u00eda no pudimos hacer un entrenamiento con los que jugaron frente a Venezuela. Probablemente haremos algunos cambios pensando en la continuidad de partidos\u00bb, explic\u00f3 Scaloni, en conferencia de prensa.<\/p>\n<p>Y, sobre la \u00abPulga\u00bb rosarina\u00bb, complet\u00f3: \u00abLeo Messi est\u00e1 bien. Fue un susto, pero por suerte est\u00e1 bien. Confirmaremos su condici\u00f3n al 100 por ciento esta tarde, cuando hagamos trabajos de campo\u00bb.<\/p>\n<p>En ese sentido, si bien no lo confirm\u00f3, Scaloni plantear\u00eda dos modificaciones con los ingresos de Cristian \u00abCuti\u00bb Romero y Leandro Paredes, quienes por estar suspendidos no formaron parte del once inicial en el 3-1 contra Venezuela.<\/p>\n<p>\u00abCuti\u00bb Romero ingresar\u00e1 por Germ\u00e1n Pezzella y Paredes lo har\u00eda por Guido Rodr\u00edguez, para ocupar la zaga central y el centro del mediocampo, dos sectores vitales en la reciente victoria contra Brasil del 10 de julio en el estadio \u00abMaracan\u00e1\u00bb, cuando Argentina se consagr\u00f3 campe\u00f3n de la Copa Am\u00e9rica despu\u00e9s de 28 a\u00f1os.<\/p>\n<p>El entrenador santafesino tambi\u00e9n respondi\u00f3 acerca de c\u00f3mo empuja el compromiso de los futbolistas despu\u00e9s de haber conseguido ese t\u00edtulo. \u00abAl final ganamos la Copa y tuvimos que ir a Venezuela a ganar el partido y ser protagonistas. Ahora hay que seguir intentando ganar y dejando una buena imagen, esto no acaba. Ganando la Copa no es que te tir\u00e1s por ah\u00ed, porque estos chicos est\u00e1n acostumbrados a competir, y tenemos que seguir exigiendo\u00bb, asegur\u00f3.<\/p>\n<p>Pero igualmente, aclar\u00f3 que \u00absumar\u00bb es el principal objetivo de esta visita a San Pablo, por lo que se infiri\u00f3 que no ver\u00eda con malos ojos un empate ante Brasil, que lleva seis puntos en la tabla de posiciones, porque gan\u00f3 los siete encuentros que disput\u00f3.<\/p>\n<p>\u00abHoy pensamos en sumar, m\u00e1s all\u00e1 de alcanzar o no al l\u00edder; el objetivo primordial es clasificar al Mundial y c\u00f3mo llegar a hacerlo. Juegue quien juegue, Brasil siempre es un rival importante. Viene de una racha positiva incre\u00edble y demuestra estar a la altura por sus jugadores de enorme calidad. Afrontaremos el partido con la m\u00e1xima exigencia\u00bb, explic\u00f3.<\/p>\n<p>Y complet\u00f3: \u00abBrasil sigue siendo uno de los mejores equipos del mundo. El buscar soluciones (por la falta de jugadores) enriquece a los entrenadores\u00bb.<\/p>\n<p>Por \u00faltimo, Scaloni se refiri\u00f3 a dos temas importantes y de agenda: el boicot de las Ligas europeas a la entrega de futbolistas y el retorno del p\u00fablico a los estadios para el duelo contra Bolivia, el jueves que viene en el estadio \u00abMonumental\u00bb.<\/p>\n<p>\u00abImagino que se tomar\u00e1 una postura clara e inflexible de cara a la siguiente fecha FIFA\u00bb, lanz\u00f3 Scaloni, para evitar que vuelva a ocurrir lo de esta ventana, con tres partidos en ocho d\u00edas.<\/p>\n<p>\u00abLo m\u00e1s lindo es que la gente pueda volver a la cancha, para ver a la Selecci\u00f3n, a sus \u00eddolos. Despu\u00e9s de haber ganado la Copa no tuvimos casi acceso a la gente; es un buen momento para que quienes vayan a la cancha tengan cerca a sus jugadores\u00bb, cerr\u00f3.<\/p>\n","protected":false},"excerpt":{"rendered":"<p>El entrenador de la Selecci\u00f3n argentina, Lionel Scaloni, evit\u00f3 este s\u00e1bado confirmar el equipo para visitar este domingo a Brasil, aunque anticip\u00f3 \u00abalgunos cambios\u00bb debido a la seguidilla de partidos de esta ventana de las Eliminatorias sudamericanas. Adem\u00e1s, Scaloni argument\u00f3 que luego de la goleada ante Venezuela no pudo realizar un entrenamiento con quienes jugaron [&hellip;]<\/p>\n","protected":false},"author":1,"featured_media":20410,"comment_status":"open","ping_status":"closed","sticky":false,"template":"","format":"standard","meta":[],"categories":[20],"tags":[],"_links":{"self":[{"href":"http:\/\/cordobainforma.info\/index.php\/wp-json\/wp\/v2\/posts\/20409"}],"collection":[{"href":"http:\/\/cordobainforma.info\/index.php\/wp-json\/wp\/v2\/posts"}],"about":[{"href":"http:\/\/cordobainforma.info\/index.php\/wp-json\/wp\/v2\/types\/post"}],"author":[{"embeddable":true,"href":"http:\/\/cordobainforma.info\/index.php\/wp-json\/wp\/v2\/users\/1"}],"replies":[{"embeddable":true,"href":"http:\/\/cordobainforma.info\/index.php\/wp-json\/wp\/v2\/comments?post=20409"}],"version-history":[{"count":0,"href":"http:\/\/cordobainforma.info\/index.php\/wp-json\/wp\/v2\/posts\/20409\/revisions"}],"wp:featuredmedia":[{"embeddable":true,"href":"http:\/\/cordobainforma.info\/index.php\/wp-json\/wp\/v2\/media\/20410"}],"wp:attachment":[{"href":"http:\/\/cordobainforma.info\/index.php\/wp-json\/wp\/v2\/media?parent=20409"}],"wp:term":[{"taxonomy":"category","embeddable":true,"href":"http:\/\/cordobainforma.info\/index.php\/wp-json\/wp\/v2\/categories?post=20409"},{"taxonomy":"post_tag","embeddable":true,"href":"http:\/\/cordobainforma.info\/index.php\/wp-json\/wp\/v2\/tags?post=20409"}],"curies":[{"name":"wp","href":"https:\/\/api.w.org\/{rel}","templated":true}]}}