{"id":20384,"date":"2021-09-04T14:00:00","date_gmt":"2021-09-04T14:00:00","guid":{"rendered":"https:\/\/somoscordobeses.com\/2021\/09\/04\/murio-la-galeria-del-este-y-solo-la-habita-un-fantasma\/"},"modified":"2021-09-04T14:00:00","modified_gmt":"2021-09-04T14:00:00","slug":"murio-la-galeria-del-este-y-solo-la-habita-un-fantasma","status":"publish","type":"post","link":"http:\/\/cordobainforma.info\/index.php\/2021\/09\/04\/murio-la-galeria-del-este-y-solo-la-habita-un-fantasma\/","title":{"rendered":"Muri\u00f3 la Galer\u00eda del Este y s\u00f3lo la habita un fantasma"},"content":{"rendered":"<div>\n<p>Algo extra\u00f1o ocurre en esta ciudad de insaciable rotaci\u00f3n comercial, donde puede que haya locales jact\u00e1ndose en ingl\u00e9s y sin el menor orgullo ir\u00f3nico: <em>\u201cSince 2014\u201d<\/em>. <strong>Vamos en busca de <\/strong><em><strong>El Agujerito<\/strong>,<\/em> la m\u00edtica disquer\u00eda de 3\u00d72 que est\u00e1 en la no menos legendaria<strong> <\/strong><strong>Galer\u00eda del Este desde<\/strong> (since) 1969. M\u00e1s que una disquer\u00eda, un s\u00edmbolo de resistencia, nos dice Andr\u00e9s Calamaro.<\/p>\n<p> Camino al centro pensamos que las distintas vueltas de la vida lograron que el vinilo, con su sensual formato f\u00edsico, tonificara cierta clase de negocio en permanente v\u00eda de extinci\u00f3n. Lo hemos comprobado en una calle cualquiera: un <em>elep\u00e9<\/em> sobaquero de Vilma Palma es como llevar el Ser y la Nada bajo el brazo.<\/p>\n<p>S\u00f3lo Godot sabe por qu\u00e9 las disquer\u00edas tuvieron otra chance. O tal vez todos los negocios tengan sus 15 minutos de reparaci\u00f3n hist\u00f3rica. De ser as\u00ed, qui\u00e9n sabe, <strong>pronto llegue el turno de los parripollos<\/strong>.<\/p>\n<div>\n<div>\n<figure> <\/figure><figcaption>\n<p>La Galer\u00eda del Este, donde hoy est\u00e1 el fantasma de Mario, reuni\u00f3 a la fauna extravagante porte\u00f1a. Y a Borges: excepci\u00f3n a la regla. <\/p>\n<\/figcaption><\/div>\n<\/div>\n<h2>Nombres a prueba de <em>centennials<\/em><\/h2>\n<p> Sin decir tu edad, mencion\u00e1 algo que los <em>centennials<\/em> no entiendan: Casa T\u00eda, Eduardo Sport, helados Lollipop, botines Sacachispas, Ginebra Llave, Vascolet, disquer\u00eda El Agujerito.<\/p>\n<p> \u201c<em>Peperina<\/em>, de Seru Giran, fui a comprarlo el d\u00eda que sali\u00f3 a El Agujerito en la calle Maip\u00fa\u201d, nos dicen puntuales 40 a\u00f1os despu\u00e9s de la aparici\u00f3n de ese disco.<\/p>\n<p> <strong>Hemos visto a famosos en&nbsp;lugares extra\u00f1os<\/strong>: Robert Duvall en una sastrer\u00eda de Recoleta. Luca en el Colegio de Escribanos. Fern\u00e1ndez Meijide en El Agujerito. Natacha Jaitt en una pancher\u00eda al lado de la cancha de V\u00e9lez. Al nene de <em>Sexto Sentido <\/em>(Haley Joel Osment) en una cervecer\u00eda en San Telmo.<\/p>\n<p>Se escribi\u00f3 que El Agujerito fue fundado por Susana Silva y <strong>los hermanos Epstein <\/strong>como disquer\u00eda especializada en jazz y rock. Siempre estuvo en el <em>local 10<\/em> de la Galer\u00eda del Este y se caracteriza(ba) por piezas fabulosas, importadas e inhallables.<\/p>\n<p>Seg\u00fan cuenta la leyenda \u2013El Agujerito lo es-, el logo del local fue dise\u00f1ado por <strong>Luis Felipe No\u00e9 <\/strong>con \u201cest\u00e9tica psicod\u00e9lica\u201d. Se dijo m\u00e1s: su sola existencia era un llamador de \u00e1ngeles para mel\u00f3manos y buscadores de tesoros.<\/p>\n<h2>Una foto en sepia<\/h2>\n<p> Llegamos a la Galer\u00eda del Este un martes a las 15.45. Todo a media luz. <strong>Ni Federico Manuel Peralta Ramos hubiera imaginado l\u00fagubre a este lugar<\/strong>. Lo \u00fanico que est\u00e1 bien iluminado es el ba\u00f1o. Peg\u00e1s un grito y se escucha el eco.<\/p>\n<p> Una foto en sepia. \u201cEmpez\u00e1bamos a la tardecita en la Manzana Loca, alrededor del Instituto Di Tella: el bar de la Galer\u00eda del Este, el Florida Garden, el Moderno. Despu\u00e9s desembarc\u00e1bamos en la avenida Corrientes\u201d, nos contaba <strong>Javier Mart\u00ednez<\/strong>, de Manal.<\/p>\n<p> Hasta <strong>ser\u00eda preferible que est\u00e9 legalmente cerrada<\/strong>. Trist\u00edsimo panorama. La Galer\u00eda del Este se suma a la pena que nos da la calle Florida.<em> El Agujerito<\/em>: toc\u00e1s la vidriera del santuario como si se tratara de un animal asustado y te qued\u00e1s ah\u00ed pachucho, sin posibilidades de escribir una cr\u00f3nica de viaje ni una cr\u00f3nica de viejo.<\/p>\n<p>-No abre hace como dos a\u00f1os. <strong>De 30 locales no m\u00e1s de cuatro est\u00e1n abiertos.<\/strong><\/p>\n<h2>Un fantasma que habla\u200b<br \/><\/h2>\n<p> Una voz por encima de la espalda da entender que no estamos tan solos. El tipo parece relativamente inofensivo. Mediana estatura, barba candado, la gorra apenas m\u00e1s grande que un kip\u00e1.<\/p>\n<p> <strong>-\u00bfUsted dice que los dem\u00e1s est\u00e1n vac\u00edos?<\/strong><\/p>\n<p> -Digo que<strong> lo \u00fanico que tiene trabajo en la Argentina hoy es la ignorancia<\/strong>.<\/p>\n<p> <strong>-Perd\u00f3n, creo que lo tengo visto de alguna parte, \u00bfpuede ser?<\/strong><\/p>\n<p> -Puede ser. Soy el fantasma de Galer\u00eda del Este. <strong>Mario Salcedo<\/strong>, mucho gusto.<\/p>\n<div>\n<div>\n<figure> <\/figure><figcaption>\n<p>Soda Stereo, en sus comienzos, ensayaba en la Galer\u00eda del Este. <\/p>\n<\/figcaption><\/div>\n<\/div>\n<p> Nos invita a tomar asiento en una de las sillas del barcito famoso donde se sentaba Borges. El escritor viv\u00eda enfrente, nom\u00e1s cruzar la calle Maip\u00fa. Sobre las mesas hay tres pocillos, pero el bar \u2013y casi todo lo dem\u00e1s- se encuentra cerrado. Las tazas, dice, no se pueden tocar. \u201cSon como instalaciones que fijan testimonio de un \u00faltimo caf\u00e9\u201d.<\/p>\n<p> <strong>-\u00bfTrabaj\u00e1s ac\u00e1?<\/strong><\/p>\n<p> -Trabajaba. Estoy en la galer\u00eda desde 1968. El Agujerito abri\u00f3 reci\u00e9n un a\u00f1o despu\u00e9s.<\/p>\n<p> <strong>-\u00bfQu\u00e9 est\u00e1 pasando, Mario?<\/strong><\/p>\n<p> -Esto muri\u00f3 \u2013dice con una risa espeluznante-. \u00bfSab\u00e9s lo que es ahora la <em>Librer\u00eda de La Ciudad<\/em>, donde Garc\u00eda M\u00e1rquez firm\u00f3 la primera edici\u00f3n de <em>Cien a\u00f1os de soledad<\/em> y donde Borges pr\u00e1cticamente viv\u00eda?<\/p>\n<p> <strong>-No.<\/strong><\/p>\n<p>-La tiene un muchacho que vende discos usados\u2026<\/p>\n<h2>Objeto de estudio<\/h2>\n<p> Caminamos como <em>flaneurs<\/em> por los pasillos sombr\u00edos mientras nos cuenta que es la quinta nota que le hacen en dos meses. Que as\u00ed como uno lleg\u00f3 para saber sobre determinado local c\u00e9lebre, ni por casualidad somos los \u00fanicos memoriosos.<\/p>\n<p> \u2013<strong>\u00bfLa atracci\u00f3n de lo \u201cvintage\u201d?<\/strong> \u2013le sugerimos sin ansiedad.<\/p>\n<p>-Te pido por favor un poco m\u00e1s de respeto\u2026<\/p>\n<p> Mario tiene 76 a\u00f1os y una cara entre Jos\u00e9 Luis Gioia y el genial Ricardo Becher. \u201cSe est\u00e1 haciendo un documental sobre la galer\u00eda. Este sitio&nbsp;es importante de verdad\u201d.<\/p>\n<p> Su misi\u00f3n en lo que le queda, dice el fantasma, es rescatar los tesoros de una \u00e9poca y un lugar bien determinados.<\/p>\n<p>-El cantante de Virus,<strong> Federico Moura<\/strong>, ten\u00eda un local de ropa y una productora justo detr\u00e1s tuyo. En esa mesa empez\u00f3 la historia de <strong>Soda Stereo<\/strong>. Moura les produjo el primer disco y Soda ensayaba en un s\u00f3tano que est\u00e1 ac\u00e1 abajo. El bar donde estamos \u2013dice como un gu\u00eda de turismo- se llamaba <em>Barbudos <\/em>y Borges, que ven\u00eda todos los d\u00edas, preguntaba por m\u00ed\u2026<\/p>\n<p> <strong>-\u00bfPor qu\u00e9?<\/strong><\/p>\n<p> -Porque yo era sus ojos dentro de la galer\u00eda.<\/p>\n<p> <strong>Borges se cruz\u00f3 con Spinetta y con Javier Mart\u00ednez<\/strong>, de Manal, a instancias de Mario.<\/p>\n<p> <em>-\u00bfY usted a qu\u00e9 se dedica? \u2013quiso saber Borges.<\/em><\/p>\n<p> <em>-Yo hago canci\u00f3n de protesta \u2013respondi\u00f3 Mart\u00ednez.<\/em><\/p>\n<p><em>-Ah, fijes\u00e9, yo ni siquiera me animo a protestar.<\/em><\/p>\n<h2>La \u201csegunda casa\u201d de Borges\u200b<br \/><\/h2>\n<p> Fue la \u201csegunda casa\u201d del ilustre escritor. Leemos que en el primer piso de la galer\u00eda <strong>acostumbraba dar sus conferencias gratuitas<\/strong>, en un espacio que siempre llenaban unas cien personas. Otro dato: por la galer\u00eda donde ahora somos s\u00f3lo dos, diariamente pasaban unas ocho mil personas.<\/p>\n<p>Corr\u00eda 1975 y Borges iba a firmar ejemplares en la librer\u00eda de la Galer\u00eda del Este. El reconocido periodista <strong>Enrique Raab<\/strong> trabajaba para el diario <em>La Opini\u00f3n<\/em>.<\/p>\n<p>\u201cCasi a las 18.30, Jorge Luis Borges avanz\u00f3 por la galer\u00eda (\u2026) La ceremonia no transcurri\u00f3 sin incidentes. Por razones desconocidas, la disquer\u00eda El Agujerito, ubicada frente a la librer\u00eda, interrumpi\u00f3 sus emisiones de Pink Floyd y de Mae MacGraw y esper\u00f3 la entrada de Borges para colocar en el plato del tocadiscos <strong>la versi\u00f3n de <em>La marcha peronista <\/em><\/strong>cantada por Hugo del Carril. Borges decidi\u00f3 no darse cuenta\u201d.<\/p>\n<p> -Fui yo el de la idea \u2013interrumpe el fantasma-. Se lo di a <strong>Juan Carlos Diez<\/strong>, que ahora es periodista y escritor, pero en ese entonces trabajaba en El Agujerito.<\/p>\n<p> <strong>-\u00bfQuer\u00edas molestarlo?<\/strong><\/p>\n<div>\n<div>\n<figure> <\/figure><figcaption>\n<p>La c\u00e9lebre Librer\u00eda de la Ciudad, convertida en tienda de discos. <\/p>\n<\/figcaption><\/div>\n<\/div>\n<p> -\u00a1No querido! \u00a1Le salvamos la vida! En esa presentaci\u00f3n <strong>hab\u00eda unos muchachos que vinieron armados.<\/strong> Yo les vi las intenciones y quise demostrar algo que no muchos saben:<strong> Borges no era ning\u00fan gorila<\/strong>. Resulta que no bien empez\u00f3 a sonar la marcha, los muchachos se pusieron a cantarla y despu\u00e9s, inmediatamente, se fueron.<\/p>\n<p> Las vidrieras de <em>El Agujerito<\/em> todav\u00eda est\u00e1n tapizadas de discos. No parece un local fundido ni desarmado. \u201cCreo que atienden <em>online<\/em>. Tiene un tel\u00e9fono pegado en la vidriera. Pero al p\u00fablico no abri\u00f3 m\u00e1s\u201d.<\/p>\n<p> <strong>-\u00bfQui\u00e9n fue el personaje m\u00e1s espectacular que viste pasar por la galer\u00eda?<\/strong><\/p>\n<p> -El Padre Mugica. Rodolfo Walsh. No te voy a decir Charly, porque Garc\u00eda ven\u00eda a cada rato. Yo mismo vi entrar al Agujerito a Bill Evans. <strong>Spinetta ven\u00eda mucho, pero iba a comprar libros y me ped\u00eda hablar con Borges.<\/strong> Yo manejaba al mu\u00f1eco. Si el viejo necesitaba ir a cualquier parte, lo llevaba yo. Si necesitaba un plomero, se lo consegu\u00eda.<\/p>\n<p><strong>-Jajjaja\u2026<\/strong><\/p>\n<p>-En serio te digo. Le mand\u00e9 a mi amigo Aldo, un licenciado en Letras que trabajaba de plomero. El viejo lo invit\u00f3 a tomar el t\u00e9. Qued\u00f3 encantado y al otro d\u00eda me lo agradeci\u00f3:<em> \u201cLe voy a tener que dar la raz\u00f3n a Per\u00f3n: \u00a1Flor de cultura ten\u00eda ese obrero!\u201d<\/em><\/p>\n<p><em>E.S.\u200b<\/em><\/p>\n<div>\n<h2>TEMAS QUE APARECEN EN ESTA NOTA<\/h2>\n<\/div>\n<\/div>\n<nav class=\"navigation post-navigation\" role=\"navigation\" aria-label=\"Continue Reading\">\n<h2 class=\"screen-reader-text\">Continue Reading<\/h2>\n<\/nav>\n","protected":false},"excerpt":{"rendered":"<p>Algo extra\u00f1o ocurre en esta ciudad de insaciable rotaci\u00f3n comercial, donde puede que haya locales jact\u00e1ndose en ingl\u00e9s y sin el menor orgullo ir\u00f3nico: \u201cSince 2014\u201d. Vamos en busca de El Agujerito, la m\u00edtica disquer\u00eda de 3\u00d72 que est\u00e1 en la no menos legendaria Galer\u00eda del Este desde (since) 1969. M\u00e1s que una disquer\u00eda, un [&hellip;]<\/p>\n","protected":false},"author":1,"featured_media":20385,"comment_status":"closed","ping_status":"closed","sticky":false,"template":"","format":"standard","meta":[],"categories":[2],"tags":[],"_links":{"self":[{"href":"http:\/\/cordobainforma.info\/index.php\/wp-json\/wp\/v2\/posts\/20384"}],"collection":[{"href":"http:\/\/cordobainforma.info\/index.php\/wp-json\/wp\/v2\/posts"}],"about":[{"href":"http:\/\/cordobainforma.info\/index.php\/wp-json\/wp\/v2\/types\/post"}],"author":[{"embeddable":true,"href":"http:\/\/cordobainforma.info\/index.php\/wp-json\/wp\/v2\/users\/1"}],"replies":[{"embeddable":true,"href":"http:\/\/cordobainforma.info\/index.php\/wp-json\/wp\/v2\/comments?post=20384"}],"version-history":[{"count":0,"href":"http:\/\/cordobainforma.info\/index.php\/wp-json\/wp\/v2\/posts\/20384\/revisions"}],"wp:featuredmedia":[{"embeddable":true,"href":"http:\/\/cordobainforma.info\/index.php\/wp-json\/wp\/v2\/media\/20385"}],"wp:attachment":[{"href":"http:\/\/cordobainforma.info\/index.php\/wp-json\/wp\/v2\/media?parent=20384"}],"wp:term":[{"taxonomy":"category","embeddable":true,"href":"http:\/\/cordobainforma.info\/index.php\/wp-json\/wp\/v2\/categories?post=20384"},{"taxonomy":"post_tag","embeddable":true,"href":"http:\/\/cordobainforma.info\/index.php\/wp-json\/wp\/v2\/tags?post=20384"}],"curies":[{"name":"wp","href":"https:\/\/api.w.org\/{rel}","templated":true}]}}