{"id":20376,"date":"2021-09-04T03:09:14","date_gmt":"2021-09-04T03:09:14","guid":{"rendered":"http:\/\/cordobainforma.info\/index.php\/2021\/09\/04\/cuba-autoriza-el-uso-de-emergencia-de-su-vacuna-soberana-02-contra-el-coronavirus-en-menores-de-2-a-18-anos\/"},"modified":"2021-09-04T03:09:14","modified_gmt":"2021-09-04T03:09:14","slug":"cuba-autoriza-el-uso-de-emergencia-de-su-vacuna-soberana-02-contra-el-coronavirus-en-menores-de-2-a-18-anos","status":"publish","type":"post","link":"http:\/\/cordobainforma.info\/index.php\/2021\/09\/04\/cuba-autoriza-el-uso-de-emergencia-de-su-vacuna-soberana-02-contra-el-coronavirus-en-menores-de-2-a-18-anos\/","title":{"rendered":"Cuba autoriza el uso de emergencia de su vacuna Soberana 02 contra el coronavirus en menores de 2 a 18 a\u00f1os"},"content":{"rendered":"<p><img src=\"http:\/\/cordobainforma.info\/wp-content\/uploads\/2021\/09\/cuba-autoriza-el-uso-de-emergencia-de-su-vacuna-soberana-02-contra-el-coronavirus-en-menores-de-2-a-18-anos.jpg\"><\/p>\n<div><img src=\"http:\/\/cordobainforma.info\/wp-content\/uploads\/2021\/09\/cuba-autoriza-el-uso-de-emergencia-de-su-vacuna-soberana-02-contra-el-coronavirus-en-menores-de-2-a-18-anos-2.jpg\" class=\"ff-og-image-inserted\"><\/div>\n<div readability=\"32\">\n<p><span>Publicado:<\/span><time class=\"Timestamp-root Timestamp-isBlackColor \" datetime=\"2021-09-04T03:09:14+00:00\"> 4 sep 2021 03:09 GMT <\/time><\/p>\n<\/div>\n<div readability=\"34\">\n<p> La aprobaci\u00f3n se fundamenta en los resultados de los ensayos cl\u00ednicos realizados, que confirmaron \u00abla seguridad y la inmunogenicidad de la vacuna\u00bb. <\/p>\n<\/div>\n<div readability=\"44.379757785467\">\n<p>El Centro para el Control Estatal de Medicamentos, Equipos y Dispositivos M\u00e9dicos (CECMED) de Cuba ha <a href=\"https:\/\/www.cecmed.cu\/noticias\/aprueba-cecmed-autorizacion-uso-emergencia-vacuna-cubana-soberanar-02-poblacion-pediatrica\" target=\"_blank\" rel=\"nofollow noopener noreferrer\">aprobado<\/a> este viernes el uso de emergencia de la vacuna cubana Soberana 02 en menores de entre 2 y 18 a\u00f1os.<\/p>\n<p>La aprobaci\u00f3n se fundamenta en los resultados de los ensayos cl\u00ednicos realizados, que confirmaron \u00abla seguridad y la inmunogenicidad de la vacuna\u00bb aplicada en poblaci\u00f3n pedi\u00e1trica (3 a 18 a\u00f1os), y que fueron comparados con los resultados de un estudio similar de personas de entre 19 y 80 a\u00f1os, inform\u00f3 el centro.<\/p>\n<p>En este sentido, el CECMED detalla que los resultados del estudio en poblaci\u00f3n pedi\u00e1trica fueron \u00absuperiores en todas las variables inmunol\u00f3gicas\u00bb, en comparaci\u00f3n con la poblaci\u00f3n adulta y similares a la subcategor\u00eda de adultos j\u00f3venes de 19 a 29 a\u00f1os.<\/p>\n<\/div>\n","protected":false},"excerpt":{"rendered":"<p>Publicado: 4 sep 2021 03:09 GMT La aprobaci\u00f3n se fundamenta en los resultados de los ensayos cl\u00ednicos realizados, que confirmaron \u00abla seguridad y la inmunogenicidad de la vacuna\u00bb. El Centro para el Control Estatal de Medicamentos, Equipos y Dispositivos M\u00e9dicos (CECMED) de Cuba ha aprobado este viernes el uso de emergencia de la vacuna cubana [&hellip;]<\/p>\n","protected":false},"author":1,"featured_media":20377,"comment_status":"closed","ping_status":"closed","sticky":false,"template":"","format":"standard","meta":[],"categories":[22],"tags":[],"_links":{"self":[{"href":"http:\/\/cordobainforma.info\/index.php\/wp-json\/wp\/v2\/posts\/20376"}],"collection":[{"href":"http:\/\/cordobainforma.info\/index.php\/wp-json\/wp\/v2\/posts"}],"about":[{"href":"http:\/\/cordobainforma.info\/index.php\/wp-json\/wp\/v2\/types\/post"}],"author":[{"embeddable":true,"href":"http:\/\/cordobainforma.info\/index.php\/wp-json\/wp\/v2\/users\/1"}],"replies":[{"embeddable":true,"href":"http:\/\/cordobainforma.info\/index.php\/wp-json\/wp\/v2\/comments?post=20376"}],"version-history":[{"count":0,"href":"http:\/\/cordobainforma.info\/index.php\/wp-json\/wp\/v2\/posts\/20376\/revisions"}],"wp:featuredmedia":[{"embeddable":true,"href":"http:\/\/cordobainforma.info\/index.php\/wp-json\/wp\/v2\/media\/20377"}],"wp:attachment":[{"href":"http:\/\/cordobainforma.info\/index.php\/wp-json\/wp\/v2\/media?parent=20376"}],"wp:term":[{"taxonomy":"category","embeddable":true,"href":"http:\/\/cordobainforma.info\/index.php\/wp-json\/wp\/v2\/categories?post=20376"},{"taxonomy":"post_tag","embeddable":true,"href":"http:\/\/cordobainforma.info\/index.php\/wp-json\/wp\/v2\/tags?post=20376"}],"curies":[{"name":"wp","href":"https:\/\/api.w.org\/{rel}","templated":true}]}}