{"id":20374,"date":"2021-09-04T03:30:32","date_gmt":"2021-09-04T03:30:32","guid":{"rendered":"http:\/\/cordobainforma.info\/index.php\/2021\/09\/04\/chile-al-menos-13-detenidos-en-una-manifestacion-por-los-presos-politicos-del-estallido-social\/"},"modified":"2021-09-04T03:30:32","modified_gmt":"2021-09-04T03:30:32","slug":"chile-al-menos-13-detenidos-en-una-manifestacion-por-los-presos-politicos-del-estallido-social","status":"publish","type":"post","link":"http:\/\/cordobainforma.info\/index.php\/2021\/09\/04\/chile-al-menos-13-detenidos-en-una-manifestacion-por-los-presos-politicos-del-estallido-social\/","title":{"rendered":"Chile: Al menos 13 detenidos en una manifestaci\u00f3n por los presos pol\u00edticos del estallido social"},"content":{"rendered":"<div><img src=\"http:\/\/cordobainforma.info\/wp-content\/uploads\/2021\/09\/chile-al-menos-13-detenidos-en-una-manifestacion-por-los-presos-politicos-del-estallido-social.jpg\" class=\"ff-og-image-inserted\"><\/div>\n<div readability=\"32\">\n<p><span>Publicado:<\/span><time class=\"Timestamp-root Timestamp-isBlackColor \" datetime=\"2021-09-04T03:30:32+00:00\"> 4 sep 2021 03:30 GMT <\/time><\/p>\n<\/div>\n<div readability=\"53.2\">\n<p>Al menos 13 personas han sido detenidas, una de ellas por llevar un elemento incendiario, durante una manifestaci\u00f3n convocada este viernes en la Plaza Italia de Santiago de Chile para exigir la liberaci\u00f3n de los presos pol\u00edticos del estallido social de 2019-2020, informan <a href=\"https:\/\/www.latercera.com\/nacional\/noticia\/manifestaciones-en-plaza-baquedano-protestas-y-barricadas-causan-suspension-del-transito-y-cierre-de-accesos-del-metro\/TI2K2ZSJOBC5NKTKLGQPXNFKNA\/\" target=\"_blank\" rel=\"noopener noreferrer\">medios locales<\/a>.<\/p>\n<p>Miembros del personal de Control de Orden P\u00fablico de Carabineros, tres de los cuales resultaron <strong>heridos con trauma ac\u00fastico<\/strong>, utilizaron ca\u00f1ones de agua para dispersar la protesta, que congreg\u00f3 a m\u00e1s de cien personas. En el sector de Plaza Baquedano y Puente P\u00edo Nono, los manifestantes levantaron barricadas, seg\u00fan las fuerzas del orden.<\/p>\n<p>El tr\u00e1fico en la zona fue cortado durante casi dos horas. Asimismo, los accesos a las estaciones de metro Universidad Cat\u00f3lica y Baquedano fueron cerrados con car\u00e1cter temporal debido a la presencia de manifestantes en los alrededores.<\/p>\n<p><strong><em>\u00bfTe ha parecido interesante? \u00a1D\u00e9janos tu opini\u00f3n en los comentarios!<\/em><\/strong><\/p>\n<\/div>\n","protected":false},"excerpt":{"rendered":"<p>Publicado: 4 sep 2021 03:30 GMT Al menos 13 personas han sido detenidas, una de ellas por llevar un elemento incendiario, durante una manifestaci\u00f3n convocada este viernes en la Plaza Italia de Santiago de Chile para exigir la liberaci\u00f3n de los presos pol\u00edticos del estallido social de 2019-2020, informan medios locales. Miembros del personal de [&hellip;]<\/p>\n","protected":false},"author":1,"featured_media":20375,"comment_status":"closed","ping_status":"closed","sticky":false,"template":"","format":"standard","meta":[],"categories":[22],"tags":[],"_links":{"self":[{"href":"http:\/\/cordobainforma.info\/index.php\/wp-json\/wp\/v2\/posts\/20374"}],"collection":[{"href":"http:\/\/cordobainforma.info\/index.php\/wp-json\/wp\/v2\/posts"}],"about":[{"href":"http:\/\/cordobainforma.info\/index.php\/wp-json\/wp\/v2\/types\/post"}],"author":[{"embeddable":true,"href":"http:\/\/cordobainforma.info\/index.php\/wp-json\/wp\/v2\/users\/1"}],"replies":[{"embeddable":true,"href":"http:\/\/cordobainforma.info\/index.php\/wp-json\/wp\/v2\/comments?post=20374"}],"version-history":[{"count":0,"href":"http:\/\/cordobainforma.info\/index.php\/wp-json\/wp\/v2\/posts\/20374\/revisions"}],"wp:featuredmedia":[{"embeddable":true,"href":"http:\/\/cordobainforma.info\/index.php\/wp-json\/wp\/v2\/media\/20375"}],"wp:attachment":[{"href":"http:\/\/cordobainforma.info\/index.php\/wp-json\/wp\/v2\/media?parent=20374"}],"wp:term":[{"taxonomy":"category","embeddable":true,"href":"http:\/\/cordobainforma.info\/index.php\/wp-json\/wp\/v2\/categories?post=20374"},{"taxonomy":"post_tag","embeddable":true,"href":"http:\/\/cordobainforma.info\/index.php\/wp-json\/wp\/v2\/tags?post=20374"}],"curies":[{"name":"wp","href":"https:\/\/api.w.org\/{rel}","templated":true}]}}