{"id":20334,"date":"2021-09-03T23:10:25","date_gmt":"2021-09-03T23:10:25","guid":{"rendered":"https:\/\/www.clarin.com\/deportes\/boxeadora-fallece-canada-noqueada-pelea_0_JibYXNj88.html"},"modified":"2021-09-03T23:10:25","modified_gmt":"2021-09-03T23:10:25","slug":"conmocion-en-el-boxeo-murio-una-mexicana-de-18-anos-tras-haber-sido-noqueada","status":"publish","type":"post","link":"http:\/\/cordobainforma.info\/index.php\/2021\/09\/03\/conmocion-en-el-boxeo-murio-una-mexicana-de-18-anos-tras-haber-sido-noqueada\/","title":{"rendered":"Conmoci\u00f3n en el boxeo: muri\u00f3 una mexicana de 18 a\u00f1os tras haber sido noqueada"},"content":{"rendered":"<p><img src=\"http:\/\/cordobainforma.info\/wp-content\/uploads\/2021\/09\/conmocion-en-el-boxeo-murio-una-mexicana-de-18-anos-tras-haber-sido-noqueada.jpg\"><\/p>\n<div><img src=\"http:\/\/cordobainforma.info\/wp-content\/uploads\/2021\/09\/conmocion-en-el-boxeo-murio-una-mexicana-de-18-anos-tras-haber-sido-noqueada-2.jpg\" class=\"ff-og-image-inserted\"><\/div>\n<p>El mundo del <a alt=\"boxeo\" class=\"slug\" href=\"https:\/\/www.clarin.com\/tema\/boxeo.html\" target=\"_blank\" title=\"boxeo\" rel=\"noopener noreferrer\">boxeo<\/a> esta de luto. El pasado jueves falleci\u00f3 <strong>Jeanette Zacar\u00edas Zapata<\/strong>, boxeadora <a alt=\"mexico\" class=\"slug\" href=\"https:\/\/www.clarin.com\/tema\/mexico.html\" target=\"_blank\" title=\"mexico\" rel=\"noopener noreferrer\">mexicana<\/a> <strong>de tan solo 18 a\u00f1os<\/strong>, tras estar cinco d\u00edas en coma inducido luego de recibir duros golpes durante la pelea ante la canadiense Marie-Pier Houle el pasado s\u00e1bado, en en <a alt=\"canada\" class=\"slug\" href=\"https:\/\/www.clarin.com\/tema\/canada.html\" target=\"_blank\" title=\"canada\" rel=\"noopener noreferrer\">Montreal<\/a>.<\/p>\n<div class=\"sp__Normal htmlLibre\">\n<div class=\"embed-responsive-c\" readability=\"6.1038961038961\">\n<blockquote class=\"twitter-tweet\" readability=\"6.5108225108225\">\n<p lang=\"es\" dir=\"ltr\">Descanse en paz Jeanette Zacarias Zapata boxeadora mexicana quien muri\u00f3 haciendo lo que ella amaba. <\/p>\n<p>Una pena que haya sido a una corta edad. <a href=\"https:\/\/t.co\/rojLwagAzB\">pic.twitter.com\/rojLwagAzB<\/a><\/p>\n<p>\u2014 El Hombre Tantarr\u00eda\u26aa (@Killer________) <a href=\"https:\/\/twitter.com\/Killer________\/status\/1433599438375825408?ref_src=twsrc%5Etfw\">September 3, 2021<\/a><\/p><\/blockquote><\/div>\n<\/div>\n<p>En el transcurso del cuarto round de la pelea, la boxeadora mexicana fue noqueada por la canadiense, por lo que el refer\u00ed&nbsp;decidi\u00f3 frenar la pelea. En ese momento Zacar\u00edas Zapatas fue a su esquina junto a su equipo donde<strong> cay\u00f3 desplomada al piso y empez\u00f3 a sufrir convulsiones<\/strong>. R\u00e1pidamente recibi\u00f3 asistencia m\u00e9dica y minutos m\u00e1s tarde fue trasladada a una cl\u00ednica en Montreal donde fue inducida a coma.&nbsp;&nbsp;<\/p>\n<p>\u00bb<strong>Con gran tristeza y aflicci\u00f3n nos enteramos que Jeanette Zacar\u00edas nos ha dejado. <\/strong>Todo el equipo de Grupo Yvo Michel est\u00e1 sumamente consternado por este doloroso anuncio\u00bb, comunic\u00f3 a trav\u00e9s de su cuenta de Twitter el Grupo Yvo Michel, empresa promotora de la pelea.<\/p>\n<p>Adem\u00e1s, en el comunicado expresa sus condolencias para su familia y amigos: \u00bbQueremos ofrecer nuestro m\u00e1s sincero p\u00e9same a su familia, sus parientes, sus amigos y m\u00e1s en particular<strong> a su c\u00f3nyuge Jovanni Mart\u00ednez quien estuvo a su lado hasta el \u00faltimo momento\u00bb. <\/strong><\/p>\n<p><strong>\u200b<\/strong>Su familia no pudo estar con ella por no poseer pasaporte. Solamente su esposo, quien es tambi\u00e9n p\u00fagil pudo acompa\u00f1arla hasta el \u00faltimo d\u00eda. De todas formas, <strong>El Consejo Mundial de Boxeo, a trav\u00e9s de su presidente&nbsp;Mauricio Sulaim\u00e1n,&nbsp;ofreci\u00f3 ayuda a los familiares para acelerar la renovaci\u00f3n del pasaporte ante la Secretar\u00eda de Relaciones Exteriores, <\/strong>por lo que el jueves al mediod\u00eda su padre ten\u00eda los tramites resueltos pero no lleg\u00f3. <\/p>\n<h2><strong>Su corta carrera<\/strong><\/h2>\n<p>Jeanette Zacar\u00edas, m\u00e1s conocida como Chiquitiboom, en su corta carrera registr\u00f3 un total de seis peleas profesionales desde su comienzo el 27 de enero de 2018.<strong> Gan\u00f3 solo dos peleas y perdi\u00f3 las otras cuatro, de las cuales tres fueron por nocaut. \u200b<\/strong><\/p>\n<p>Al parecer<strong>, Zacar\u00edas era una muy buena opci\u00f3n como rival para Pier Houle, <\/strong>ya que no encontraba rivales tanto en Canad\u00e1 como en Estados Unidos, debido a las medidas sanitarias impuestas por el Covid 19. Es por esto, que la mexicana fue considerada una buena prueba, especialmente&nbsp;porque ambas ya hab\u00edan tenido una rival en com\u00fan a la que le&nbsp;hab\u00edan ganado, Ver\u00f3nica D\u00edaz Mar\u00edn.<\/p>\n<div class=\"entry-tags\">\n<h2>TEMAS QUE APARECEN EN ESTA NOTA<\/h2>\n<\/p><\/div>\n","protected":false},"excerpt":{"rendered":"<p>El mundo del boxeo esta de luto. El pasado jueves falleci\u00f3 Jeanette Zacar\u00edas Zapata, boxeadora mexicana de tan solo 18 a\u00f1os, tras estar cinco d\u00edas en coma inducido luego de recibir duros golpes durante la pelea ante la canadiense Marie-Pier Houle el pasado s\u00e1bado, en en Montreal. Descanse en paz Jeanette Zacarias Zapata boxeadora mexicana [&hellip;]<\/p>\n","protected":false},"author":1,"featured_media":20335,"comment_status":"closed","ping_status":"closed","sticky":false,"template":"","format":"standard","meta":[],"categories":[20],"tags":[],"_links":{"self":[{"href":"http:\/\/cordobainforma.info\/index.php\/wp-json\/wp\/v2\/posts\/20334"}],"collection":[{"href":"http:\/\/cordobainforma.info\/index.php\/wp-json\/wp\/v2\/posts"}],"about":[{"href":"http:\/\/cordobainforma.info\/index.php\/wp-json\/wp\/v2\/types\/post"}],"author":[{"embeddable":true,"href":"http:\/\/cordobainforma.info\/index.php\/wp-json\/wp\/v2\/users\/1"}],"replies":[{"embeddable":true,"href":"http:\/\/cordobainforma.info\/index.php\/wp-json\/wp\/v2\/comments?post=20334"}],"version-history":[{"count":0,"href":"http:\/\/cordobainforma.info\/index.php\/wp-json\/wp\/v2\/posts\/20334\/revisions"}],"wp:featuredmedia":[{"embeddable":true,"href":"http:\/\/cordobainforma.info\/index.php\/wp-json\/wp\/v2\/media\/20335"}],"wp:attachment":[{"href":"http:\/\/cordobainforma.info\/index.php\/wp-json\/wp\/v2\/media?parent=20334"}],"wp:term":[{"taxonomy":"category","embeddable":true,"href":"http:\/\/cordobainforma.info\/index.php\/wp-json\/wp\/v2\/categories?post=20334"},{"taxonomy":"post_tag","embeddable":true,"href":"http:\/\/cordobainforma.info\/index.php\/wp-json\/wp\/v2\/tags?post=20334"}],"curies":[{"name":"wp","href":"https:\/\/api.w.org\/{rel}","templated":true}]}}