{"id":20330,"date":"2021-09-04T03:14:09","date_gmt":"2021-09-04T03:14:09","guid":{"rendered":"https:\/\/www.clarin.com\/deportes\/gesta-argentina-juegos-paralimpicos-alexis-chavez-medalla-bronce-100-metros-t36_0_qD8M8AfqQ.html"},"modified":"2021-09-04T03:14:09","modified_gmt":"2021-09-04T03:14:09","slug":"otra-gesta-argentina-en-los-juegos-paralimpicos-alexis-chavez-medalla-de-bronce-en-100-metros-t36","status":"publish","type":"post","link":"http:\/\/cordobainforma.info\/index.php\/2021\/09\/04\/otra-gesta-argentina-en-los-juegos-paralimpicos-alexis-chavez-medalla-de-bronce-en-100-metros-t36\/","title":{"rendered":"Otra gesta argentina en los Juegos Paral\u00edmpicos: Alexis Ch\u00e1vez, medalla de bronce en 100 metros T36"},"content":{"rendered":"<p><img src=\"http:\/\/cordobainforma.info\/wp-content\/uploads\/2021\/09\/otra-gesta-argentina-en-los-juegos-paralimpicos-alexis-chavez-medalla-de-bronce-en-100-metros-t36.jpg\"><\/p>\n<div><img src=\"http:\/\/cordobainforma.info\/wp-content\/uploads\/2021\/09\/otra-gesta-argentina-en-los-juegos-paralimpicos-alexis-chavez-medalla-de-bronce-en-100-metros-t36-2.jpg\" class=\"ff-og-image-inserted\"><\/div>\n<p>El pergaminense <strong>Alexis Ch\u00e1vez gan\u00f3 la medalla de bronce en los 100 metros T36<\/strong> de los <a href=\"https:\/\/www.clarin.com\/tema\/juegos-paralimpicos.html\" class=\"slug automatic\" alt=\"juegos-paralimpicos\" title=\"juegos-paralimpicos\" target=\"_blank\" rel=\"noopener noreferrer\">Juegos Paral\u00edmpicos<\/a>. Con un tiempo de 12s02, fue tercero en la competencia por detr\u00e1s del chino Deng Peicheng (11s85) y el australiano James Turner (12s02). Con las ocho medallas que acumula la delegaci\u00f3n <a href=\"https:\/\/www.clarin.com\/tema\/argentina.html\" class=\"slug automatic\" alt=\"argentina\" title=\"argentina\" target=\"_blank\" rel=\"noopener noreferrer\">argentina<\/a>, este Tokio 2020 se erige como<strong> la mejor actuaci\u00f3n albiceleste<\/strong> desde las 9 preseas en <a href=\"https:\/\/www.clarin.com\/tema\/atlanta.html\" class=\"slug automatic\" alt=\"atlanta\" title=\"atlanta\" target=\"_blank\" rel=\"noopener noreferrer\">Atlanta<\/a> 1996.<\/p>\n<p>Ch\u00e1vez cierra as\u00ed una estupenda actuaci\u00f3n personal, que incluy\u00f3 <strong>el r\u00e9cord continental&nbsp;<\/strong>(11s91) en la clasificaci\u00f3n. Haber repetido le hubiera valido la plata, pero vaya carrera que hizo el argentino, quien igualmente se subi\u00f3 al podio.<\/p>\n<p>Adem\u00e1s de ser la octava medalla argentina en estos Juegos, tambi\u00e9n se trata de la quinta para el <a href=\"https:\/\/www.clarin.com\/tema\/atletismo.html\" class=\"slug automatic\" alt=\"atletismo\" title=\"atletismo\" target=\"_blank\" rel=\"noopener noreferrer\">atletismo<\/a>, disciplina que le aporta al pa\u00eds como ninguna otra si de Paral\u00edmpicos se trata (un total de<strong> 81 en la historia<\/strong>, seguida por la nataci\u00f3n con 64).<\/p>\n<p>Antes de Ch\u00e1vez, hab\u00edan conseguido la medalla de plata de <strong>Brian Impellizzeri<\/strong> (salto en largo T37) y <a href=\"https:\/\/www.clarin.com\/tema\/hernan-urra.html\" class=\"slug automatic\" alt=\"hernan-urra\" title=\"hernan-urra\" target=\"_blank\" rel=\"noopener noreferrer\">Hern\u00e1n Urra<\/a> (lanzamiento de bala F35), as\u00ed como tambi\u00e9n hab\u00edan obtenido bronces <strong>Antonella Ruiz D\u00edaz<\/strong> (bala F41) y la abanderada <strong>Yanina Mart\u00ednez<\/strong> (200 metros T36).<\/p>\n<p>Dos medallas vinieron por el lado de la nataci\u00f3n, con las plateadas de Fernando Carlomagno (100 metros espalda S7) y <strong>Mat\u00edas De Andrade<\/strong> (100 metros espalda S6). <\/p>\n<p>El <a href=\"https:\/\/www.clarin.com\/tema\/taekwondo.html\" class=\"slug automatic\" alt=\"taekwondo\" title=\"taekwondo\" target=\"_blank\" rel=\"noopener noreferrer\">taekwondo<\/a>, en tanto, hab\u00eda aportado la \u00faltima hasta este viernes, producto del bronce que logr\u00f3<strong> Juan Samorano <\/strong>en la categor\u00eda K44 hasta 75 kilos.<\/p>\n<p>En la madrugada del s\u00e1bado la delegaci\u00f3n argentina tendr\u00e1 una nueva chance de subirse al podio cuando <strong>Los Murci\u00e9lagos<\/strong>, el seleccionado de f\u00fatbol 5, se enfrenten a <a href=\"https:\/\/www.clarin.com\/tema\/brasil.html\" class=\"slug automatic\" alt=\"brasil\" title=\"brasil\" target=\"_blank\" rel=\"noopener noreferrer\">Brasil<\/a>, cu\u00e1druple campe\u00f3n paral\u00edmpico, por el partido que definir\u00e1 <strong>la medalla de oro<\/strong>. \u00bfLograr\u00e1n la primera dorada de esta edici\u00f3n ante el gran candidato?<\/p>\n<div class=\"entry-tags\">\n<h2>TEMAS QUE APARECEN EN ESTA NOTA<\/h2>\n<\/p><\/div>\n","protected":false},"excerpt":{"rendered":"<p>El pergaminense Alexis Ch\u00e1vez gan\u00f3 la medalla de bronce en los 100 metros T36 de los Juegos Paral\u00edmpicos. Con un tiempo de 12s02, fue tercero en la competencia por detr\u00e1s del chino Deng Peicheng (11s85) y el australiano James Turner (12s02). Con las ocho medallas que acumula la delegaci\u00f3n argentina, este Tokio 2020 se erige [&hellip;]<\/p>\n","protected":false},"author":1,"featured_media":20331,"comment_status":"closed","ping_status":"closed","sticky":false,"template":"","format":"standard","meta":[],"categories":[20],"tags":[],"_links":{"self":[{"href":"http:\/\/cordobainforma.info\/index.php\/wp-json\/wp\/v2\/posts\/20330"}],"collection":[{"href":"http:\/\/cordobainforma.info\/index.php\/wp-json\/wp\/v2\/posts"}],"about":[{"href":"http:\/\/cordobainforma.info\/index.php\/wp-json\/wp\/v2\/types\/post"}],"author":[{"embeddable":true,"href":"http:\/\/cordobainforma.info\/index.php\/wp-json\/wp\/v2\/users\/1"}],"replies":[{"embeddable":true,"href":"http:\/\/cordobainforma.info\/index.php\/wp-json\/wp\/v2\/comments?post=20330"}],"version-history":[{"count":0,"href":"http:\/\/cordobainforma.info\/index.php\/wp-json\/wp\/v2\/posts\/20330\/revisions"}],"wp:featuredmedia":[{"embeddable":true,"href":"http:\/\/cordobainforma.info\/index.php\/wp-json\/wp\/v2\/media\/20331"}],"wp:attachment":[{"href":"http:\/\/cordobainforma.info\/index.php\/wp-json\/wp\/v2\/media?parent=20330"}],"wp:term":[{"taxonomy":"category","embeddable":true,"href":"http:\/\/cordobainforma.info\/index.php\/wp-json\/wp\/v2\/categories?post=20330"},{"taxonomy":"post_tag","embeddable":true,"href":"http:\/\/cordobainforma.info\/index.php\/wp-json\/wp\/v2\/tags?post=20330"}],"curies":[{"name":"wp","href":"https:\/\/api.w.org\/{rel}","templated":true}]}}