{"id":20324,"date":"2021-09-03T19:20:00","date_gmt":"2021-09-03T19:20:00","guid":{"rendered":"https:\/\/ahora.com.ar\/\/alarma-river-biscay-tiene-coronavirus-n4244871"},"modified":"2021-09-03T19:20:00","modified_gmt":"2021-09-03T19:20:00","slug":"alarma-en-river-biscay-tiene-coronavirus","status":"publish","type":"post","link":"http:\/\/cordobainforma.info\/index.php\/2021\/09\/03\/alarma-en-river-biscay-tiene-coronavirus\/","title":{"rendered":"Alarma en River: Biscay tiene coronavirus"},"content":{"rendered":"<div><img src=\"http:\/\/cordobainforma.info\/wp-content\/uploads\/2021\/09\/alarma-en-river-biscay-tiene-coronavirus.jpg\" class=\"ff-og-image-inserted\"><\/div>\n<div id=\"article-post\">\n<header class=\"article-info-wrapper\" readability=\"29.217391304348\">\n<p><span class=\"fecha-detallenota\">03 de septiembre de 2021 &#8211; 16:09<\/span><\/p>\n<p class=\"interiorCopete\"> \u00bfA\u00cdSLAN A TODO EL PLANTEL DE RIVER? #Coronavirus<br \/>\nAlarma: el ayudante de Gallardo dio positivo, luego de un almuerzo con el plantel. \u00bfGallardo deber\u00e1 jugar con la Reserva?<\/p>\n<\/header>\n<\/div>\n<div id=\"article-post\">\n<div class=\"cuerpo\" data-twitter-link=\"https:\/\/twitter.com\/intent\/tweet?url=https:\/\/ahora.com.ar\/c4244871&amp;via=PlataformaAhora&amp;related=Ahora&amp;text=\" readability=\"14.228295819936\">\n<p><strong><a href=\"http:\/\/ahora.com.ar\/river-a7419\" class=\"agrupador\" rel=\"7419\">River<\/a>,<\/strong> a trav\u00e9s de sus redes sociales confirm\u00f3 que <strong>Mat\u00edas Biscay<\/strong>, principal ayudante de campo de <strong>Marcelo Gallardo<\/strong>, dio positivo de <a href=\"http:\/\/ahora.com.ar\/coronavirus-a9458\" class=\"agrupador\" rel=\"9458\">coronavirus<\/a> en la \u00faltima ronda de hisopados, algo que puso en alerta al club por temor a un brote interno. Ante la noticia, Biscay se retir\u00f3 del establecimiento y fue aislado.<\/p>\n<\/div>\n<\/div>\n<div id=\"article-post\">\n<div class=\"cuerpo\" data-twitter-link=\"https:\/\/twitter.com\/intent\/tweet?url=https:\/\/ahora.com.ar\/c4244871&amp;via=PlataformaAhora&amp;related=Ahora&amp;text=\" readability=\"15.994497936726\">\n<p>Biscay, adem\u00e1s de ser la persona m\u00e1s cercana de Gallardo, fue uno de los comensales del almuerzo que llev\u00f3 a cabo junto al plantel el jueves en el River Camp.<\/p>\n<p>Por lo pronto, desde River <strong>descartan aislar al resto del cuerpo t\u00e9cnico y evaluar\u00e1n la situaci\u00f3n en base a la aparici\u00f3n de s\u00edntomas en otras personas<\/strong>, si es que se presentan. Por lo pronto, los resultados tanto del plantel como del cuerpo t\u00e9cnico fueron todos negativos.<\/p>\n<div id=\"embed93_wrap\" class=\"embed_cont type_freetext\">\n<p><span onclick=\"parent.parent.TinyMCETdcuerpo.preview_embed('embed93')\" class=\"embed_colapse less\" id=\"embed93_colapse\"><\/span> Embed<\/p>\n<div id=\"embed93_content\" class=\"embed_content\">\n<div id=\"embed93_embed\" readability=\"6.3563829787234\">\n<blockquote class=\"twitter-tweet\" readability=\"6.7801418439716\">\n<p dir=\"ltr\" lang=\"es\">\u2139\ufe0f [Parte M\u00e9dico] En los testeos realizados esta ma\u00f1ana, Mat\u00edas Biscay dio positivo de Covid-19. El resto de los hisopados a los integrantes del plantel y cuerpo t\u00e9cnico arrojaron resultado negativo. <a href=\"https:\/\/t.co\/Hv9DOhw31h\">pic.twitter.com\/Hv9DOhw31h<\/a><\/p>\n<p> \u2014 River Plate (@RiverPlate) <a href=\"https:\/\/twitter.com\/RiverPlate\/status\/1433793199441694741?ref_src=twsrc%5Etfw\">September 3, 2021<\/a><\/p><\/blockquote><\/div><\/div><\/div><\/div>\n<\/div>\n","protected":false},"excerpt":{"rendered":"<p>03 de septiembre de 2021 &#8211; 16:09 \u00bfA\u00cdSLAN A TODO EL PLANTEL DE RIVER? #Coronavirus Alarma: el ayudante de Gallardo dio positivo, luego de un almuerzo con el plantel. \u00bfGallardo deber\u00e1 jugar con la Reserva? River, a trav\u00e9s de sus redes sociales confirm\u00f3 que Mat\u00edas Biscay, principal ayudante de campo de Marcelo Gallardo, dio positivo [&hellip;]<\/p>\n","protected":false},"author":1,"featured_media":20325,"comment_status":"closed","ping_status":"closed","sticky":false,"template":"","format":"standard","meta":[],"categories":[20],"tags":[],"_links":{"self":[{"href":"http:\/\/cordobainforma.info\/index.php\/wp-json\/wp\/v2\/posts\/20324"}],"collection":[{"href":"http:\/\/cordobainforma.info\/index.php\/wp-json\/wp\/v2\/posts"}],"about":[{"href":"http:\/\/cordobainforma.info\/index.php\/wp-json\/wp\/v2\/types\/post"}],"author":[{"embeddable":true,"href":"http:\/\/cordobainforma.info\/index.php\/wp-json\/wp\/v2\/users\/1"}],"replies":[{"embeddable":true,"href":"http:\/\/cordobainforma.info\/index.php\/wp-json\/wp\/v2\/comments?post=20324"}],"version-history":[{"count":0,"href":"http:\/\/cordobainforma.info\/index.php\/wp-json\/wp\/v2\/posts\/20324\/revisions"}],"wp:featuredmedia":[{"embeddable":true,"href":"http:\/\/cordobainforma.info\/index.php\/wp-json\/wp\/v2\/media\/20325"}],"wp:attachment":[{"href":"http:\/\/cordobainforma.info\/index.php\/wp-json\/wp\/v2\/media?parent=20324"}],"wp:term":[{"taxonomy":"category","embeddable":true,"href":"http:\/\/cordobainforma.info\/index.php\/wp-json\/wp\/v2\/categories?post=20324"},{"taxonomy":"post_tag","embeddable":true,"href":"http:\/\/cordobainforma.info\/index.php\/wp-json\/wp\/v2\/tags?post=20324"}],"curies":[{"name":"wp","href":"https:\/\/api.w.org\/{rel}","templated":true}]}}